{"id":99,"date":"2006-08-25T20:29:00","date_gmt":"2006-08-25T18:29:00","guid":{"rendered":"https:\/\/www.ramonramon.org\/blog\/2006\/08\/25\/continua-el-duro-y-apasionante-e-veranoorg\/"},"modified":"2006-08-25T20:29:00","modified_gmt":"2006-08-25T18:29:00","slug":"continua-el-duro-y-apasionante-e-veranoorg","status":"publish","type":"post","link":"https:\/\/ramonramon.org\/blog\/2006\/08\/25\/continua-el-duro-y-apasionante-e-veranoorg\/","title":{"rendered":"Continua el duro y apasionante e-verano.org"},"content":{"rendered":"<p align=\"justify\">Tras varios d\u00edas de interesante y apasionantes encuentros, charlas, talleres,.. logro tener un huequecillo para por fin actualizar mi blog y sobre todo subir algunas fotos.  Lamentablemente son tantos los ponentes, amigos y compa\u00f1eros que est\u00e1n participando y tienen tanto que ense\u00f1arme que como en anteriores ediciones no encuentro un hueco para otra cosa.  Pero&#8230; quien puede renunciar a compartir una charla o una r\u00e1pida explicaci\u00f3n, o incluso un caf\u00e9??<\/p>\n<p align=\"justify\">Adem\u00e1s y con respecto al mundo de las bit\u00e1coras, ayer pudimos disfrutar de una impresionante tertulia en compa\u00f1\u00eda de JJ, Fernand0 y Sonia, que sin son admirables como bloggers, a\u00fan m\u00e1s como personas.<\/p>\n<p align=\"justify\"><a href=\"http:\/\/www.flickr.com\/photos\/ramonramon\/sets\/72157594251188553\/\">Las primeras fotos del e-verano.org: una mirada a la Sociedad Libre<\/a><\/p>\n","protected":false},"excerpt":{"rendered":"<p>Tras varios d\u00edas de interesante y apasionantes encuentros, charlas, talleres,.. logro tener un huequecillo para por fin actualizar mi blog y sobre todo subir algunas fotos. Lamentablemente son tantos los ponentes, amigos y compa\u00f1eros que est\u00e1n participando y tienen tanto que ense\u00f1arme que como en anteriores ediciones no encuentro un hueco para otra cosa. Pero&#8230;&hellip;&nbsp;<a href=\"https:\/\/ramonramon.org\/blog\/2006\/08\/25\/continua-el-duro-y-apasionante-e-veranoorg\/\" rel=\"bookmark\">Leer m\u00e1s &raquo;<span class=\"screen-reader-text\">Continua el duro y apasionante e-verano.org<\/span><\/a><\/p>\n","protected":false},"author":2070,"featured_media":0,"comment_status":"open","ping_status":"open","sticky":false,"template":"","format":"standard","meta":{"neve_meta_sidebar":"","neve_meta_container":"","neve_meta_enable_content_width":"","neve_meta_content_width":0,"neve_meta_title_alignment":"","neve_meta_author_avatar":"","neve_post_elements_order":"","neve_meta_disable_header":"","neve_meta_disable_footer":"","neve_meta_disable_title":"","footnotes":""},"categories":[23],"tags":[],"class_list":["post-99","post","type-post","status-publish","format-standard","hentry","category-personal"],"aioseo_notices":[],"_links":{"self":[{"href":"https:\/\/ramonramon.org\/blog\/wp-json\/wp\/v2\/posts\/99","targetHints":{"allow":["GET"]}}],"collection":[{"href":"https:\/\/ramonramon.org\/blog\/wp-json\/wp\/v2\/posts"}],"about":[{"href":"https:\/\/ramonramon.org\/blog\/wp-json\/wp\/v2\/types\/post"}],"author":[{"embeddable":true,"href":"https:\/\/ramonramon.org\/blog\/wp-json\/wp\/v2\/users\/2070"}],"replies":[{"embeddable":true,"href":"https:\/\/ramonramon.org\/blog\/wp-json\/wp\/v2\/comments?post=99"}],"version-history":[{"count":0,"href":"https:\/\/ramonramon.org\/blog\/wp-json\/wp\/v2\/posts\/99\/revisions"}],"wp:attachment":[{"href":"https:\/\/ramonramon.org\/blog\/wp-json\/wp\/v2\/media?parent=99"}],"wp:term":[{"taxonomy":"category","embeddable":true,"href":"https:\/\/ramonramon.org\/blog\/wp-json\/wp\/v2\/categories?post=99"},{"taxonomy":"post_tag","embeddable":true,"href":"https:\/\/ramonramon.org\/blog\/wp-json\/wp\/v2\/tags?post=99"}],"curies":[{"name":"wp","href":"https:\/\/api.w.org\/{rel}","templated":true}]}}