{"id":98,"date":"2006-08-18T01:21:00","date_gmt":"2006-08-17T23:21:00","guid":{"rendered":"https:\/\/www.ramonramon.org\/blog\/2006\/08\/18\/comienza-fisicamente-el-e-verano-para-mi\/"},"modified":"2012-09-05T09:56:46","modified_gmt":"2012-09-05T07:56:46","slug":"comienza-fisicamente-el-e-verano-para-mi","status":"publish","type":"post","link":"https:\/\/ramonramon.org\/blog\/2006\/08\/18\/comienza-fisicamente-el-e-verano-para-mi\/","title":{"rendered":"Comienza f\u00edsicamente el e-verano para m\u00ed"},"content":{"rendered":"<div style=\"text-align: justify;\">Desde ma\u00f1ana estar\u00e9 en el Ceulaj, y aunque hay internet y cobertura wifi en todo el recinto, seguramente me conectar\u00e9 mucho menos, principalmente por todo el trabajo organizativo in-situ.  A\u00fan as\u00ed, sabes que si me necesitas, con bastante seguridad no me separar\u00e9 de mi Blackberry, as\u00ed que tarde o temprano contestar\u00e9 tu mail.<br \/>Espero poder seguir posteando con la regularidad de estas semanas y seguir escribiendo sobre todo lo que vaya aconteciendo en el e-verano.org.<br \/>Por lo pronto, como primicia adelantar que el pr\u00f3ximo <span style=\"font-weight: bold;\">25 de agosto<\/span>, dentro del e-verano y m\u00e1s concretamente de las 3JTASL, se celebrar\u00e1 el <span style=\"font-weight: bold;\">Primer Simposium sobre Interoperatibilidad y Estandares Abiertos en Inform\u00e1tica<\/span>.<\/div>\n","protected":false},"excerpt":{"rendered":"<p>Desde ma\u00f1ana estar\u00e9 en el Ceulaj, y aunque hay internet y cobertura wifi en todo el recinto, seguramente me conectar\u00e9 mucho menos, principalmente por todo el trabajo organizativo in-situ. A\u00fan as\u00ed, sabes que si me necesitas, con bastante seguridad no me separar\u00e9 de mi Blackberry, as\u00ed que tarde o temprano contestar\u00e9 tu mail.Espero poder seguir&hellip;&nbsp;<a href=\"https:\/\/ramonramon.org\/blog\/2006\/08\/18\/comienza-fisicamente-el-e-verano-para-mi\/\" rel=\"bookmark\">Leer m\u00e1s &raquo;<span class=\"screen-reader-text\">Comienza f\u00edsicamente el e-verano para m\u00ed<\/span><\/a><\/p>\n","protected":false},"author":2070,"featured_media":0,"comment_status":"open","ping_status":"open","sticky":false,"template":"","format":"standard","meta":{"neve_meta_sidebar":"","neve_meta_container":"","neve_meta_enable_content_width":"","neve_meta_content_width":0,"neve_meta_title_alignment":"","neve_meta_author_avatar":"","neve_post_elements_order":"","neve_meta_disable_header":"","neve_meta_disable_footer":"","neve_meta_disable_title":"","footnotes":""},"categories":[23],"tags":[],"class_list":["post-98","post","type-post","status-publish","format-standard","hentry","category-personal"],"aioseo_notices":[],"_links":{"self":[{"href":"https:\/\/ramonramon.org\/blog\/wp-json\/wp\/v2\/posts\/98","targetHints":{"allow":["GET"]}}],"collection":[{"href":"https:\/\/ramonramon.org\/blog\/wp-json\/wp\/v2\/posts"}],"about":[{"href":"https:\/\/ramonramon.org\/blog\/wp-json\/wp\/v2\/types\/post"}],"author":[{"embeddable":true,"href":"https:\/\/ramonramon.org\/blog\/wp-json\/wp\/v2\/users\/2070"}],"replies":[{"embeddable":true,"href":"https:\/\/ramonramon.org\/blog\/wp-json\/wp\/v2\/comments?post=98"}],"version-history":[{"count":0,"href":"https:\/\/ramonramon.org\/blog\/wp-json\/wp\/v2\/posts\/98\/revisions"}],"wp:attachment":[{"href":"https:\/\/ramonramon.org\/blog\/wp-json\/wp\/v2\/media?parent=98"}],"wp:term":[{"taxonomy":"category","embeddable":true,"href":"https:\/\/ramonramon.org\/blog\/wp-json\/wp\/v2\/categories?post=98"},{"taxonomy":"post_tag","embeddable":true,"href":"https:\/\/ramonramon.org\/blog\/wp-json\/wp\/v2\/tags?post=98"}],"curies":[{"name":"wp","href":"https:\/\/api.w.org\/{rel}","templated":true}]}}