{"id":924,"date":"2008-12-20T14:28:18","date_gmt":"2008-12-20T13:28:18","guid":{"rendered":"https:\/\/www.ramonramon.org\/blog\/?p=924"},"modified":"2020-03-22T13:02:00","modified_gmt":"2020-03-22T12:02:00","slug":"comidas-de-navidad-gran-ambiente-e-inmejorables-sentimientos","status":"publish","type":"post","link":"https:\/\/ramonramon.org\/blog\/2008\/12\/20\/comidas-de-navidad-gran-ambiente-e-inmejorables-sentimientos\/","title":{"rendered":"Comidas de navidad, gran ambiente e inmejorables sentimientos"},"content":{"rendered":"<p>LLegan las fechas navide\u00f1as, las comidas\/cenas navide\u00f1as,\u00a0 el encuentro de amigos, compa\u00f1eros, el encuentro m\u00e1s personal y desenfadado de trabajadores,&#8230;.\u00a0 Ayer tuve la suerte de tener la comida de<a href=\"https:\/\/www.ramonramon.org\/blog\/?s=csyd\"> empresa<\/a>, a la que no falt\u00f3 nadie, ya somos 12:<a href=\"http:\/\/www.flickr.com\/photos\/ramonramon\/3121904815\/\"> Fran<\/a>, <a href=\"http:\/\/www.flickr.com\/photos\/ramonramon\/3121906435\/\">Aaron<\/a>, <a href=\"http:\/\/www.flickr.com\/photos\/ramonramon\/3122729462\/\">Edorta<\/a>, <a href=\"http:\/\/www.flickr.com\/photos\/ramonramon\/3122731310\/\">Paula<\/a>,<a href=\"http:\/\/www.flickr.com\/photos\/ramonramon\/3122736132\/\"> Carlos<\/a>, <a href=\"http:\/\/www.flickr.com\/photos\/ramonramon\/3121904343\/\">Antonio<\/a>,<a href=\"http:\/\/www.flickr.com\/photos\/ramonramon\/3121906009\/\"> Isabel<\/a>, <a href=\"http:\/\/www.flickr.com\/photos\/ramonramon\/3121905629\/\">Dani<\/a>, <a href=\"http:\/\/farm4.static.flickr.com\/3292\/3121909657_47006d5c6a_m.jpg\">Boluda<\/a>,<a href=\"http:\/\/www.flickr.com\/photos\/ramonramon\/3122733878\/\"> Fer<\/a> y <a href=\"http:\/\/www.flickr.com\/photos\/ramonramon\/3121909091\/\">Toni <\/a><\/p>\n<p>Y hoy, esta noche, otro momento especial, cena de navidad de Iniciativa Focus, a la que asistir\u00e1 no s\u00f3lo la gente de M\u00e1laga, sino tambi\u00e9n de otras partes,\u00a0 compa\u00f1eros y amigos, y seguro otro momento para el recuerdo.\u00a0 Si tienes ganas de venir, no dejes de avisar a la incomparable Elena, alma mater de este encuentro y causante de que entre otros participe gran parte de la directiva nacional y gran parte del grupo de universidad.\u00a0 La cena es a las 21:30 en Plaza Mayor.<\/p>\n","protected":false},"excerpt":{"rendered":"<p>LLegan las fechas navide\u00f1as, las comidas\/cenas navide\u00f1as,\u00a0 el encuentro de amigos, compa\u00f1eros, el encuentro m\u00e1s personal y desenfadado de trabajadores,&#8230;.\u00a0 Ayer tuve la suerte de tener la comida de empresa, a la que no falt\u00f3 nadie, ya somos 12: Fran, Aaron, Edorta, Paula, Carlos, Antonio, Isabel, Dani, Boluda, Fer y Toni Y hoy, esta noche,&hellip;&nbsp;<a href=\"https:\/\/ramonramon.org\/blog\/2008\/12\/20\/comidas-de-navidad-gran-ambiente-e-inmejorables-sentimientos\/\" rel=\"bookmark\">Leer m\u00e1s &raquo;<span class=\"screen-reader-text\">Comidas de navidad, gran ambiente e inmejorables sentimientos<\/span><\/a><\/p>\n","protected":false},"author":2070,"featured_media":0,"comment_status":"open","ping_status":"open","sticky":false,"template":"","format":"standard","meta":{"neve_meta_sidebar":"","neve_meta_container":"","neve_meta_enable_content_width":"","neve_meta_content_width":0,"neve_meta_title_alignment":"","neve_meta_author_avatar":"","neve_post_elements_order":"","neve_meta_disable_header":"","neve_meta_disable_footer":"","neve_meta_disable_title":"","footnotes":""},"categories":[23],"tags":[81,232,460,602],"class_list":["post-924","post","type-post","status-publish","format-standard","hentry","category-personal","tag-amigos","tag-csyd","tag-iniciativa-focus","tag-navidad"],"aioseo_notices":[],"_links":{"self":[{"href":"https:\/\/ramonramon.org\/blog\/wp-json\/wp\/v2\/posts\/924","targetHints":{"allow":["GET"]}}],"collection":[{"href":"https:\/\/ramonramon.org\/blog\/wp-json\/wp\/v2\/posts"}],"about":[{"href":"https:\/\/ramonramon.org\/blog\/wp-json\/wp\/v2\/types\/post"}],"author":[{"embeddable":true,"href":"https:\/\/ramonramon.org\/blog\/wp-json\/wp\/v2\/users\/2070"}],"replies":[{"embeddable":true,"href":"https:\/\/ramonramon.org\/blog\/wp-json\/wp\/v2\/comments?post=924"}],"version-history":[{"count":0,"href":"https:\/\/ramonramon.org\/blog\/wp-json\/wp\/v2\/posts\/924\/revisions"}],"wp:attachment":[{"href":"https:\/\/ramonramon.org\/blog\/wp-json\/wp\/v2\/media?parent=924"}],"wp:term":[{"taxonomy":"category","embeddable":true,"href":"https:\/\/ramonramon.org\/blog\/wp-json\/wp\/v2\/categories?post=924"},{"taxonomy":"post_tag","embeddable":true,"href":"https:\/\/ramonramon.org\/blog\/wp-json\/wp\/v2\/tags?post=924"}],"curies":[{"name":"wp","href":"https:\/\/api.w.org\/{rel}","templated":true}]}}