{"id":9102,"date":"2012-04-26T09:31:59","date_gmt":"2012-04-26T07:31:59","guid":{"rendered":"https:\/\/www.ramonramon.org\/blog\/?p=9102"},"modified":"2021-09-16T19:02:07","modified_gmt":"2021-09-16T17:02:07","slug":"maraton-de-empleo-y-autoempleo-en-alicante","status":"publish","type":"post","link":"https:\/\/ramonramon.org\/blog\/2012\/04\/26\/maraton-de-empleo-y-autoempleo-en-alicante\/","title":{"rendered":"Marat\u00f3n de Empleo y Autoempleo en Alicante"},"content":{"rendered":"<p>En un momento de profundo cambio de rumbo en el mercado del trabajo, el autoempleo se est\u00e1 convirtiendo en una de las opciones m\u00e1s valoradas por las personas que quieren incorporarse al mercado laboral. La Universidad de Alicante organiza a partir de hoy jueves 26 de abril un evento que cumple ya 14 ediciones. Se trata del Marat\u00f3n de Empleo y Autoempleo, cuyo objetivo prioritario es guiar a los universitarios en su futuro camino laboral.<\/p>\n<p>Dentro de los \u00e1mbitos que abarca este marat\u00f3n, est\u00e1n una serie de actividades, conferencias y charlas sobre las posibilidades actuales del autoempleo. Para los j\u00f3venes en fase de formaci\u00f3n o reci\u00e9n titulados, y que est\u00e9n buscando un empleo, esta salida es cada m\u00e1s valorada. La tradicional b\u00fasqueda de un contrato para trabajar en empresas por cuenta ajena se est\u00e1 tornando m\u00e1s dif\u00edcil a medida que la crisis econ\u00f3mica contin\u00faa presente.<\/p>\n<p>As\u00ed el evento contar\u00e1 con mesas de consultor\u00eda con el fin de asesorar a los j\u00f3venes en materia empresarial. Diferentes expertos en marketing, innovaci\u00f3n y recursos humanos ayudar\u00e1n los interesados en dar forma pr\u00e1ctica a sus ideas.<\/p>\n<p>Se trata de que los alumnos tengan un primer contacto con empresas del sector en el que quieran desarrollar su vida laboral para conocer de primera mano los entresijos del mundo de la empresa. Transformar una idea en algo tangible y viable desde el punto de vista empresarial es uno de los objetivos principales de Marat\u00f3n de Empleo.<\/p>\n<p>Por otro lado, varios representantes de importantes empresas estar\u00e1n presentes en el evento con el fin de dar a conocerse y establecer contacto con futuros trabajadores y emprendedores. Algunos de los conferenciantes tratar\u00e1n de animar a los j\u00f3venes para incorporarse al mercado laboral. En una situaci\u00f3n como la actual el miedo al futuro atenaza a los universitarios que dudan del sentido pr\u00e1ctico de sus estudios. Este marat\u00f3n tratar\u00e1 de devolver el entusiasmo a los estudiantes, mostr\u00e1ndoles la realidad del actual mercado laboral desde una \u00f3ptica positiva.<\/p>\n<p>La Universidad de Alicante prev\u00e9 que este evento vuelva a ser un \u00e9xito y los j\u00f3venes puedan ampliar sus conocimientos sobre el mundo de la empresa y el autoempleo con el fin de mejorar sus perspectivas de futuro.<\/p>\n","protected":false},"excerpt":{"rendered":"<p>En un momento de profundo cambio de rumbo en el mercado del trabajo, el autoempleo se est\u00e1 convirtiendo en una de las opciones m\u00e1s valoradas por las personas que quieren incorporarse al mercado laboral. La Universidad de Alicante organiza a partir de hoy jueves 26 de abril un evento que cumple ya 14 ediciones. Se&hellip;&nbsp;<a href=\"https:\/\/ramonramon.org\/blog\/2012\/04\/26\/maraton-de-empleo-y-autoempleo-en-alicante\/\" rel=\"bookmark\">Leer m\u00e1s &raquo;<span class=\"screen-reader-text\">Marat\u00f3n de Empleo y Autoempleo en Alicante<\/span><\/a><\/p>\n","protected":false},"author":2060,"featured_media":0,"comment_status":"open","ping_status":"open","sticky":false,"template":"","format":"standard","meta":{"neve_meta_sidebar":"","neve_meta_container":"","neve_meta_enable_content_width":"","neve_meta_content_width":0,"neve_meta_title_alignment":"","neve_meta_author_avatar":"","neve_post_elements_order":"","neve_meta_disable_header":"","neve_meta_disable_footer":"","neve_meta_disable_title":"","footnotes":""},"categories":[9],"tags":[1993,778],"class_list":["post-9102","post","type-post","status-publish","format-standard","hentry","category-empleo","tag-empleo","tag-trabajo"],"aioseo_notices":[],"_links":{"self":[{"href":"https:\/\/ramonramon.org\/blog\/wp-json\/wp\/v2\/posts\/9102","targetHints":{"allow":["GET"]}}],"collection":[{"href":"https:\/\/ramonramon.org\/blog\/wp-json\/wp\/v2\/posts"}],"about":[{"href":"https:\/\/ramonramon.org\/blog\/wp-json\/wp\/v2\/types\/post"}],"author":[{"embeddable":true,"href":"https:\/\/ramonramon.org\/blog\/wp-json\/wp\/v2\/users\/2060"}],"replies":[{"embeddable":true,"href":"https:\/\/ramonramon.org\/blog\/wp-json\/wp\/v2\/comments?post=9102"}],"version-history":[{"count":0,"href":"https:\/\/ramonramon.org\/blog\/wp-json\/wp\/v2\/posts\/9102\/revisions"}],"wp:attachment":[{"href":"https:\/\/ramonramon.org\/blog\/wp-json\/wp\/v2\/media?parent=9102"}],"wp:term":[{"taxonomy":"category","embeddable":true,"href":"https:\/\/ramonramon.org\/blog\/wp-json\/wp\/v2\/categories?post=9102"},{"taxonomy":"post_tag","embeddable":true,"href":"https:\/\/ramonramon.org\/blog\/wp-json\/wp\/v2\/tags?post=9102"}],"curies":[{"name":"wp","href":"https:\/\/api.w.org\/{rel}","templated":true}]}}