{"id":8645,"date":"2012-02-20T10:46:46","date_gmt":"2012-02-20T09:46:46","guid":{"rendered":"https:\/\/www.ramonramon.org\/blog\/?p=8645"},"modified":"2012-02-20T10:55:37","modified_gmt":"2012-02-20T09:55:37","slug":"buscando-empleo-en-las-redes-sociales-ii","status":"publish","type":"post","link":"https:\/\/ramonramon.org\/blog\/2012\/02\/20\/buscando-empleo-en-las-redes-sociales-ii\/","title":{"rendered":"Buscando empleo en las redes sociales (II)"},"content":{"rendered":"<p>Es evidente que siempre el <a href=\"https:\/\/www.ramonramon.org\/blog\/tag\/empleo\/\">empleo<\/a> ha sido uno de los temas recurrentes en este blog, as\u00ed como las redes sociales, lo que \u00faltimamente hago es poner en valor todas las posibilidades que surgen cuando se juntan ambos conceptos: <a href=\"https:\/\/www.ramonramon.org\/blog\/2011\/08\/31\/redes-sociales-y-empleabilidad\/\">Redes Sociales y empleabilidad<\/a>.<\/p>\n<p>Solo hay que ver algunos de los \u00faltimos\u00a0 posts: <a href=\"https:\/\/www.ramonramon.org\/blog\/2012\/02\/15\/busqueda-activa-de-empleo-mediantes-portales-y-herramientas-especificas-servicios-premium\/\">B\u00fasqueda activa de empleo mediantes portales y herramientas espec\u00edficas (servicios premium)<\/a> y <a href=\"https:\/\/www.ramonramon.org\/blog\/2012\/01\/23\/buscando-empleo-utilizando-las-redes-sociales\/\">Buscando empleo utilizando las redes sociales<\/a> para confirmarlo.<\/p>\n<p>La idea es simple, las redes sociales son otra herramienta m\u00e1s para comunicarnos, relacionarnos, informarnos, conocer,&#8230; que se suman a las ya tradicionales. Es <a href=\"https:\/\/www.ramonramon.org\/blog\/?s=EMPLEABILIDAD&amp;submit=Search\">aplicar las tecnolog\u00edas a lo que siempre se nos hab\u00eda dicho desde muy chiquitito<\/a>: \u00abSi est\u00e1s buscando trabajo, lo primero que tienes que hacer es cuidar tu imagen y comenzar a decirle a tdo@s que est\u00e1s en ello, seguro que alg\u00fan amigo, vecino, conocido, ex-compa\u00f1ero,&#8230; se entera de un trabajo que puede interesarte\u00bb.\u00a0 Ni m\u00e1s ni menos que sumar al mundo f\u00edsico de toda la vida, el tecnol\u00f3gico, o m\u00e1s concretamente el de las <em>Redes Sociales<\/em>.<\/p>\n<p>Si hace unas semanas <a href=\"https:\/\/www.ramonramon.org\/blog\/2012\/01\/23\/buscando-empleo-utilizando-las-redes-sociales\/\">colocaba unas infograf\u00edas de como hab\u00eda evolucionado la selecci\u00f3n de personal<\/a>, y como son cada d\u00eda m\u00e1s usada las redes antes de contratar a una persona, aqu\u00ed os traigo una nueva (via <a title=\"Infograf\u00edas en castellano\" href=\"http:\/\/infografiasencastellano.com\/\" rel=\"home\">Infograf\u00edas en castellano<\/a>):<\/p>\n<p><a href=\"https:\/\/www.ramonramon.org\/blog\/wp-content\/uploads\/buscandotrabajoenlasredessociales1.jpg\"><img loading=\"lazy\" decoding=\"async\" class=\"aligncenter size-full wp-image-8649\" title=\"Buscando trabajo en las redes sociales\" src=\"https:\/\/www.ramonramon.org\/blog\/wp-content\/uploads\/buscandotrabajoenlasredessociales1.jpg\" alt=\"Infograf\u00eda B\u00fasqueda Trabajo Redes Sociales\" width=\"584\" height=\"2058\" srcset=\"https:\/\/ramonramon.org\/blog\/wp-content\/uploads\/buscandotrabajoenlasredessociales1.jpg 584w, https:\/\/ramonramon.org\/blog\/wp-content\/uploads\/buscandotrabajoenlasredessociales1-40x141.jpg 40w\" sizes=\"auto, (max-width: 584px) 100vw, 584px\" \/><\/a><\/p>\n<p>Realmente son datos que siguen en ascenso, no hay que remontarse muy lejos, solo hay que ver las que <a href=\"https:\/\/www.ramonramon.org\/blog\/2011\/08\/31\/redes-sociales-y-empleabilidad\/\">aparec\u00edan en agosto de 2011<\/a>, para ver como siguen creciendo y creciendo las personas, empresas, reclutadores, entidades,&#8230; que recurren a las Redes.<\/p>\n<p style=\"text-align: right;\"><em><strong>\u00bfY t\u00fa, tienes un perfil cuidado y est\u00e1s utilizando las redes para buscar tu nuevo puesto laboral?<\/strong><\/em><\/p>\n","protected":false},"excerpt":{"rendered":"<p>Es evidente que siempre el empleo ha sido uno de los temas recurrentes en este blog, as\u00ed como las redes sociales, lo que \u00faltimamente hago es poner en valor todas las posibilidades que surgen cuando se juntan ambos conceptos: Redes Sociales y empleabilidad. Solo hay que ver algunos de los \u00faltimos\u00a0 posts: B\u00fasqueda activa de&hellip;&nbsp;<a href=\"https:\/\/ramonramon.org\/blog\/2012\/02\/20\/buscando-empleo-en-las-redes-sociales-ii\/\" rel=\"bookmark\">Leer m\u00e1s &raquo;<span class=\"screen-reader-text\">Buscando empleo en las redes sociales (II)<\/span><\/a><\/p>\n","protected":false},"author":2070,"featured_media":0,"comment_status":"open","ping_status":"open","sticky":false,"template":"","format":"standard","meta":{"neve_meta_sidebar":"","neve_meta_container":"","neve_meta_enable_content_width":"","neve_meta_content_width":0,"neve_meta_title_alignment":"","neve_meta_author_avatar":"","neve_post_elements_order":"","neve_meta_disable_header":"","neve_meta_disable_footer":"","neve_meta_disable_title":"","footnotes":""},"categories":[9,24],"tags":[1480,1993,1581,2001],"class_list":["post-8645","post","type-post","status-publish","format-standard","hentry","category-empleo","category-redes-sociales","tag-empleabilidad","tag-empleo","tag-infografia","tag-redes-sociales"],"aioseo_notices":[],"_links":{"self":[{"href":"https:\/\/ramonramon.org\/blog\/wp-json\/wp\/v2\/posts\/8645","targetHints":{"allow":["GET"]}}],"collection":[{"href":"https:\/\/ramonramon.org\/blog\/wp-json\/wp\/v2\/posts"}],"about":[{"href":"https:\/\/ramonramon.org\/blog\/wp-json\/wp\/v2\/types\/post"}],"author":[{"embeddable":true,"href":"https:\/\/ramonramon.org\/blog\/wp-json\/wp\/v2\/users\/2070"}],"replies":[{"embeddable":true,"href":"https:\/\/ramonramon.org\/blog\/wp-json\/wp\/v2\/comments?post=8645"}],"version-history":[{"count":0,"href":"https:\/\/ramonramon.org\/blog\/wp-json\/wp\/v2\/posts\/8645\/revisions"}],"wp:attachment":[{"href":"https:\/\/ramonramon.org\/blog\/wp-json\/wp\/v2\/media?parent=8645"}],"wp:term":[{"taxonomy":"category","embeddable":true,"href":"https:\/\/ramonramon.org\/blog\/wp-json\/wp\/v2\/categories?post=8645"},{"taxonomy":"post_tag","embeddable":true,"href":"https:\/\/ramonramon.org\/blog\/wp-json\/wp\/v2\/tags?post=8645"}],"curies":[{"name":"wp","href":"https:\/\/api.w.org\/{rel}","templated":true}]}}