{"id":8476,"date":"2012-01-25T16:49:57","date_gmt":"2012-01-25T15:49:57","guid":{"rendered":"https:\/\/www.ramonramon.org\/blog\/?p=8476"},"modified":"2020-03-22T13:46:15","modified_gmt":"2020-03-22T12:46:15","slug":"sobre-paraguay-y-las-dictaduras","status":"publish","type":"post","link":"https:\/\/ramonramon.org\/blog\/2012\/01\/25\/sobre-paraguay-y-las-dictaduras\/","title":{"rendered":"Sobre Paraguay y las dictaduras"},"content":{"rendered":"<p>Como quiera que cualquier cosa que me suene a Paraguay siempre me llama mucho la atenci\u00f3n, que adem\u00e1s en estos d\u00edas volvemos a escuchar en todos los telediarios <a href=\"https:\/\/www.google.com\/search?client=ubuntu&amp;channel=fs&amp;q=juicio+garz%C3%B3n&amp;ie=utf-8&amp;oe=utf-8#q=juicio+garz%C3%B3n&amp;hl=es&amp;client=ubuntu&amp;hs=x6N&amp;channel=fs&amp;prmd=imvnsu&amp;source=lnms&amp;tbm=nws&amp;ei=UPsfT_reKILRhAebxcDxDQ&amp;sa=X&amp;oi=mode_link&amp;ct=mode&amp;cd=5&amp;ved=0CB8Q_AUoBA&amp;bav=on.2,or.r_gc.r_pw.r_cp.,cf.osb&amp;fp=e8ce732c6448941f&amp;biw=1680&amp;bih=931\">noticias de dictaduras, juicios<\/a>, etc. de jueces de la dictadura que a\u00fan a d\u00eda de hoy siguen ejerciendo, de c\u00f3mo a un juez, reconocido y admirado internacionalmente se le juzga de forma inexplicable y vergonzosa (es m\u00e1s, en el propio v\u00eddeo se habla de \u00e9l), de tantas y tantas cosas inhumanas que las personas son capaces inexplicablemente de hacer, cometer y justificar, aqu\u00ed el reportaje titulado: <a href=\"http:\/\/www.rtve.es\/alacarta\/videos\/en-portada\/portada-paraguay-entranas-del-condor\/1102006\/\">Paraguay: las entra\u00f1as del C\u00f3ndor<\/a>.<\/p>\n<p>Parece que hoy en Espa\u00f1a, un pa\u00eds moderno y dem\u00f3crata no somos capaces de seguir el ejemplo de tantos y tantos pa\u00edses hermanos, y a\u00fan hoy en d\u00eda se sigue persiguiendo, atacando e intentando encarcelar a aquellas personas que destacan en la lucha de la verdad, la justicia y la libertad.\u00a0 Tanto es as\u00ed, y no me dig\u00e1is que no es rocambolesco, que, en el a\u00f1o 2012:<\/p>\n<p>Necesitemos que vengan <a href=\"http:\/\/www.diariodemallorca.es\/nacional\/2012\/01\/24\/observadores-internacionales-vigilaran-hoy-juicio-garzon\/738640.html\">observadores internacionales a vigilar nuestros juicios<\/a><\/p>\n<blockquote><p>\u00abLos abogados y jueces de otros pa\u00edses del mundo tienen los ojos puestos en las represalias a Garz\u00f3n\u00bb, dijo el jurista americano Redd Brody, quien se mostr\u00f3 sorprendido por el escaso rechazo que ha suscitado en Espa\u00f1a.<br \/>\nPara el consejero jur\u00eddico de Amnist\u00eda Internacional Hugo Relva, \u00abla obligaci\u00f3n de Espa\u00f1a y de cualquier estado es perseguir cualquier violaci\u00f3n de derechos humanos y no se puede juzgar a ning\u00fan juez por hacerlo\u00bb<\/p><\/blockquote>\n<p>Recibamos condenas internacionales -desde luego para que alg\u00fan que otro responsable pol\u00edtico plantease de forma alta y clara que clase de Justicia y jueces tenemos a\u00fan en Espa\u00f1a-<\/p>\n<blockquote><p>\u00abEl magistrado espa\u00f1ol que cre\u00f3 jurisprudencia internacional al ordenar la detenci\u00f3n de Augusto Pinochet es juzgado en su pa\u00eds por autorizar la investigaci\u00f3n de los atentados contra los Derechos Humanos durante la dictadura franquista.\u00bb<\/p><\/blockquote>\n<p><a href=\"http:\/\/www.euroxpress.es\/index.php\/noticias\/2012\/1\/24\/apoyo-a-garzon-desde-las-organizaciones-de-derechos-humanos\/\">Organizaciones internacionales de derechos humanos denuncian<\/a> la actitud de nuestros jueces\u00a0 -digo lo de nuestros no con sentimiento de orgullo sino de verg\u00fcenza e indignaci\u00f3n-<\/p>\n<blockquote><p>\u00abes la primera vez que en una democracia consolidada se procesa a un juez por defender los derechos humanos\u2026 la primera vez que en la UE un juez es sometido al derecho penal por perseguir cr\u00edmenes internacionales\u00bb<\/p><\/blockquote>\n<p>y la prensa internacional\u00a0sin ning\u00fan titubeo ni dilaci\u00f3n diga clara y abiertamente:\u00a0<a title=\"Enlace permanente a &quot;Prensa extranjera: \u201cEl juicio a Garz\u00f3n es preocupante para el futuro del derecho internacional\u201d&quot;\" href=\"http:\/\/www.radiocable.com\/nm-juicio-garzon-franquismo624.html\" rel=\"bookmark\"> \u201cEl juicio a Garz\u00f3n es preocupante para el futuro del derecho internacional\u201d<\/a><\/p>\n<p>\u00bfDe veras que la ciudadan\u00eda merece un sistema judicial y unos jueces as\u00ed? \u00bfNo hay manera de que esto no deje de suceder?<\/p>\n<p>\u00bfC\u00f3mo podemos sentirnos desarrollados, dem\u00f3cratas, avanzados, cu\u00e1ndo son las democracias m\u00e1s modernas de Latinoam\u00e9rica las que nos dan clases, nos ense\u00f1an el camino, incluso cuando pretend\u00edamos con nuestra particular arrogancia darles clases?<\/p>\n","protected":false},"excerpt":{"rendered":"<p>Como quiera que cualquier cosa que me suene a Paraguay siempre me llama mucho la atenci\u00f3n, que adem\u00e1s en estos d\u00edas volvemos a escuchar en todos los telediarios noticias de dictaduras, juicios, etc. de jueces de la dictadura que a\u00fan a d\u00eda de hoy siguen ejerciendo, de c\u00f3mo a un juez, reconocido y admirado internacionalmente&hellip;&nbsp;<a href=\"https:\/\/ramonramon.org\/blog\/2012\/01\/25\/sobre-paraguay-y-las-dictaduras\/\" rel=\"bookmark\">Leer m\u00e1s &raquo;<span class=\"screen-reader-text\">Sobre Paraguay y las dictaduras<\/span><\/a><\/p>\n","protected":false},"author":2070,"featured_media":0,"comment_status":"open","ping_status":"open","sticky":false,"template":"","format":"standard","meta":{"neve_meta_sidebar":"","neve_meta_container":"","neve_meta_enable_content_width":"","neve_meta_content_width":0,"neve_meta_title_alignment":"","neve_meta_author_avatar":"","neve_post_elements_order":"","neve_meta_disable_header":"","neve_meta_disable_footer":"","neve_meta_disable_title":"","footnotes":""},"categories":[31],"tags":[491,1460],"class_list":["post-8476","post","type-post","status-publish","format-standard","hentry","category-videos","tag-justicia","tag-paraguay"],"aioseo_notices":[],"_links":{"self":[{"href":"https:\/\/ramonramon.org\/blog\/wp-json\/wp\/v2\/posts\/8476","targetHints":{"allow":["GET"]}}],"collection":[{"href":"https:\/\/ramonramon.org\/blog\/wp-json\/wp\/v2\/posts"}],"about":[{"href":"https:\/\/ramonramon.org\/blog\/wp-json\/wp\/v2\/types\/post"}],"author":[{"embeddable":true,"href":"https:\/\/ramonramon.org\/blog\/wp-json\/wp\/v2\/users\/2070"}],"replies":[{"embeddable":true,"href":"https:\/\/ramonramon.org\/blog\/wp-json\/wp\/v2\/comments?post=8476"}],"version-history":[{"count":0,"href":"https:\/\/ramonramon.org\/blog\/wp-json\/wp\/v2\/posts\/8476\/revisions"}],"wp:attachment":[{"href":"https:\/\/ramonramon.org\/blog\/wp-json\/wp\/v2\/media?parent=8476"}],"wp:term":[{"taxonomy":"category","embeddable":true,"href":"https:\/\/ramonramon.org\/blog\/wp-json\/wp\/v2\/categories?post=8476"},{"taxonomy":"post_tag","embeddable":true,"href":"https:\/\/ramonramon.org\/blog\/wp-json\/wp\/v2\/tags?post=8476"}],"curies":[{"name":"wp","href":"https:\/\/api.w.org\/{rel}","templated":true}]}}