{"id":812,"date":"2008-11-05T13:02:06","date_gmt":"2008-11-05T12:02:06","guid":{"rendered":"https:\/\/www.ramonramon.org\/blog\/2008\/11\/05\/en-el-iii-congreso-de-software-libre-en-la-educacion\/"},"modified":"2008-11-05T13:02:06","modified_gmt":"2008-11-05T12:02:06","slug":"en-el-iii-congreso-de-software-libre-en-la-educacion","status":"publish","type":"post","link":"https:\/\/ramonramon.org\/blog\/2008\/11\/05\/en-el-iii-congreso-de-software-libre-en-la-educacion\/","title":{"rendered":"En el III Congreso de Software Libre en la Educaci\u00f3n"},"content":{"rendered":"<div style=\"float: right; margin-left: 10px; margin-bottom: 10px;\"><a title=\"photo sharing\" href=\"http:\/\/www.flickr.com\/photos\/ramonramon\/3005337700\/\"><img decoding=\"async\" style=\"border: solid 2px #000000;\" src=\"http:\/\/farm4.static.flickr.com\/3235\/3005337700_e4f4992866_m.jpg\" alt=\"\" \/><\/a><\/p>\n<p><span style=\"font-size: 0.9em; margin-top: 0px;\"><br \/>\n<a href=\"http:\/\/www.flickr.com\/photos\/ramonramon\/3005337700\/\">05112008564.jpg<\/a><\/p>\n<p>Cargado originalmente por <a href=\"http:\/\/www.flickr.com\/people\/ramonramon\/\">RAMONRAMON<\/a><br \/>\n<\/span><\/div>\n<p>\u00c9xito de asistencia en el stand que tiene <a href=\"http:\/\/cenatic.es\">Cenatic<\/a> en el palacio de congresos de Alicante y en el que Iniciativa Focus est\u00e1 colaborando tanto en el stand como en una actividad conjunta.  Como se puede comprobar en las <a href=\"http:\/\/www.flickr.com\/photos\/ramonramon\/tags\/congresodesoftwarelibre\/\">fotos<\/a>, el stand est\u00e1 siendo el m\u00e1s visitado.<\/p>\n","protected":false},"excerpt":{"rendered":"<p>05112008564.jpg Cargado originalmente por RAMONRAMON \u00c9xito de asistencia en el stand que tiene Cenatic en el palacio de congresos de Alicante y en el que Iniciativa Focus est\u00e1 colaborando tanto en el stand como en una actividad conjunta. Como se puede comprobar en las fotos, el stand est\u00e1 siendo el m\u00e1s visitado.<\/p>\n","protected":false},"author":2070,"featured_media":0,"comment_status":"open","ping_status":"open","sticky":false,"template":"","format":"standard","meta":{"neve_meta_sidebar":"","neve_meta_container":"","neve_meta_enable_content_width":"","neve_meta_content_width":0,"neve_meta_title_alignment":"","neve_meta_author_avatar":"","neve_post_elements_order":"","neve_meta_disable_header":"","neve_meta_disable_footer":"","neve_meta_disable_title":"","footnotes":""},"categories":[3,14,27,30],"tags":[171,210,460],"class_list":["post-812","post","type-post","status-publish","format-standard","hentry","category-administraciones-publicas","category-iniciativafocus","category-software-libre","category-viajes","tag-cenatic","tag-congreso-software-libre","tag-iniciativa-focus"],"aioseo_notices":[],"_links":{"self":[{"href":"https:\/\/ramonramon.org\/blog\/wp-json\/wp\/v2\/posts\/812","targetHints":{"allow":["GET"]}}],"collection":[{"href":"https:\/\/ramonramon.org\/blog\/wp-json\/wp\/v2\/posts"}],"about":[{"href":"https:\/\/ramonramon.org\/blog\/wp-json\/wp\/v2\/types\/post"}],"author":[{"embeddable":true,"href":"https:\/\/ramonramon.org\/blog\/wp-json\/wp\/v2\/users\/2070"}],"replies":[{"embeddable":true,"href":"https:\/\/ramonramon.org\/blog\/wp-json\/wp\/v2\/comments?post=812"}],"version-history":[{"count":0,"href":"https:\/\/ramonramon.org\/blog\/wp-json\/wp\/v2\/posts\/812\/revisions"}],"wp:attachment":[{"href":"https:\/\/ramonramon.org\/blog\/wp-json\/wp\/v2\/media?parent=812"}],"wp:term":[{"taxonomy":"category","embeddable":true,"href":"https:\/\/ramonramon.org\/blog\/wp-json\/wp\/v2\/categories?post=812"},{"taxonomy":"post_tag","embeddable":true,"href":"https:\/\/ramonramon.org\/blog\/wp-json\/wp\/v2\/tags?post=812"}],"curies":[{"name":"wp","href":"https:\/\/api.w.org\/{rel}","templated":true}]}}