{"id":7917,"date":"2011-11-30T09:30:51","date_gmt":"2011-11-30T08:30:51","guid":{"rendered":"https:\/\/www.ramonramon.org\/blog\/?p=7917"},"modified":"2020-03-22T13:02:01","modified_gmt":"2020-03-22T12:02:01","slug":"finaliza-una-etapa-comienza-otra","status":"publish","type":"post","link":"https:\/\/ramonramon.org\/blog\/2011\/11\/30\/finaliza-una-etapa-comienza-otra\/","title":{"rendered":"Finaliza una etapa, comienza otra"},"content":{"rendered":"<p>Si hace unos d\u00edas se cumpl\u00eda el <a href=\"https:\/\/www.ramonramon.org\/blog\/2011\/11\/27\/sexto-aniversario-de-mi-blog\/\">sexto aniversario de este blog<\/a>, hace dos y medio que con mucho orgullo escrib\u00eda:\u00a0 <a href=\"https:\/\/www.ramonramon.org\/blog\/2009\/07\/02\/emergyendo-nuevos-retos-nuevos-companeros-nuevas-ilusiones\/\">Emergyendo nuevos retos, nuevos compa\u00f1eros, nuevas ilusiones<\/a>.\u00a0Comenzaba una nueva e ilusionante etapa en una de las empresas referente del mundo del software libre,\u00a0que desde hac\u00eda mucho era una de las <a href=\"https:\/\/www.ramonramon.org\/blog\/2007\/04\/16\/empresas-de-la-comunidad\/\">referentes<\/a>\u00a0de la Comunidad. Tantos y tantos amigos con los que podr\u00eda trabajar, aprender de ellos, compartir retos &#8230; Era una de las <a href=\"https:\/\/www.ramonramon.org\/blog\/2007\/02\/22\/periplo-por-sevilla-reuniones-amigos-y-nuevos-proyectos\/\">oportunidades so\u00f1adas<\/a>\u00a0de mi vida laboral y lo hab\u00eda logrado: trabajar en Emergya.<a style=\"text-align: center;\" href=\"https:\/\/www.ramonramon.org\/blog\/2009\/07\/11\/repasando-una-semana-intensa\/\"><img loading=\"lazy\" decoding=\"async\" class=\"alignright\" style=\"border-style: initial; border-color: initial; margin-top: 1px; margin-bottom: 1px; margin-left: 5px; margin-right: 5px;\" title=\"Emergya julio 2009\" src=\"https:\/\/ramonramon.org\/blog\/wp-content\/uploads\/2009\/07\/6452_1091034997960_1289049331_30271189_205628_n.jpg\" alt=\"Con mis compis de Emergya\" width=\"290\" height=\"193\" \/><\/a><\/p>\n<p style=\"text-align: justify;\">\u00a0Me vienen a la memoria recuerdos de\u00a0<a href=\"https:\/\/www.ramonramon.org\/blog\/2007\/02\/22\/periplo-por-sevilla-reuniones-amigos-y-nuevos-proyectos\/\">amigos que ya ten\u00eda<\/a> (Tivi, Fonta, Clara, Nacho, Juanje&#8230;) y otros muchos que he hecho durante este periplo en Emergya, y aunque ser\u00eda justo nombrarlos a todos, seguro que me olvido de alguno. Y sin embargo, no puedo dejar de hacer algunas menciones&#8230; Mis inseparables compa\u00f1eros de Migraciones liderados por Dani y Rafa; toda la organizaci\u00f3n con Pili a la cabeza y Carlos en Operaciones (mi inseparable compi de cumples y anfitri\u00f3n de lujo), Andr\u00e9s y su incansable amabilidad que no deja nunca de estar ah\u00ed, a MJ que una y otra vez me ayuda con mis posts -como espero \u00e9ste ;)- y uno tras otro hasta llegar a los 70 compa\u00f1eros con los que mantengo y mantendr\u00e9 siempre una magn\u00edfica relaci\u00f3n.<\/p>\n<p style=\"text-align: justify;\">Y, sin duda, trabajar con el enorme <strong>David Mun\u00e1rriz<\/strong>, que\u00a0ha sido una de las experiencias mas positivas de toda mi vida. Es inmenso, pero ya no s\u00f3lo en trabajo, en sacrificio, en entrega, sino tambi\u00e9n en coraz\u00f3n. Recuerdo perfectamente cuando negociaba nuestra incorporaci\u00f3n en la empresa, y me hablaban de \u00e9l. Sin duda, no se equivocaban. Es una gran y, perd\u00f3n por repetirme, enorme persona. Gracias por lo f\u00e1cil que siempre me lo has puesto todo amigo, gracias por tu preocupaci\u00f3n, por tus esfuerzos, por ser tan gran jefe, amigo y compa\u00f1ero.<\/p>\n<div>\n<p><img loading=\"lazy\" decoding=\"async\" class=\"alignleft\" style=\"margin: 5px;\" title=\"Familia EOI\" src=\"https:\/\/www.ramonramon.org\/blog\/wp-content\/uploads\/2011\/09\/403714732.jpg\" alt=\"Escuela de Organizaci\u00f3n Industrial\" width=\"135\" height=\"178\" \/>Durante este tiempo innumerables retos, grandes profesionales, mejores personas:\u00a0<a href=\"https:\/\/www.ramonramon.org\/blog\/2009\/11\/30\/trabajo-de-calidad-satisfaccion-realizacion-y-sobre-todo-de-personas-comprometidas-emergya\/\">Trabajo de calidad, satisfacci\u00f3n, realizaci\u00f3n \u2026 y sobre todo de personas comprometidas<\/a>\u00a0en los que he desarrollado diversas ocupaciones. \u00a0Lo primero, dirigir la\u00a0<a href=\"https:\/\/www.ramonramon.org\/blog\/2009\/10\/22\/nueva-oficina\/\">delegaci\u00f3n de M\u00e1laga<\/a>\u00a0y el \u00e1rea de Migraciones con un equipo apasionado y entregado -incluso cuando las circunstancias no eran lo m\u00e1s propicias-\u00a0<a href=\"https:\/\/www.ramonramon.org\/blog\/2010\/04\/06\/emergya-malaga-sigue-creciendo\/\">que fue poco a poco creciendo<\/a>. Posteriormente pas\u00e9 a ser el responsable de Administraciones P\u00fablicas, con una\u00a0<a href=\"https:\/\/www.ramonramon.org\/blog\/2011\/09\/26\/fotos-post-catasytuits-experienciaeoi\/\">intensa etapa en Sevilla<\/a>\u00a0que compaginaba con un sinf\u00edn de viajes y la\u00a0<a href=\"https:\/\/www.ramonramon.org\/blog\/2011\/05\/10\/se-acabo-el-executive-mba-de-la-eoi\/\">realizaci\u00f3n del MBA<\/a>, qu\u00e9 grandes momentos y qu\u00e9 <a href=\"https:\/\/www.ramonramon.org\/blog\/2011\/09\/22\/mas-personas-mas-conexion-y-menos\/\">increible familia EOI<\/a>.<\/p>\n<p>Han sido muchos posts, muchas, muchas satisfacciones, momentos \u00fanicos vividos: <a href=\"https:\/\/www.ramonramon.org\/blog\/2010\/04\/16\/el-poder-de-las-personas-y-del-conocimiento\/\">El poder de las personas y del conocimiento<\/a>, <a href=\"https:\/\/www.ramonramon.org\/blog\/2011\/01\/11\/accesibilidad-software-libre-y-emergya\/\">Accesibilidad, Software Libre y Emergya<\/a>, y aunque ya s\u00e9, he llenado este post de enlaces, de referencias, de nombres. etc. Han sido dos a\u00f1os y medio muy intensos, muy realizadores.<\/p>\n<p>Y ahora, comienza una <strong>nueva etapa<\/strong> con nuevos retos profesionales, que espero pronto contar cual ser\u00e1 ese nuevo destino. Mientras tanto, much\u00edsimas gracias a todos mis compa\u00f1eros (de trabajo, fatigas, de la EOI, de Iniciativa Focus&#8230;) y a mi familia por permitirme vivir momentos como los que he recogido en este blog. \u00a0Y, \u00bfc\u00f3mo no?, a todos <a href=\"https:\/\/www.ramonramon.org\/blog\/2009\/07\/15\/mi-curriculum-es-una-m-pero-mis-amigos-son-enormes\/\">esos amigos que constantemente se preocupan por m\u00ed, que con sus recomendaciones<\/a>, escritas o verbales, hacen que todo sea m\u00e1s sencillo y la nueva etapa no se retrase mucho, que me sienta muy orgulloso de todos los que me rodean, apoyan y se interesan por m\u00ed.<\/p>\n<p>Gracias de todo coraz\u00f3n.<\/p>\n<\/div>\n","protected":false},"excerpt":{"rendered":"<p>Si hace unos d\u00edas se cumpl\u00eda el sexto aniversario de este blog, hace dos y medio que con mucho orgullo escrib\u00eda:\u00a0 Emergyendo nuevos retos, nuevos compa\u00f1eros, nuevas ilusiones.\u00a0Comenzaba una nueva e ilusionante etapa en una de las empresas referente del mundo del software libre,\u00a0que desde hac\u00eda mucho era una de las referentes\u00a0de la Comunidad. Tantos&hellip;&nbsp;<a href=\"https:\/\/ramonramon.org\/blog\/2011\/11\/30\/finaliza-una-etapa-comienza-otra\/\" rel=\"bookmark\">Leer m\u00e1s &raquo;<span class=\"screen-reader-text\">Finaliza una etapa, comienza otra<\/span><\/a><\/p>\n","protected":false},"author":2070,"featured_media":0,"comment_status":"open","ping_status":"open","sticky":false,"template":"","format":"standard","meta":{"neve_meta_sidebar":"","neve_meta_container":"","neve_meta_enable_content_width":"","neve_meta_content_width":0,"neve_meta_title_alignment":"","neve_meta_author_avatar":"","neve_post_elements_order":"","neve_meta_disable_header":"","neve_meta_disable_footer":"","neve_meta_disable_title":"","footnotes":""},"categories":[9,23],"tags":[2000],"class_list":["post-7917","post","type-post","status-publish","format-standard","hentry","category-empleo","category-personal","tag-personal"],"aioseo_notices":[],"_links":{"self":[{"href":"https:\/\/ramonramon.org\/blog\/wp-json\/wp\/v2\/posts\/7917","targetHints":{"allow":["GET"]}}],"collection":[{"href":"https:\/\/ramonramon.org\/blog\/wp-json\/wp\/v2\/posts"}],"about":[{"href":"https:\/\/ramonramon.org\/blog\/wp-json\/wp\/v2\/types\/post"}],"author":[{"embeddable":true,"href":"https:\/\/ramonramon.org\/blog\/wp-json\/wp\/v2\/users\/2070"}],"replies":[{"embeddable":true,"href":"https:\/\/ramonramon.org\/blog\/wp-json\/wp\/v2\/comments?post=7917"}],"version-history":[{"count":0,"href":"https:\/\/ramonramon.org\/blog\/wp-json\/wp\/v2\/posts\/7917\/revisions"}],"wp:attachment":[{"href":"https:\/\/ramonramon.org\/blog\/wp-json\/wp\/v2\/media?parent=7917"}],"wp:term":[{"taxonomy":"category","embeddable":true,"href":"https:\/\/ramonramon.org\/blog\/wp-json\/wp\/v2\/categories?post=7917"},{"taxonomy":"post_tag","embeddable":true,"href":"https:\/\/ramonramon.org\/blog\/wp-json\/wp\/v2\/tags?post=7917"}],"curies":[{"name":"wp","href":"https:\/\/api.w.org\/{rel}","templated":true}]}}