{"id":7857,"date":"2011-11-28T11:22:58","date_gmt":"2011-11-28T10:22:58","guid":{"rendered":"https:\/\/www.ramonramon.org\/blog\/?p=7857"},"modified":"2021-08-19T20:28:23","modified_gmt":"2021-08-19T18:28:23","slug":"iii-premios-focus-al-conocimiento-libre","status":"publish","type":"post","link":"https:\/\/ramonramon.org\/blog\/2011\/11\/28\/iii-premios-focus-al-conocimiento-libre\/","title":{"rendered":"Convocados los III Premios Focus al Conocimiento Libre"},"content":{"rendered":"<p>Como en las dos <a href=\"https:\/\/www.ramonramon.org\/blog\/2010\/10\/31\/post-premios-focus-y-foro-conocimiento-libre\/\">anteriores ediciones<\/a>, comienza la primera fase de los Premios Focus al Conocimiento Libre 2012, que como sab\u00e9is se realizan de forma <a href=\"http:\/\/es.wikipedia.org\/wiki\/Bienal\">bienal<\/a> y recono<a href=\"https:\/\/ramonramon.org\/blog\/wp-content\/uploads\/2008\/10\/mg_6881.jpg\"><img loading=\"lazy\" decoding=\"async\" class=\"alignright\" title=\"Ibarra en los Primeros Premios Focus al Conocimiento Libre\" src=\"https:\/\/ramonramon.org\/blog\/wp-content\/uploads\/2008\/10\/mg_6881.jpg\" alt=\"Con Juan Carlos Rodr\u00edguez Ibarra\" width=\"188\" height=\"283\" \/><\/a>cen la labor y el trabajo de personas, entidades y gobiernos.\u00a0 Este a\u00f1o, la edici\u00f3n ser\u00e1 m\u00e1s internacional si cabe que en anteriores ediciones, y para garantizar la m\u00e1xima participaci\u00f3n, el formulario est\u00e1 en los tres principales idiomas iberoamericanos: <em>castellano, portugu\u00e9s e ingl\u00e9s<\/em>.<\/p>\n<p>Esperamos, que al igual que en la anterior edici\u00f3n, podamos <em><strong>reconocer el esfuerzo de muchos gobiernos, pa\u00edses y regiones que hacen del software libre una nueva forma de crear Sociedad<\/strong><\/em>, apuestan por la \u00fanica opci\u00f3n tecnol\u00f3gica que fomenta ciudadanos m\u00e1s libres, mejores servicios, m\u00e1s econom\u00eda local y ,sobre todo, soberan\u00eda tecnol\u00f3gica. As\u00ed como entidades y figuras claves de estos dos \u00faltimos a\u00f1os entorno al Conocimiento Libre. Igualmente, en cada edici\u00f3n se entregan reconocimientos a personas que han significado mucho para el Software Libre en este pa\u00eds, y que en la mayor\u00eda de las ocasiones su trabajo se realiza a la sombra de grandes proyectos o instituciones. El a\u00f1o pasado hicimos un <a href=\"https:\/\/www.ramonramon.org\/blog\/2010\/10\/26\/recordando-a-nuestro-gran-amigo-carlos\/\">reconocimiento p\u00f3stumo al amigo Carlos Atar\u00e9s<\/a>, y en la primera a los inigualables Jos\u00e9 Mar\u00eda Rodr\u00edguez y Miguel \u00c1ngel Amutio.\u00a0 \u00bfAlguna propuesta para este a\u00f1o?<\/p>\n<p>La entrega de los premios se realizar\u00e1 el pr\u00f3ximo <strong>12 de enero<\/strong>, en el marco de la <a href=\"https:\/\/www.ramonramon.org\/blog\/2011\/11\/26\/conferencia-internacional-de-software-libre-2012\/\">Conferencia Internacional de Software Libre 2012<\/a>, que este a\u00f1o se celebra en <strong>Granada<\/strong> por primera vez.<\/p>\n<p style=\"text-align: justify;\"><a href=\"https:\/\/lh6.googleusercontent.com\/-V-wHPj_88dI\/TMirUnl7WKI\/AAAAAAAADaU\/nkMqO_nVPTQ\/s1024\/IMG_2876.JPG\"><img loading=\"lazy\" decoding=\"async\" class=\"aligncenter\" style=\"margin: 10px 2px; border: 0pt none;\" title=\"Ceremonica de entrega de Premios Focus al Conocimiento Libre 2010\" src=\"https:\/\/lh6.googleusercontent.com\/-V-wHPj_88dI\/TMirUnl7WKI\/AAAAAAAADaU\/nkMqO_nVPTQ\/s1024\/IMG_2876.JPG\" alt=\"II Premios Focus al Conocimiento Libre\" width=\"574\" height=\"384\" \/><\/a><\/p>\n<p style=\"text-align: justify;\">En anteriores ediciones han sido muchos los galardonados, desde figuras relevantes del mundo del software libre como Juan Carlos Rodr\u00edguez Ibarra, Carlos Castro o Juantom\u00e1s Garc\u00eda, a pol\u00edticos de la talla de Lourdes Mu\u00f1oz,\u00a0 entidades como la Comisi\u00f3n Europea, el Gobierno de Chile la oficina de Software Libre de la Universidad de Granada, RTVE o la Escuela de Organizaci\u00f3n Industrial (EOI), y proyectos como Guadalinfo o Guadalinex. Todos los a\u00f1os hay <a href=\"https:\/\/www.ramonramon.org\/blog\/2010\/10\/19\/entrega-premios-focus-al-conocimiento-libre\/\">cientos de propuestas<\/a> y son los propios internautas los que deciden.<\/p>\n<p align=\"JUSTIFY\"><a href=\"https:\/\/picasaweb.google.com\/100129959742773483077\/IIPremiosFocus#\"><img loading=\"lazy\" decoding=\"async\" class=\"alignleft\" title=\"Sebas Muriel recogiendo premios Focus al Conocimiento Libre\" src=\"https:\/\/lh6.googleusercontent.com\/-O5M9tMFwXfg\/TMisKOcx79I\/AAAAAAAADco\/_zV3pdMzN2I\/s640\/IMG_2846.JPG\" alt=\"Sebasti\u00e1n Muriel\" width=\"180\" height=\"271\" \/><\/a>Las votaciones y propuestas de las diferentes candidaturas en las 10 categor\u00edas existentes puede realizarse desde hoy a trav\u00e9s de <strong>http:\/\/www.iniciativafocus.org\/premios2012<\/strong>. El proceso de elecci\u00f3n, como viene siendo habitual en estos Premios, se realizar\u00e1 en dos fases diferenciadas:<\/p>\n<blockquote><p><strong>1\u00aa Fase:<\/strong> Desde el<strong> 23 de noviembre al 16 de diciembre.<\/strong> En esta primera fase los internautas proponen candidaturas a las diferentes categor\u00edas, exponiendo adem\u00e1s del nombre de la persona y entidad, motivaci\u00f3n por la cual deben ser dignos merecedores de estos galardones.<\/p>\n<p><strong>2\u00aa Fase: <\/strong>Desde el<strong> 20 de diciembre al 10 de enero<\/strong>. Las tres candidaturas m\u00e1s propuestas en la primer fase optar\u00e1n a esta segunda edici\u00f3n, en la que se elegir\u00e1 al ganador.<\/p><\/blockquote>\n<p style=\"text-align: right;\"><em>\u00bfHas realizado ya tus propuestas? Yo ya hice las m\u00edas.<\/em><\/p>\n","protected":false},"excerpt":{"rendered":"<p>Como en las dos anteriores ediciones, comienza la primera fase de los Premios Focus al Conocimiento Libre 2012, que como sab\u00e9is se realizan de forma bienal y reconocen la labor y el trabajo de personas, entidades y gobiernos.\u00a0 Este a\u00f1o, la edici\u00f3n ser\u00e1 m\u00e1s internacional si cabe que en anteriores ediciones, y para garantizar la&hellip;&nbsp;<a href=\"https:\/\/ramonramon.org\/blog\/2011\/11\/28\/iii-premios-focus-al-conocimiento-libre\/\" rel=\"bookmark\">Leer m\u00e1s &raquo;<span class=\"screen-reader-text\">Convocados los III Premios Focus al Conocimiento Libre<\/span><\/a><\/p>\n","protected":false},"author":2070,"featured_media":0,"comment_status":"open","ping_status":"open","sticky":false,"template":"","format":"standard","meta":{"neve_meta_sidebar":"","neve_meta_container":"","neve_meta_enable_content_width":"","neve_meta_content_width":0,"neve_meta_title_alignment":"","neve_meta_author_avatar":"","neve_post_elements_order":"","neve_meta_disable_header":"","neve_meta_disable_footer":"","neve_meta_disable_title":"","footnotes":""},"categories":[6,14,27],"tags":[1331,460,674,675,677],"class_list":["post-7857","post","type-post","status-publish","format-standard","hentry","category-conocimientolibre","category-iniciativafocus","category-software-libre","tag-focus-al-conocimiento-libre","tag-iniciativa-focus","tag-premios","tag-premios-focus","tag-premios-focus-al-conocimiento-libre"],"aioseo_notices":[],"_links":{"self":[{"href":"https:\/\/ramonramon.org\/blog\/wp-json\/wp\/v2\/posts\/7857","targetHints":{"allow":["GET"]}}],"collection":[{"href":"https:\/\/ramonramon.org\/blog\/wp-json\/wp\/v2\/posts"}],"about":[{"href":"https:\/\/ramonramon.org\/blog\/wp-json\/wp\/v2\/types\/post"}],"author":[{"embeddable":true,"href":"https:\/\/ramonramon.org\/blog\/wp-json\/wp\/v2\/users\/2070"}],"replies":[{"embeddable":true,"href":"https:\/\/ramonramon.org\/blog\/wp-json\/wp\/v2\/comments?post=7857"}],"version-history":[{"count":0,"href":"https:\/\/ramonramon.org\/blog\/wp-json\/wp\/v2\/posts\/7857\/revisions"}],"wp:attachment":[{"href":"https:\/\/ramonramon.org\/blog\/wp-json\/wp\/v2\/media?parent=7857"}],"wp:term":[{"taxonomy":"category","embeddable":true,"href":"https:\/\/ramonramon.org\/blog\/wp-json\/wp\/v2\/categories?post=7857"},{"taxonomy":"post_tag","embeddable":true,"href":"https:\/\/ramonramon.org\/blog\/wp-json\/wp\/v2\/tags?post=7857"}],"curies":[{"name":"wp","href":"https:\/\/api.w.org\/{rel}","templated":true}]}}