{"id":768,"date":"2008-10-15T08:52:14","date_gmt":"2008-10-15T07:52:14","guid":{"rendered":"https:\/\/www.ramonramon.org\/blog\/?p=768"},"modified":"2012-05-03T14:12:49","modified_gmt":"2012-05-03T12:12:49","slug":"de-vuelta-a-mi-valhalla-particular-extremadura","status":"publish","type":"post","link":"https:\/\/ramonramon.org\/blog\/2008\/10\/15\/de-vuelta-a-mi-valhalla-particular-extremadura\/","title":{"rendered":"De vuelta a mi Valhalla particular: Extremadura"},"content":{"rendered":"<p>Hoy y ma\u00f1ana estar\u00e9 en <a href=\"https:\/\/www.ramonramon.org\/blog\/2007\/02\/04\/rumbo-a-mi-particular-valhalla-extremadura-donde-el-sw-libre-es-una-realidad\/\">Extremadura, mi valhalla<\/a>, y m\u00e1s concretamente en M\u00e9rida por temas profesionales. CSYD, la empresa para la que estoy trabajando actualmente, est\u00e1 participando en un proyecto de migraci\u00f3n en Extremadura, y por eso tendr\u00e9 que estar mi\u00e9rcoles y jueves en M\u00e9rida.\u00a0 Si alguien se anima, siempre es un placer echar un ratillo, m\u00e1s con todos mis amigos y conocidos extreme\u00f1os, gente a la que quiero y admiro un mont\u00f3n.<\/p>\n","protected":false},"excerpt":{"rendered":"<p>Hoy y ma\u00f1ana estar\u00e9 en Extremadura, mi valhalla, y m\u00e1s concretamente en M\u00e9rida por temas profesionales. CSYD, la empresa para la que estoy trabajando actualmente, est\u00e1 participando en un proyecto de migraci\u00f3n en Extremadura, y por eso tendr\u00e9 que estar mi\u00e9rcoles y jueves en M\u00e9rida.\u00a0 Si alguien se anima, siempre es un placer echar un&hellip;&nbsp;<a href=\"https:\/\/ramonramon.org\/blog\/2008\/10\/15\/de-vuelta-a-mi-valhalla-particular-extremadura\/\" rel=\"bookmark\">Leer m\u00e1s &raquo;<span class=\"screen-reader-text\">De vuelta a mi Valhalla particular: Extremadura<\/span><\/a><\/p>\n","protected":false},"author":2070,"featured_media":0,"comment_status":"open","ping_status":"open","sticky":false,"template":"","format":"standard","meta":{"neve_meta_sidebar":"","neve_meta_container":"","neve_meta_enable_content_width":"","neve_meta_content_width":0,"neve_meta_title_alignment":"","neve_meta_author_avatar":"","neve_post_elements_order":"","neve_meta_disable_header":"","neve_meta_disable_footer":"","neve_meta_disable_title":"","footnotes":""},"categories":[23,30],"tags":[11,545,778,2004],"class_list":["post-768","post","type-post","status-publish","format-standard","hentry","category-personal","category-viajes","tag-extremadura","tag-merida","tag-trabajo","tag-viajes"],"aioseo_notices":[],"_links":{"self":[{"href":"https:\/\/ramonramon.org\/blog\/wp-json\/wp\/v2\/posts\/768","targetHints":{"allow":["GET"]}}],"collection":[{"href":"https:\/\/ramonramon.org\/blog\/wp-json\/wp\/v2\/posts"}],"about":[{"href":"https:\/\/ramonramon.org\/blog\/wp-json\/wp\/v2\/types\/post"}],"author":[{"embeddable":true,"href":"https:\/\/ramonramon.org\/blog\/wp-json\/wp\/v2\/users\/2070"}],"replies":[{"embeddable":true,"href":"https:\/\/ramonramon.org\/blog\/wp-json\/wp\/v2\/comments?post=768"}],"version-history":[{"count":0,"href":"https:\/\/ramonramon.org\/blog\/wp-json\/wp\/v2\/posts\/768\/revisions"}],"wp:attachment":[{"href":"https:\/\/ramonramon.org\/blog\/wp-json\/wp\/v2\/media?parent=768"}],"wp:term":[{"taxonomy":"category","embeddable":true,"href":"https:\/\/ramonramon.org\/blog\/wp-json\/wp\/v2\/categories?post=768"},{"taxonomy":"post_tag","embeddable":true,"href":"https:\/\/ramonramon.org\/blog\/wp-json\/wp\/v2\/tags?post=768"}],"curies":[{"name":"wp","href":"https:\/\/api.w.org\/{rel}","templated":true}]}}