{"id":737,"date":"2008-10-04T11:09:21","date_gmt":"2008-10-04T10:09:21","guid":{"rendered":"https:\/\/www.ramonramon.org\/blog\/?p=737"},"modified":"2010-10-06T09:16:57","modified_gmt":"2010-10-06T07:16:57","slug":"el-pais-recoge-los-premios-focus-al-conocimiento-libre","status":"publish","type":"post","link":"https:\/\/ramonramon.org\/blog\/2008\/10\/04\/el-pais-recoge-los-premios-focus-al-conocimiento-libre\/","title":{"rendered":"El Pa\u00eds recoge los premios Focus al Conocimiento Libre"},"content":{"rendered":"<p>En la edici\u00f3n de ayer, 3 de octubre, se recoge:<\/p>\n<h3>Premios Focus al conocimiento libre<\/h3>\n<h3>La III Conferencia Internacional de Software Libre que se celebrar\u00e1 en M\u00e1laga es el marco escogido para la entrega de los premios <em>Focus<\/em> al conocimiento libre<\/h3>\n<p>y adem\u00e1s de recoger los principales datos, como que la entrega se realizar\u00e1 el pr\u00f3ximo 21 de octubre, acompa\u00f1a el art\u00edculo una bonita foto de parte de los voluntarios de la pasada edici\u00f3n de la Conferencia.<\/p>\n","protected":false},"excerpt":{"rendered":"<p>En la edici\u00f3n de ayer, 3 de octubre, se recoge: Premios Focus al conocimiento libre La III Conferencia Internacional de Software Libre que se celebrar\u00e1 en M\u00e1laga es el marco escogido para la entrega de los premios Focus al conocimiento libre y adem\u00e1s de recoger los principales datos, como que la entrega se realizar\u00e1 el&hellip;&nbsp;<a href=\"https:\/\/ramonramon.org\/blog\/2008\/10\/04\/el-pais-recoge-los-premios-focus-al-conocimiento-libre\/\" rel=\"bookmark\">Leer m\u00e1s &raquo;<span class=\"screen-reader-text\">El Pa\u00eds recoge los premios Focus al Conocimiento Libre<\/span><\/a><\/p>\n","protected":false},"author":2070,"featured_media":0,"comment_status":"open","ping_status":"open","sticky":false,"template":"","format":"standard","meta":{"neve_meta_sidebar":"","neve_meta_container":"","neve_meta_enable_content_width":"","neve_meta_content_width":0,"neve_meta_title_alignment":"","neve_meta_author_avatar":"","neve_post_elements_order":"","neve_meta_disable_header":"","neve_meta_disable_footer":"","neve_meta_disable_title":"","footnotes":""},"categories":[6,14],"tags":[184,319,460,677],"class_list":["post-737","post","type-post","status-publish","format-standard","hentry","category-conocimientolibre","category-iniciativafocus","tag-cisl","tag-el-pais","tag-iniciativa-focus","tag-premios-focus-al-conocimiento-libre"],"aioseo_notices":[],"_links":{"self":[{"href":"https:\/\/ramonramon.org\/blog\/wp-json\/wp\/v2\/posts\/737","targetHints":{"allow":["GET"]}}],"collection":[{"href":"https:\/\/ramonramon.org\/blog\/wp-json\/wp\/v2\/posts"}],"about":[{"href":"https:\/\/ramonramon.org\/blog\/wp-json\/wp\/v2\/types\/post"}],"author":[{"embeddable":true,"href":"https:\/\/ramonramon.org\/blog\/wp-json\/wp\/v2\/users\/2070"}],"replies":[{"embeddable":true,"href":"https:\/\/ramonramon.org\/blog\/wp-json\/wp\/v2\/comments?post=737"}],"version-history":[{"count":0,"href":"https:\/\/ramonramon.org\/blog\/wp-json\/wp\/v2\/posts\/737\/revisions"}],"wp:attachment":[{"href":"https:\/\/ramonramon.org\/blog\/wp-json\/wp\/v2\/media?parent=737"}],"wp:term":[{"taxonomy":"category","embeddable":true,"href":"https:\/\/ramonramon.org\/blog\/wp-json\/wp\/v2\/categories?post=737"},{"taxonomy":"post_tag","embeddable":true,"href":"https:\/\/ramonramon.org\/blog\/wp-json\/wp\/v2\/tags?post=737"}],"curies":[{"name":"wp","href":"https:\/\/api.w.org\/{rel}","templated":true}]}}