{"id":724,"date":"2008-10-01T00:44:23","date_gmt":"2008-09-30T23:44:23","guid":{"rendered":"https:\/\/www.ramonramon.org\/blog\/?p=724"},"modified":"2020-03-22T13:01:55","modified_gmt":"2020-03-22T12:01:55","slug":"los-premios-focus-al-conocimiento-libre-en-la-television","status":"publish","type":"post","link":"https:\/\/ramonramon.org\/blog\/2008\/10\/01\/los-premios-focus-al-conocimiento-libre-en-la-television\/","title":{"rendered":"Los Premios Focus al Conocimiento Libre en la Televisi\u00f3n"},"content":{"rendered":"<p>Una gran sorpresa y a la vez una gran satisfacci\u00f3n seguir comprobando el compromiso que <a href=\"https:\/\/www.ramonramon.org\/blog\/?s=marchena\">Marchena<\/a> con su alcalde a la cabeza muestran por el software libre, en esta ocasi\u00f3n, incluso en los informativos de la televisi\u00f3n local recogen estos galardones, con un resumen de los candidatos y unas declaraciones del alcalde.<\/p>\n<p><embed src=\"http:\/\/blip.tv\/play\/AdCpeYzJEg\" type=\"application\/x-shockwave-flash\" width=\"320\" height=\"270\" allowscriptaccess=\"always\" allowfullscreen=\"true\"><\/embed><\/p>\n<p>Todo un honor para Iniciativa Focus el poder seguir contando con la amistad y apoyo de Marchena.<\/p>\n<p>Y si quieres participar en las votaciones, recuerda que estar\u00e1n abiertas hasta el 8 de octubre.\u00a0 Posteriormente, el 21 de octubre y dentro del inigualable marco de la<a href=\"http:\/\/www.opensourceworldconference.com\/\"> Conferencia Internacional de Software Libre<\/a> se entregar\u00e1n.<\/p>\n<p>OFF-topic: adem\u00e1s, ahora tengo la suerte de contar con un marchenero entre nosotros, que desde ayer forma parte de nuestra empresa y que adem\u00e1s trae una sobrada experiencia en migraciones tras todo el proceso que acometieron en ese ayuntamiento.<\/p>\n","protected":false},"excerpt":{"rendered":"<p>Una gran sorpresa y a la vez una gran satisfacci\u00f3n seguir comprobando el compromiso que Marchena con su alcalde a la cabeza muestran por el software libre, en esta ocasi\u00f3n, incluso en los informativos de la televisi\u00f3n local recogen estos galardones, con un resumen de los candidatos y unas declaraciones del alcalde. Todo un honor&hellip;&nbsp;<a href=\"https:\/\/ramonramon.org\/blog\/2008\/10\/01\/los-premios-focus-al-conocimiento-libre-en-la-television\/\" rel=\"bookmark\">Leer m\u00e1s &raquo;<span class=\"screen-reader-text\">Los Premios Focus al Conocimiento Libre en la Televisi\u00f3n<\/span><\/a><\/p>\n","protected":false},"author":2070,"featured_media":0,"comment_status":"open","ping_status":"open","sticky":false,"template":"","format":"standard","meta":{"neve_meta_sidebar":"","neve_meta_container":"","neve_meta_enable_content_width":"","neve_meta_content_width":0,"neve_meta_title_alignment":"","neve_meta_author_avatar":"","neve_post_elements_order":"","neve_meta_disable_header":"","neve_meta_disable_footer":"","neve_meta_disable_title":"","footnotes":""},"categories":[3,6,14,27],"tags":[32,213,540,675],"class_list":["post-724","post","type-post","status-publish","format-standard","hentry","category-administraciones-publicas","category-conocimientolibre","category-iniciativafocus","category-software-libre","tag-conferencia-internacional-de-software-libre","tag-conocimiento-libre","tag-marchena","tag-premios-focus"],"aioseo_notices":[],"_links":{"self":[{"href":"https:\/\/ramonramon.org\/blog\/wp-json\/wp\/v2\/posts\/724","targetHints":{"allow":["GET"]}}],"collection":[{"href":"https:\/\/ramonramon.org\/blog\/wp-json\/wp\/v2\/posts"}],"about":[{"href":"https:\/\/ramonramon.org\/blog\/wp-json\/wp\/v2\/types\/post"}],"author":[{"embeddable":true,"href":"https:\/\/ramonramon.org\/blog\/wp-json\/wp\/v2\/users\/2070"}],"replies":[{"embeddable":true,"href":"https:\/\/ramonramon.org\/blog\/wp-json\/wp\/v2\/comments?post=724"}],"version-history":[{"count":0,"href":"https:\/\/ramonramon.org\/blog\/wp-json\/wp\/v2\/posts\/724\/revisions"}],"wp:attachment":[{"href":"https:\/\/ramonramon.org\/blog\/wp-json\/wp\/v2\/media?parent=724"}],"wp:term":[{"taxonomy":"category","embeddable":true,"href":"https:\/\/ramonramon.org\/blog\/wp-json\/wp\/v2\/categories?post=724"},{"taxonomy":"post_tag","embeddable":true,"href":"https:\/\/ramonramon.org\/blog\/wp-json\/wp\/v2\/tags?post=724"}],"curies":[{"name":"wp","href":"https:\/\/api.w.org\/{rel}","templated":true}]}}