{"id":71,"date":"2006-06-29T18:05:00","date_gmt":"2006-06-29T16:05:00","guid":{"rendered":"https:\/\/www.ramonramon.org\/blog\/2006\/06\/29\/de-nuevo-bajan-los-precios-del-e-veranoorg\/"},"modified":"2012-09-05T09:56:46","modified_gmt":"2012-09-05T07:56:46","slug":"de-nuevo-bajan-los-precios-del-e-veranoorg","status":"publish","type":"post","link":"https:\/\/ramonramon.org\/blog\/2006\/06\/29\/de-nuevo-bajan-los-precios-del-e-veranoorg\/","title":{"rendered":"De nuevo bajan los precios del e-verano.org."},"content":{"rendered":"<div style=\"TEXT-ALIGN: justify\">Aunque la asistencia a la mayor\u00eda de las actividades es gratuita, gracias a la participaci\u00f3n de nuevos patrocinadores, los asistentes que se alojen en pensi\u00f3n completa tendr\u00e1n un coste a\u00fan inferior. \u00c9sta es la segunda vez que se rebajan los precios de las actividades.<br \/>Una vez confirmados nuevos patrocinios econ\u00f3micos para las 3jtasl (JORNADAS TECNOLOGICAS ANDALUZAS DE SW LIBRE) se acaban de rebajar los precios de las 3JTASL como ya ocurri\u00f3 cuando se consigui\u00f3 patrocinio\/dinero para la VII Escuela de Verano. Eso tambi\u00e9n significa que como hay un precio global para el ENCUENTRO y para el FORMACI\u00d3N DE FORMADORES, aunque los precios de cada actividad por separado no cambia si que va a variar el precio glogal del \u00abpack\u00bb de dos semanas (que por supuesto recomiendo a todos, o mejor dicho que recomend\u00e9is todos) pues por 26 euros por noche en pensi\u00f3n completa puedes disfrutar de 15 d\u00edas intensos con muchas actividades y sobre todo muy buen ambiente \ud83d\ude42<br \/>Seguimos avanzando para ir finalizando todas las actividades, en estos d\u00edas se espera anunciar una novena actividad y en estos d\u00edas se ir\u00e1n concretando el resto de actividades, entre ellas el encuentro de bloggers, las actividades de cultura libre,&#8230; y experiencia mac.<br \/>En total ser\u00e1n nueve las actividades que contemplar\u00e1 el e-verano.org, \u00a1\u00a1 no pod\u00e9is faltar !!<\/div>\n<p><\/span><\/span><\/span><\/span><\/p>\n","protected":false},"excerpt":{"rendered":"<p>Aunque la asistencia a la mayor\u00eda de las actividades es gratuita, gracias a la participaci\u00f3n de nuevos patrocinadores, los asistentes que se alojen en pensi\u00f3n completa tendr\u00e1n un coste a\u00fan inferior. \u00c9sta es la segunda vez que se rebajan los precios de las actividades.Una vez confirmados nuevos patrocinios econ\u00f3micos para las 3jtasl (JORNADAS TECNOLOGICAS ANDALUZAS&hellip;&nbsp;<a href=\"https:\/\/ramonramon.org\/blog\/2006\/06\/29\/de-nuevo-bajan-los-precios-del-e-veranoorg\/\" rel=\"bookmark\">Leer m\u00e1s &raquo;<span class=\"screen-reader-text\">De nuevo bajan los precios del e-verano.org.<\/span><\/a><\/p>\n","protected":false},"author":2070,"featured_media":0,"comment_status":"open","ping_status":"open","sticky":false,"template":"","format":"standard","meta":{"neve_meta_sidebar":"","neve_meta_container":"","neve_meta_enable_content_width":"","neve_meta_content_width":0,"neve_meta_title_alignment":"","neve_meta_author_avatar":"","neve_post_elements_order":"","neve_meta_disable_header":"","neve_meta_disable_footer":"","neve_meta_disable_title":"","footnotes":""},"categories":[23],"tags":[],"class_list":["post-71","post","type-post","status-publish","format-standard","hentry","category-personal"],"aioseo_notices":[],"aioseo_head":"\n\t\t<!-- All in One SEO Pro 4.9.9 - aioseo.com -->\n\t<meta name=\"description\" content=\"Aunque la asistencia a la mayor\u00eda de las actividades es gratuita, gracias a la participaci\u00f3n de nuevos patrocinadores, los asistentes que se alojen en pensi\u00f3n completa tendr\u00e1n un coste a\u00fan inferior. \u00c9sta es la segunda vez que se rebajan los precios de las actividades.Una vez confirmados nuevos patrocinios econ\u00f3micos para las 3jtasl (JORNADAS TECNOLOGICAS ANDALUZAS\" \/>\n\t<meta name=\"robots\" content=\"max-image-preview:large\" \/>\n\t<meta name=\"author\" content=\"Ram\u00f3n Ram\u00f3n\"\/>\n\t<link rel=\"canonical\" href=\"https:\/\/ramonramon.org\/blog\/2006\/06\/29\/de-nuevo-bajan-los-precios-del-e-veranoorg\/\" \/>\n\t<meta name=\"generator\" content=\"All in One SEO Pro (AIOSEO) 4.9.9\" \/>\n\n\t\t<!-- Google tag (gtag.js) -->\n<script async src=\"https:\/\/www.googletagmanager.com\/gtag\/js?id=G-5BVWGR1LLZ\"><\/script>\n<script>\n  window.dataLayer = window.dataLayer || [];\n  function gtag(){dataLayer.push(arguments);}\n  gtag('js', new Date());\n\n  gtag('config', 'G-5BVWGR1LLZ');\n<\/script>\n\t\t<meta property=\"og:locale\" content=\"es_ES\" \/>\n\t\t<meta property=\"og:site_name\" content=\"Ram\u00f3n Ram\u00f3n - Comunicaci\u00f3n pol\u00edtica y campa\u00f1as electorales\" \/>\n\t\t<meta property=\"og:type\" content=\"article\" \/>\n\t\t<meta property=\"og:title\" content=\"De nuevo bajan los precios del e-verano.org.\" \/>\n\t\t<meta property=\"og:description\" content=\"Aunque la asistencia a la mayor\u00eda de las actividades es gratuita, gracias a la participaci\u00f3n de nuevos patrocinadores, los asistentes que se alojen en pensi\u00f3n completa tendr\u00e1n un coste a\u00fan inferior. \u00c9sta es la segunda vez que se rebajan los precios de las actividades.Una vez confirmados nuevos patrocinios econ\u00f3micos para las 3jtasl (JORNADAS TECNOLOGICAS ANDALUZAS\" \/>\n\t\t<meta property=\"og:url\" content=\"https:\/\/ramonramon.org\/blog\/2006\/06\/29\/de-nuevo-bajan-los-precios-del-e-veranoorg\/\" \/>\n\t\t<meta property=\"og:image\" content=\"https:\/\/ramonramon.org\/blog\/wp-content\/uploads\/2023\/12\/cropped-Marca-RR-03_trans.png\" \/>\n\t\t<meta property=\"og:image:secure_url\" content=\"https:\/\/ramonramon.org\/blog\/wp-content\/uploads\/2023\/12\/cropped-Marca-RR-03_trans.png\" \/>\n\t\t<meta property=\"og:image:width\" content=\"2560\" \/>\n\t\t<meta property=\"og:image:height\" content=\"1709\" \/>\n\t\t<meta property=\"article:published_time\" content=\"2006-06-29T16:05:00+00:00\" \/>\n\t\t<meta property=\"article:modified_time\" content=\"2012-09-05T07:56:46+00:00\" \/>\n\t\t<meta property=\"article:publisher\" content=\"https:\/\/www.facebook.com\/ramonramon\" \/>\n\t\t<meta name=\"twitter:card\" content=\"summary_large_image\" \/>\n\t\t<meta name=\"twitter:site\" content=\"@ramonramon\" \/>\n\t\t<meta name=\"twitter:title\" content=\"De nuevo bajan los precios del e-verano.org.\" \/>\n\t\t<meta name=\"twitter:description\" content=\"Aunque la asistencia a la mayor\u00eda de las actividades es gratuita, gracias a la participaci\u00f3n de nuevos patrocinadores, los asistentes que se alojen en pensi\u00f3n completa tendr\u00e1n un coste a\u00fan inferior. \u00c9sta es la segunda vez que se rebajan los precios de las actividades.Una vez confirmados nuevos patrocinios econ\u00f3micos para las 3jtasl (JORNADAS TECNOLOGICAS ANDALUZAS\" \/>\n\t\t<meta name=\"twitter:image\" content=\"https:\/\/ramonramon.org\/blog\/wp-content\/uploads\/2023\/12\/cropped-Marca-RR-03_trans.png\" \/>\n\t\t<script type=\"application\/ld+json\" class=\"aioseo-schema\">\n\t\t\t{\"@context\":\"https:\\\/\\\/schema.org\",\"@graph\":[{\"@type\":\"BlogPosting\",\"@id\":\"https:\\\/\\\/ramonramon.org\\\/blog\\\/2006\\\/06\\\/29\\\/de-nuevo-bajan-los-precios-del-e-veranoorg\\\/#blogposting\",\"name\":\"De nuevo bajan los precios del e-verano.org.\",\"headline\":\"De nuevo bajan los precios del e-verano.org.\",\"author\":{\"@id\":\"https:\\\/\\\/ramonramon.org\\\/blog\\\/author\\\/admin\\\/#author\"},\"publisher\":{\"@id\":\"https:\\\/\\\/ramonramon.org\\\/blog\\\/#person\"},\"image\":{\"@type\":\"ImageObject\",\"@id\":\"https:\\\/\\\/ramonramon.org\\\/blog\\\/2006\\\/06\\\/29\\\/de-nuevo-bajan-los-precios-del-e-veranoorg\\\/#articleImage\",\"url\":\"https:\\\/\\\/ramonramon.org\\\/blog\\\/wp-content\\\/litespeed\\\/avatar\\\/42364fa67ab8a86686700065303abe2d.jpg?ver=1788115634\",\"width\":96,\"height\":96,\"caption\":\"Ram\\u00f3n Ram\\u00f3n\"},\"datePublished\":\"2006-06-29T18:05:00+02:00\",\"dateModified\":\"2012-09-05T09:56:46+02:00\",\"inLanguage\":\"es-ES\",\"commentCount\":4,\"mainEntityOfPage\":{\"@id\":\"https:\\\/\\\/ramonramon.org\\\/blog\\\/2006\\\/06\\\/29\\\/de-nuevo-bajan-los-precios-del-e-veranoorg\\\/#webpage\"},\"isPartOf\":{\"@id\":\"https:\\\/\\\/ramonramon.org\\\/blog\\\/2006\\\/06\\\/29\\\/de-nuevo-bajan-los-precios-del-e-veranoorg\\\/#webpage\"},\"articleSection\":\"Personal\"},{\"@type\":\"BreadcrumbList\",\"@id\":\"https:\\\/\\\/ramonramon.org\\\/blog\\\/2006\\\/06\\\/29\\\/de-nuevo-bajan-los-precios-del-e-veranoorg\\\/#breadcrumblist\",\"itemListElement\":[{\"@type\":\"ListItem\",\"@id\":\"https:\\\/\\\/ramonramon.org\\\/blog#listItem\",\"position\":1,\"name\":\"Inicio\",\"item\":\"https:\\\/\\\/ramonramon.org\\\/blog\",\"nextItem\":{\"@type\":\"ListItem\",\"@id\":\"https:\\\/\\\/ramonramon.org\\\/blog\\\/category\\\/personal\\\/#listItem\",\"name\":\"Personal\"}},{\"@type\":\"ListItem\",\"@id\":\"https:\\\/\\\/ramonramon.org\\\/blog\\\/category\\\/personal\\\/#listItem\",\"position\":2,\"name\":\"Personal\",\"item\":\"https:\\\/\\\/ramonramon.org\\\/blog\\\/category\\\/personal\\\/\",\"nextItem\":{\"@type\":\"ListItem\",\"@id\":\"https:\\\/\\\/ramonramon.org\\\/blog\\\/2006\\\/06\\\/29\\\/de-nuevo-bajan-los-precios-del-e-veranoorg\\\/#listItem\",\"name\":\"De nuevo bajan los precios del e-verano.org.\"},\"previousItem\":{\"@type\":\"ListItem\",\"@id\":\"https:\\\/\\\/ramonramon.org\\\/blog#listItem\",\"name\":\"Inicio\"}},{\"@type\":\"ListItem\",\"@id\":\"https:\\\/\\\/ramonramon.org\\\/blog\\\/2006\\\/06\\\/29\\\/de-nuevo-bajan-los-precios-del-e-veranoorg\\\/#listItem\",\"position\":3,\"name\":\"De nuevo bajan los precios del e-verano.org.\",\"previousItem\":{\"@type\":\"ListItem\",\"@id\":\"https:\\\/\\\/ramonramon.org\\\/blog\\\/category\\\/personal\\\/#listItem\",\"name\":\"Personal\"}}]},{\"@type\":\"Person\",\"@id\":\"https:\\\/\\\/ramonramon.org\\\/blog\\\/#person\",\"name\":\"Ram\\u00f3n Ram\\u00f3n\",\"image\":{\"@type\":\"ImageObject\",\"@id\":\"https:\\\/\\\/ramonramon.org\\\/blog\\\/2006\\\/06\\\/29\\\/de-nuevo-bajan-los-precios-del-e-veranoorg\\\/#personImage\",\"url\":\"https:\\\/\\\/ramonramon.org\\\/blog\\\/wp-content\\\/litespeed\\\/avatar\\\/42364fa67ab8a86686700065303abe2d.jpg?ver=1788115634\",\"width\":96,\"height\":96,\"caption\":\"Ram\\u00f3n Ram\\u00f3n\"}},{\"@type\":\"Person\",\"@id\":\"https:\\\/\\\/ramonramon.org\\\/blog\\\/author\\\/admin\\\/#author\",\"url\":\"https:\\\/\\\/ramonramon.org\\\/blog\\\/author\\\/admin\\\/\",\"name\":\"Ram\\u00f3n Ram\\u00f3n\",\"image\":{\"@type\":\"ImageObject\",\"@id\":\"https:\\\/\\\/ramonramon.org\\\/blog\\\/2006\\\/06\\\/29\\\/de-nuevo-bajan-los-precios-del-e-veranoorg\\\/#authorImage\",\"url\":\"https:\\\/\\\/ramonramon.org\\\/blog\\\/wp-content\\\/litespeed\\\/avatar\\\/42364fa67ab8a86686700065303abe2d.jpg?ver=1788115634\",\"width\":96,\"height\":96,\"caption\":\"Ram\\u00f3n Ram\\u00f3n\"}},{\"@type\":\"WebPage\",\"@id\":\"https:\\\/\\\/ramonramon.org\\\/blog\\\/2006\\\/06\\\/29\\\/de-nuevo-bajan-los-precios-del-e-veranoorg\\\/#webpage\",\"url\":\"https:\\\/\\\/ramonramon.org\\\/blog\\\/2006\\\/06\\\/29\\\/de-nuevo-bajan-los-precios-del-e-veranoorg\\\/\",\"name\":\"De nuevo bajan los precios del e-verano.org.\",\"description\":\"Aunque la asistencia a la mayor\\u00eda de las actividades es gratuita, gracias a la participaci\\u00f3n de nuevos patrocinadores, los asistentes que se alojen en pensi\\u00f3n completa tendr\\u00e1n un coste a\\u00fan inferior. \\u00c9sta es la segunda vez que se rebajan los precios de las actividades.Una vez confirmados nuevos patrocinios econ\\u00f3micos para las 3jtasl (JORNADAS TECNOLOGICAS ANDALUZAS\",\"inLanguage\":\"es-ES\",\"isPartOf\":{\"@id\":\"https:\\\/\\\/ramonramon.org\\\/blog\\\/#website\"},\"breadcrumb\":{\"@id\":\"https:\\\/\\\/ramonramon.org\\\/blog\\\/2006\\\/06\\\/29\\\/de-nuevo-bajan-los-precios-del-e-veranoorg\\\/#breadcrumblist\"},\"author\":{\"@id\":\"https:\\\/\\\/ramonramon.org\\\/blog\\\/author\\\/admin\\\/#author\"},\"creator\":{\"@id\":\"https:\\\/\\\/ramonramon.org\\\/blog\\\/author\\\/admin\\\/#author\"},\"datePublished\":\"2006-06-29T18:05:00+02:00\",\"dateModified\":\"2012-09-05T09:56:46+02:00\"},{\"@type\":\"WebSite\",\"@id\":\"https:\\\/\\\/ramonramon.org\\\/blog\\\/#website\",\"url\":\"https:\\\/\\\/ramonramon.org\\\/blog\\\/\",\"name\":\"RAMON RAMON\",\"description\":\"Comunicaci\\u00f3n pol\\u00edtica y campa\\u00f1as electorales\",\"inLanguage\":\"es-ES\",\"publisher\":{\"@id\":\"https:\\\/\\\/ramonramon.org\\\/blog\\\/#person\"}}]}\n\t\t<\/script>\n\t\t<!-- All in One SEO Pro -->\r\n\t\t<title>De nuevo bajan los precios del e-verano.org.<\/title>\n\n","aioseo_head_json":{"title":"De nuevo bajan los precios del e-verano.org.","description":"Aunque la asistencia a la mayor\u00eda de las actividades es gratuita, gracias a la participaci\u00f3n de nuevos patrocinadores, los asistentes que se alojen en pensi\u00f3n completa tendr\u00e1n un coste a\u00fan inferior. \u00c9sta es la segunda vez que se rebajan los precios de las actividades.Una vez confirmados nuevos patrocinios econ\u00f3micos para las 3jtasl (JORNADAS TECNOLOGICAS ANDALUZAS","canonical_url":"https:\/\/ramonramon.org\/blog\/2006\/06\/29\/de-nuevo-bajan-los-precios-del-e-veranoorg\/","robots":"max-image-preview:large","keywords":"","webmasterTools":{"miscellaneous":"&lt;!-- Google tag (gtag.js) --&gt;\n&lt;script async src=\"https:\/\/www.googletagmanager.com\/gtag\/js?id=G-5BVWGR1LLZ\"&gt;&lt;\/script&gt;\n&lt;script&gt;\n  window.dataLayer = window.dataLayer || [];\n  function gtag(){dataLayer.push(arguments);}\n  gtag('js', new Date());\n\n  gtag('config', 'G-5BVWGR1LLZ');\n&lt;\/script&gt;"},"schema":{"@context":"https:\/\/schema.org","@graph":[{"@type":"BlogPosting","@id":"https:\/\/ramonramon.org\/blog\/2006\/06\/29\/de-nuevo-bajan-los-precios-del-e-veranoorg\/#blogposting","name":"De nuevo bajan los precios del e-verano.org.","headline":"De nuevo bajan los precios del e-verano.org.","author":{"@id":"https:\/\/ramonramon.org\/blog\/author\/admin\/#author"},"publisher":{"@id":"https:\/\/ramonramon.org\/blog\/#person"},"image":{"@type":"ImageObject","@id":"https:\/\/ramonramon.org\/blog\/2006\/06\/29\/de-nuevo-bajan-los-precios-del-e-veranoorg\/#articleImage","url":"https:\/\/ramonramon.org\/blog\/wp-content\/litespeed\/avatar\/42364fa67ab8a86686700065303abe2d.jpg?ver=1788115634","width":96,"height":96,"caption":"Ram\u00f3n Ram\u00f3n"},"datePublished":"2006-06-29T18:05:00+02:00","dateModified":"2012-09-05T09:56:46+02:00","inLanguage":"es-ES","commentCount":4,"mainEntityOfPage":{"@id":"https:\/\/ramonramon.org\/blog\/2006\/06\/29\/de-nuevo-bajan-los-precios-del-e-veranoorg\/#webpage"},"isPartOf":{"@id":"https:\/\/ramonramon.org\/blog\/2006\/06\/29\/de-nuevo-bajan-los-precios-del-e-veranoorg\/#webpage"},"articleSection":"Personal"},{"@type":"BreadcrumbList","@id":"https:\/\/ramonramon.org\/blog\/2006\/06\/29\/de-nuevo-bajan-los-precios-del-e-veranoorg\/#breadcrumblist","itemListElement":[{"@type":"ListItem","@id":"https:\/\/ramonramon.org\/blog#listItem","position":1,"name":"Inicio","item":"https:\/\/ramonramon.org\/blog","nextItem":{"@type":"ListItem","@id":"https:\/\/ramonramon.org\/blog\/category\/personal\/#listItem","name":"Personal"}},{"@type":"ListItem","@id":"https:\/\/ramonramon.org\/blog\/category\/personal\/#listItem","position":2,"name":"Personal","item":"https:\/\/ramonramon.org\/blog\/category\/personal\/","nextItem":{"@type":"ListItem","@id":"https:\/\/ramonramon.org\/blog\/2006\/06\/29\/de-nuevo-bajan-los-precios-del-e-veranoorg\/#listItem","name":"De nuevo bajan los precios del e-verano.org."},"previousItem":{"@type":"ListItem","@id":"https:\/\/ramonramon.org\/blog#listItem","name":"Inicio"}},{"@type":"ListItem","@id":"https:\/\/ramonramon.org\/blog\/2006\/06\/29\/de-nuevo-bajan-los-precios-del-e-veranoorg\/#listItem","position":3,"name":"De nuevo bajan los precios del e-verano.org.","previousItem":{"@type":"ListItem","@id":"https:\/\/ramonramon.org\/blog\/category\/personal\/#listItem","name":"Personal"}}]},{"@type":"Person","@id":"https:\/\/ramonramon.org\/blog\/#person","name":"Ram\u00f3n Ram\u00f3n","image":{"@type":"ImageObject","@id":"https:\/\/ramonramon.org\/blog\/2006\/06\/29\/de-nuevo-bajan-los-precios-del-e-veranoorg\/#personImage","url":"https:\/\/ramonramon.org\/blog\/wp-content\/litespeed\/avatar\/42364fa67ab8a86686700065303abe2d.jpg?ver=1788115634","width":96,"height":96,"caption":"Ram\u00f3n Ram\u00f3n"}},{"@type":"Person","@id":"https:\/\/ramonramon.org\/blog\/author\/admin\/#author","url":"https:\/\/ramonramon.org\/blog\/author\/admin\/","name":"Ram\u00f3n Ram\u00f3n","image":{"@type":"ImageObject","@id":"https:\/\/ramonramon.org\/blog\/2006\/06\/29\/de-nuevo-bajan-los-precios-del-e-veranoorg\/#authorImage","url":"https:\/\/ramonramon.org\/blog\/wp-content\/litespeed\/avatar\/42364fa67ab8a86686700065303abe2d.jpg?ver=1788115634","width":96,"height":96,"caption":"Ram\u00f3n Ram\u00f3n"}},{"@type":"WebPage","@id":"https:\/\/ramonramon.org\/blog\/2006\/06\/29\/de-nuevo-bajan-los-precios-del-e-veranoorg\/#webpage","url":"https:\/\/ramonramon.org\/blog\/2006\/06\/29\/de-nuevo-bajan-los-precios-del-e-veranoorg\/","name":"De nuevo bajan los precios del e-verano.org.","description":"Aunque la asistencia a la mayor\u00eda de las actividades es gratuita, gracias a la participaci\u00f3n de nuevos patrocinadores, los asistentes que se alojen en pensi\u00f3n completa tendr\u00e1n un coste a\u00fan inferior. \u00c9sta es la segunda vez que se rebajan los precios de las actividades.Una vez confirmados nuevos patrocinios econ\u00f3micos para las 3jtasl (JORNADAS TECNOLOGICAS ANDALUZAS","inLanguage":"es-ES","isPartOf":{"@id":"https:\/\/ramonramon.org\/blog\/#website"},"breadcrumb":{"@id":"https:\/\/ramonramon.org\/blog\/2006\/06\/29\/de-nuevo-bajan-los-precios-del-e-veranoorg\/#breadcrumblist"},"author":{"@id":"https:\/\/ramonramon.org\/blog\/author\/admin\/#author"},"creator":{"@id":"https:\/\/ramonramon.org\/blog\/author\/admin\/#author"},"datePublished":"2006-06-29T18:05:00+02:00","dateModified":"2012-09-05T09:56:46+02:00"},{"@type":"WebSite","@id":"https:\/\/ramonramon.org\/blog\/#website","url":"https:\/\/ramonramon.org\/blog\/","name":"RAMON RAMON","description":"Comunicaci\u00f3n pol\u00edtica y campa\u00f1as electorales","inLanguage":"es-ES","publisher":{"@id":"https:\/\/ramonramon.org\/blog\/#person"}}]},"og:locale":"es_ES","og:site_name":"Ram\u00f3n Ram\u00f3n - Comunicaci\u00f3n pol\u00edtica y campa\u00f1as electorales","og:type":"article","og:title":"De nuevo bajan los precios del e-verano.org.","og:description":"Aunque la asistencia a la mayor\u00eda de las actividades es gratuita, gracias a la participaci\u00f3n de nuevos patrocinadores, los asistentes que se alojen en pensi\u00f3n completa tendr\u00e1n un coste a\u00fan inferior. \u00c9sta es la segunda vez que se rebajan los precios de las actividades.Una vez confirmados nuevos patrocinios econ\u00f3micos para las 3jtasl (JORNADAS TECNOLOGICAS ANDALUZAS","og:url":"https:\/\/ramonramon.org\/blog\/2006\/06\/29\/de-nuevo-bajan-los-precios-del-e-veranoorg\/","og:image":"https:\/\/ramonramon.org\/blog\/wp-content\/uploads\/2023\/12\/cropped-Marca-RR-03_trans.png","og:image:secure_url":"https:\/\/ramonramon.org\/blog\/wp-content\/uploads\/2023\/12\/cropped-Marca-RR-03_trans.png","og:image:width":2560,"og:image:height":1709,"article:published_time":"2006-06-29T16:05:00+00:00","article:modified_time":"2012-09-05T07:56:46+00:00","article:publisher":"https:\/\/www.facebook.com\/ramonramon","twitter:card":"summary_large_image","twitter:site":"@ramonramon","twitter:title":"De nuevo bajan los precios del e-verano.org.","twitter:description":"Aunque la asistencia a la mayor\u00eda de las actividades es gratuita, gracias a la participaci\u00f3n de nuevos patrocinadores, los asistentes que se alojen en pensi\u00f3n completa tendr\u00e1n un coste a\u00fan inferior. \u00c9sta es la segunda vez que se rebajan los precios de las actividades.Una vez confirmados nuevos patrocinios econ\u00f3micos para las 3jtasl (JORNADAS TECNOLOGICAS ANDALUZAS","twitter:image":"https:\/\/ramonramon.org\/blog\/wp-content\/uploads\/2023\/12\/cropped-Marca-RR-03_trans.png"},"aioseo_meta_data":{"post_id":"71","title":null,"description":null,"keywords":null,"keyphrases":null,"primary_term":null,"canonical_url":null,"og_title":null,"og_description":null,"og_object_type":"default","og_image_type":"default","og_image_url":null,"og_image_width":null,"og_image_height":null,"og_image_custom_url":null,"og_image_custom_fields":null,"og_video":null,"og_custom_url":null,"og_article_section":null,"og_article_tags":null,"twitter_use_og":false,"twitter_card":"default","twitter_image_type":"default","twitter_image_url":null,"twitter_image_custom_url":null,"twitter_image_custom_fields":null,"twitter_title":null,"twitter_description":null,"schema":{"blockGraphs":[],"customGraphs":[],"default":{"data":{"Article":[],"Course":[],"Dataset":[],"FAQPage":[],"Movie":[],"Person":[],"Product":[],"ProductReview":[],"Car":[],"Recipe":[],"Service":[],"SoftwareApplication":[],"WebPage":[]},"graphName":"","isEnabled":true},"graphs":[]},"schema_type":"default","schema_type_options":null,"pillar_content":false,"robots_default":true,"robots_noindex":false,"robots_noarchive":false,"robots_nosnippet":false,"robots_nofollow":false,"robots_noimageindex":false,"robots_noodp":false,"robots_notranslate":false,"robots_max_snippet":null,"robots_max_videopreview":null,"robots_max_imagepreview":"large","priority":null,"frequency":null,"local_seo":null,"seo_analyzer_scan_date":"2026-06-28 16:40:08","breadcrumb_settings":null,"limit_modified_date":false,"ai":null,"created":"2023-08-04 02:55:02","updated":"2026-06-28 16:40:08","focus_keyword":null,"truseo":null,"additional_keywords":null,"truseo_locale":null},"aioseo_breadcrumb":"<div class=\"aioseo-breadcrumbs\"><span class=\"aioseo-breadcrumb\">\n\t<a href=\"https:\/\/ramonramon.org\/blog\" title=\"Inicio\">Inicio<\/a>\n<\/span><span class=\"aioseo-breadcrumb-separator\">&raquo;<\/span><span class=\"aioseo-breadcrumb\">\n\t<a href=\"https:\/\/ramonramon.org\/blog\/category\/personal\/\" title=\"Personal\">Personal<\/a>\n<\/span><span class=\"aioseo-breadcrumb-separator\">&raquo;<\/span><span class=\"aioseo-breadcrumb\">\n\tDe nuevo bajan los precios del e-verano.org.\n<\/span><\/div>","aioseo_breadcrumb_json":[{"label":"Inicio","link":"https:\/\/ramonramon.org\/blog"},{"label":"Personal","link":"https:\/\/ramonramon.org\/blog\/category\/personal\/"},{"label":"De nuevo bajan los precios del e-verano.org.","link":"https:\/\/ramonramon.org\/blog\/2006\/06\/29\/de-nuevo-bajan-los-precios-del-e-veranoorg\/"}],"_links":{"self":[{"href":"https:\/\/ramonramon.org\/blog\/wp-json\/wp\/v2\/posts\/71","targetHints":{"allow":["GET"]}}],"collection":[{"href":"https:\/\/ramonramon.org\/blog\/wp-json\/wp\/v2\/posts"}],"about":[{"href":"https:\/\/ramonramon.org\/blog\/wp-json\/wp\/v2\/types\/post"}],"author":[{"embeddable":true,"href":"https:\/\/ramonramon.org\/blog\/wp-json\/wp\/v2\/users\/2070"}],"replies":[{"embeddable":true,"href":"https:\/\/ramonramon.org\/blog\/wp-json\/wp\/v2\/comments?post=71"}],"version-history":[{"count":0,"href":"https:\/\/ramonramon.org\/blog\/wp-json\/wp\/v2\/posts\/71\/revisions"}],"wp:attachment":[{"href":"https:\/\/ramonramon.org\/blog\/wp-json\/wp\/v2\/media?parent=71"}],"wp:term":[{"taxonomy":"category","embeddable":true,"href":"https:\/\/ramonramon.org\/blog\/wp-json\/wp\/v2\/categories?post=71"},{"taxonomy":"post_tag","embeddable":true,"href":"https:\/\/ramonramon.org\/blog\/wp-json\/wp\/v2\/tags?post=71"}],"curies":[{"name":"wp","href":"https:\/\/api.w.org\/{rel}","templated":true}]}}