{"id":662,"date":"2008-08-25T17:34:57","date_gmt":"2008-08-25T16:34:57","guid":{"rendered":"https:\/\/www.ramonramon.org\/blog\/?p=662"},"modified":"2012-07-07T19:07:39","modified_gmt":"2012-07-07T17:07:39","slug":"la-izquierda-europea-apuesta-por-el-software-libre-en-el-parlamento","status":"publish","type":"post","link":"https:\/\/ramonramon.org\/blog\/2008\/08\/25\/la-izquierda-europea-apuesta-por-el-software-libre-en-el-parlamento\/","title":{"rendered":"La izquierda europea apuesta por el software libre en el parlamento"},"content":{"rendered":"<p>Parece que poco a poco nuestros pol\u00edticos comienzan a darse cuenta de todas las ventajas que ofrece el software libre, tanto para su propia gesti\u00f3n como para la sociedad en general, y maravillado leo en un peri\u00f3dico digital el siguiente titular: <strong>\u00abParlamentarios europeos de izquierdas propondr\u00e1n una directiva para obligar a los estados miembros a utilizar software libre\u00bb<\/strong> con el a\u00fan igual de contundente subtitular:\u00bb<em>Los europarlamentarios entienden necesaria la medida para fomentar la eficiencia de la administraci\u00f3n y el mejor destino de los recursos\u00bb<\/em><\/p>\n<p>Ya era hora que en el parlamento europeo se comenzara a legislar en ese sentido, y aunque seg\u00fan cuentan en la misma publicaci\u00f3n \u00abest\u00e1n redactando la propuesta\u00bb me parece muy significativo todo lo que dicen en el art\u00edculo, tanto, que adem\u00e1s creo que en este caso no puedo resumirlo, y aunque pongo el enlace al texto original, tambi\u00e9n hago un copiado casi \u00edntegro de la noticia:<\/p>\n<p class=\"spip\"><em>Un grupo de parlamentarios europeos de los grupos de Izquierdas est\u00e1n redactando una propuesta para la aprobaci\u00f3n por parte de la<span style=\"text-decoration: underline;\"> comisi\u00f3n europea de una directiva que obligue a los estados miembros a utilizar exclusivamente software libre<\/span>.<\/em><\/p>\n<p class=\"spip\"><em>Con esta iniciativa los parlamentarios <strong>pretenden forzar a las administraciones p\u00fablicas de los estados miembros a que antes de 2010 utilicen software libre<\/strong> o, en aquellos casos en que no resulte posible el uso de \u00e9ste, a utilizar software realizado a medida por los servicios y el personal que presta servicios en dichas administraciones.<\/em><\/p>\n<p><em>Los europarlamentarios, que entienden <strong>necesaria la medida para fomentar la eficiencia de la administraci\u00f3n y el mejor destino de los recursos<\/strong>, estudian si las exigencias se aplicar\u00e1n exclusivamente para las administraciones nacionales de los estados o si \u00e9stas pueden ampliarse a la administraci\u00f3n regional y local, en cuyo caso se les aplicar\u00eda unos plazos m\u00e1s amplios.<\/em><\/p>\n","protected":false},"excerpt":{"rendered":"<p>Parece que poco a poco nuestros pol\u00edticos comienzan a darse cuenta de todas las ventajas que ofrece el software libre, tanto para su propia gesti\u00f3n como para la sociedad en general, y maravillado leo en un peri\u00f3dico digital el siguiente titular: \u00abParlamentarios europeos de izquierdas propondr\u00e1n una directiva para obligar a los estados miembros a&hellip;&nbsp;<a href=\"https:\/\/ramonramon.org\/blog\/2008\/08\/25\/la-izquierda-europea-apuesta-por-el-software-libre-en-el-parlamento\/\" rel=\"bookmark\">Leer m\u00e1s &raquo;<span class=\"screen-reader-text\">La izquierda europea apuesta por el software libre en el parlamento<\/span><\/a><\/p>\n","protected":false},"author":2070,"featured_media":0,"comment_status":"open","ping_status":"open","sticky":false,"template":"","format":"standard","meta":{"neve_meta_sidebar":"","neve_meta_container":"","neve_meta_enable_content_width":"","neve_meta_content_width":0,"neve_meta_title_alignment":"","neve_meta_author_avatar":"","neve_post_elements_order":"","neve_meta_disable_header":"","neve_meta_disable_footer":"","neve_meta_disable_title":"","footnotes":""},"categories":[3,18,27],"tags":[356,2003,746],"class_list":["post-662","post","type-post","status-publish","format-standard","hentry","category-administraciones-publicas","category-libertad-tecnologica","category-software-libre","tag-europa","tag-software-libre","tag-software-libre-en-la-administracion-publica"],"aioseo_notices":[],"_links":{"self":[{"href":"https:\/\/ramonramon.org\/blog\/wp-json\/wp\/v2\/posts\/662","targetHints":{"allow":["GET"]}}],"collection":[{"href":"https:\/\/ramonramon.org\/blog\/wp-json\/wp\/v2\/posts"}],"about":[{"href":"https:\/\/ramonramon.org\/blog\/wp-json\/wp\/v2\/types\/post"}],"author":[{"embeddable":true,"href":"https:\/\/ramonramon.org\/blog\/wp-json\/wp\/v2\/users\/2070"}],"replies":[{"embeddable":true,"href":"https:\/\/ramonramon.org\/blog\/wp-json\/wp\/v2\/comments?post=662"}],"version-history":[{"count":0,"href":"https:\/\/ramonramon.org\/blog\/wp-json\/wp\/v2\/posts\/662\/revisions"}],"wp:attachment":[{"href":"https:\/\/ramonramon.org\/blog\/wp-json\/wp\/v2\/media?parent=662"}],"wp:term":[{"taxonomy":"category","embeddable":true,"href":"https:\/\/ramonramon.org\/blog\/wp-json\/wp\/v2\/categories?post=662"},{"taxonomy":"post_tag","embeddable":true,"href":"https:\/\/ramonramon.org\/blog\/wp-json\/wp\/v2\/tags?post=662"}],"curies":[{"name":"wp","href":"https:\/\/api.w.org\/{rel}","templated":true}]}}