{"id":6,"date":"2005-11-27T16:26:00","date_gmt":"2005-11-27T14:26:00","guid":{"rendered":"https:\/\/www.ramonramon.org\/blog\/2005\/11\/27\/una-nueva-y-buena-noticia-para-el-sw-libre\/"},"modified":"2005-11-27T16:26:00","modified_gmt":"2005-11-27T14:26:00","slug":"una-nueva-y-buena-noticia-para-el-sw-libre","status":"publish","type":"post","link":"https:\/\/ramonramon.org\/blog\/2005\/11\/27\/una-nueva-y-buena-noticia-para-el-sw-libre\/","title":{"rendered":"Una nueva y buena noticia para el Sw Libre"},"content":{"rendered":"<p>Seg\u00fan leo en algunas p\u00fablicaciones y webs, Par\u00eds parece que se apunta tambi\u00e9n al carro del Sw Libre.  Mientras que en mi trabajo (una administraci\u00f3n p\u00fablica) siguen sin ni siquiera permitirme usar exclusivamente sw libre, fuentes de la administraci\u00f3n local de Par\u00eds, afirman con rotundidad que la migraci\u00f3n les <span lang=\"es\">permitir\u00e1 reducir la dependencia tecnol\u00f3gica de proveedores.<br \/>Os pongo algunos fragmentos de esta noticia, una m\u00e1s de tantas otras iniciativas, que espero pronto sean lo habitual: \u00ab<\/span><span lang=\"es\">A principios de este a\u00f1o, los empleados fueron invitados a  descargar e instalar en sus ordenadores herramientas y aplicaciones de c\u00f3digo  abierto como Firefox y OpenOffice.org. Un buen n\u00famero de empleados se sumaron a  esta invitaci\u00f3n y empezaron a utilizar estas herramientas.<\/p>\n<p>Ahora la Administraci\u00f3n local esta planificando la migraci\u00f3n de departamentos  enteros e incluso todas las dependencias de un distrito de los veinte con las  que cuenta la ciudad.<\/p>\n<p>La ciudad tambi\u00e9n ha migrado gran parte de sus servidores a Linux. De los 395  servidors, 195 ya operan bajo el sistema operativo de c\u00f3digo abierto.<\/p>\n<p>En las escuelas primarias (bajo la autoridad municipal), se han instalado ya  2150 ordenadores con Open Office y el objetivo es alcanzar los 3.000 en marzo  del2006.<\/p>\n<p>El objetivo, seg\u00fan fuentes de la administraci\u00f3n, es ir migrando servidores y  desktops (en la medida de lo posible) a Linux con la idea de reducir la factura  y la dependencia tecnologica.<\/p>\n<p><b>Contribuyendo a la comunidad<\/b><\/p>\n<p>La ciudad de Paris no solamente se ha beneficiado del software libre para  reducir sus gastos sino que adem\u00e1s esta contribuyendo con sus propias  aportaciones a la comunidad.<\/p>\n<p>En el 2002 libero el c\u00f3digo de gesti\u00f3n de contenidos \u00abLutece\u00bb, que es el  utilizado por la administraci\u00f3n.<\/p>\n<p>Ahora ya trabaja para liberar el c\u00f3digo de otras siete aplicaciones de la  Administraci\u00f3n. Estas incluyen funciones como reserva de instalaciones  deportivas, gesti\u00f3n de espacios para aparcamiento, mapas de internet, an\u00e1lisis  de riesgos para la salud, etc \u00ab<\/span><\/p>\n","protected":false},"excerpt":{"rendered":"<p>Seg\u00fan leo en algunas p\u00fablicaciones y webs, Par\u00eds parece que se apunta tambi\u00e9n al carro del Sw Libre. Mientras que en mi trabajo (una administraci\u00f3n p\u00fablica) siguen sin ni siquiera permitirme usar exclusivamente sw libre, fuentes de la administraci\u00f3n local de Par\u00eds, afirman con rotundidad que la migraci\u00f3n les permitir\u00e1 reducir la dependencia tecnol\u00f3gica de&hellip;&nbsp;<a href=\"https:\/\/ramonramon.org\/blog\/2005\/11\/27\/una-nueva-y-buena-noticia-para-el-sw-libre\/\" rel=\"bookmark\">Leer m\u00e1s &raquo;<span class=\"screen-reader-text\">Una nueva y buena noticia para el Sw Libre<\/span><\/a><\/p>\n","protected":false},"author":2070,"featured_media":0,"comment_status":"open","ping_status":"open","sticky":false,"template":"","format":"standard","meta":{"neve_meta_sidebar":"","neve_meta_container":"","neve_meta_enable_content_width":"","neve_meta_content_width":0,"neve_meta_title_alignment":"","neve_meta_author_avatar":"","neve_post_elements_order":"","neve_meta_disable_header":"","neve_meta_disable_footer":"","neve_meta_disable_title":"","footnotes":""},"categories":[23],"tags":[],"class_list":["post-6","post","type-post","status-publish","format-standard","hentry","category-personal"],"aioseo_notices":[],"aioseo_head":"\n\t\t<!-- All in One SEO Pro 4.9.9 - aioseo.com -->\n\t<meta name=\"description\" content=\"Seg\u00fan leo en algunas p\u00fablicaciones y webs, Par\u00eds parece que se apunta tambi\u00e9n al carro del Sw Libre. Mientras que en mi trabajo (una administraci\u00f3n p\u00fablica) siguen sin ni siquiera permitirme usar exclusivamente sw libre, fuentes de la administraci\u00f3n local de Par\u00eds, afirman con rotundidad que la migraci\u00f3n les permitir\u00e1 reducir la dependencia tecnol\u00f3gica de\" \/>\n\t<meta name=\"robots\" content=\"max-image-preview:large\" \/>\n\t<meta name=\"author\" content=\"Ram\u00f3n Ram\u00f3n\"\/>\n\t<link rel=\"canonical\" href=\"https:\/\/ramonramon.org\/blog\/2005\/11\/27\/una-nueva-y-buena-noticia-para-el-sw-libre\/\" \/>\n\t<meta name=\"generator\" content=\"All in One SEO Pro (AIOSEO) 4.9.9\" \/>\n\n\t\t<!-- Google tag (gtag.js) -->\n<script async src=\"https:\/\/www.googletagmanager.com\/gtag\/js?id=G-5BVWGR1LLZ\"><\/script>\n<script>\n  window.dataLayer = window.dataLayer || [];\n  function gtag(){dataLayer.push(arguments);}\n  gtag('js', new Date());\n\n  gtag('config', 'G-5BVWGR1LLZ');\n<\/script>\n\t\t<meta property=\"og:locale\" content=\"es_ES\" \/>\n\t\t<meta property=\"og:site_name\" content=\"Ram\u00f3n Ram\u00f3n - Comunicaci\u00f3n pol\u00edtica y campa\u00f1as electorales\" \/>\n\t\t<meta property=\"og:type\" content=\"article\" \/>\n\t\t<meta property=\"og:title\" content=\"Una nueva y buena noticia para el Sw Libre\" \/>\n\t\t<meta property=\"og:description\" content=\"Seg\u00fan leo en algunas p\u00fablicaciones y webs, Par\u00eds parece que se apunta tambi\u00e9n al carro del Sw Libre. Mientras que en mi trabajo (una administraci\u00f3n p\u00fablica) siguen sin ni siquiera permitirme usar exclusivamente sw libre, fuentes de la administraci\u00f3n local de Par\u00eds, afirman con rotundidad que la migraci\u00f3n les permitir\u00e1 reducir la dependencia tecnol\u00f3gica de\" \/>\n\t\t<meta property=\"og:url\" content=\"https:\/\/ramonramon.org\/blog\/2005\/11\/27\/una-nueva-y-buena-noticia-para-el-sw-libre\/\" \/>\n\t\t<meta property=\"og:image\" content=\"https:\/\/ramonramon.org\/blog\/wp-content\/uploads\/2023\/12\/cropped-Marca-RR-03_trans.png\" \/>\n\t\t<meta property=\"og:image:secure_url\" content=\"https:\/\/ramonramon.org\/blog\/wp-content\/uploads\/2023\/12\/cropped-Marca-RR-03_trans.png\" \/>\n\t\t<meta property=\"og:image:width\" content=\"2560\" \/>\n\t\t<meta property=\"og:image:height\" content=\"1709\" \/>\n\t\t<meta property=\"article:published_time\" content=\"2005-11-27T14:26:00+00:00\" \/>\n\t\t<meta property=\"article:modified_time\" content=\"2005-11-27T14:26:00+00:00\" \/>\n\t\t<meta property=\"article:publisher\" content=\"https:\/\/www.facebook.com\/ramonramon\" \/>\n\t\t<meta name=\"twitter:card\" content=\"summary_large_image\" \/>\n\t\t<meta name=\"twitter:site\" content=\"@ramonramon\" \/>\n\t\t<meta name=\"twitter:title\" content=\"Una nueva y buena noticia para el Sw Libre\" \/>\n\t\t<meta name=\"twitter:description\" content=\"Seg\u00fan leo en algunas p\u00fablicaciones y webs, Par\u00eds parece que se apunta tambi\u00e9n al carro del Sw Libre. Mientras que en mi trabajo (una administraci\u00f3n p\u00fablica) siguen sin ni siquiera permitirme usar exclusivamente sw libre, fuentes de la administraci\u00f3n local de Par\u00eds, afirman con rotundidad que la migraci\u00f3n les permitir\u00e1 reducir la dependencia tecnol\u00f3gica de\" \/>\n\t\t<meta name=\"twitter:image\" content=\"https:\/\/ramonramon.org\/blog\/wp-content\/uploads\/2023\/12\/cropped-Marca-RR-03_trans.png\" \/>\n\t\t<script type=\"application\/ld+json\" class=\"aioseo-schema\">\n\t\t\t{\"@context\":\"https:\\\/\\\/schema.org\",\"@graph\":[{\"@type\":\"BlogPosting\",\"@id\":\"https:\\\/\\\/ramonramon.org\\\/blog\\\/2005\\\/11\\\/27\\\/una-nueva-y-buena-noticia-para-el-sw-libre\\\/#blogposting\",\"name\":\"Una nueva y buena noticia para el Sw Libre\",\"headline\":\"Una nueva y buena noticia para el Sw Libre\",\"author\":{\"@id\":\"https:\\\/\\\/ramonramon.org\\\/blog\\\/author\\\/admin\\\/#author\"},\"publisher\":{\"@id\":\"https:\\\/\\\/ramonramon.org\\\/blog\\\/#person\"},\"image\":{\"@type\":\"ImageObject\",\"@id\":\"https:\\\/\\\/ramonramon.org\\\/blog\\\/2005\\\/11\\\/27\\\/una-nueva-y-buena-noticia-para-el-sw-libre\\\/#articleImage\",\"url\":\"https:\\\/\\\/ramonramon.org\\\/blog\\\/wp-content\\\/litespeed\\\/avatar\\\/42364fa67ab8a86686700065303abe2d.jpg?ver=1788115634\",\"width\":96,\"height\":96,\"caption\":\"Ram\\u00f3n Ram\\u00f3n\"},\"datePublished\":\"2005-11-27T16:26:00+01:00\",\"dateModified\":\"2005-11-27T16:26:00+01:00\",\"inLanguage\":\"es-ES\",\"commentCount\":2,\"mainEntityOfPage\":{\"@id\":\"https:\\\/\\\/ramonramon.org\\\/blog\\\/2005\\\/11\\\/27\\\/una-nueva-y-buena-noticia-para-el-sw-libre\\\/#webpage\"},\"isPartOf\":{\"@id\":\"https:\\\/\\\/ramonramon.org\\\/blog\\\/2005\\\/11\\\/27\\\/una-nueva-y-buena-noticia-para-el-sw-libre\\\/#webpage\"},\"articleSection\":\"Personal\"},{\"@type\":\"BreadcrumbList\",\"@id\":\"https:\\\/\\\/ramonramon.org\\\/blog\\\/2005\\\/11\\\/27\\\/una-nueva-y-buena-noticia-para-el-sw-libre\\\/#breadcrumblist\",\"itemListElement\":[{\"@type\":\"ListItem\",\"@id\":\"https:\\\/\\\/ramonramon.org\\\/blog#listItem\",\"position\":1,\"name\":\"Inicio\",\"item\":\"https:\\\/\\\/ramonramon.org\\\/blog\",\"nextItem\":{\"@type\":\"ListItem\",\"@id\":\"https:\\\/\\\/ramonramon.org\\\/blog\\\/category\\\/personal\\\/#listItem\",\"name\":\"Personal\"}},{\"@type\":\"ListItem\",\"@id\":\"https:\\\/\\\/ramonramon.org\\\/blog\\\/category\\\/personal\\\/#listItem\",\"position\":2,\"name\":\"Personal\",\"item\":\"https:\\\/\\\/ramonramon.org\\\/blog\\\/category\\\/personal\\\/\",\"nextItem\":{\"@type\":\"ListItem\",\"@id\":\"https:\\\/\\\/ramonramon.org\\\/blog\\\/2005\\\/11\\\/27\\\/una-nueva-y-buena-noticia-para-el-sw-libre\\\/#listItem\",\"name\":\"Una nueva y buena noticia para el Sw Libre\"},\"previousItem\":{\"@type\":\"ListItem\",\"@id\":\"https:\\\/\\\/ramonramon.org\\\/blog#listItem\",\"name\":\"Inicio\"}},{\"@type\":\"ListItem\",\"@id\":\"https:\\\/\\\/ramonramon.org\\\/blog\\\/2005\\\/11\\\/27\\\/una-nueva-y-buena-noticia-para-el-sw-libre\\\/#listItem\",\"position\":3,\"name\":\"Una nueva y buena noticia para el Sw Libre\",\"previousItem\":{\"@type\":\"ListItem\",\"@id\":\"https:\\\/\\\/ramonramon.org\\\/blog\\\/category\\\/personal\\\/#listItem\",\"name\":\"Personal\"}}]},{\"@type\":\"Person\",\"@id\":\"https:\\\/\\\/ramonramon.org\\\/blog\\\/#person\",\"name\":\"Ram\\u00f3n Ram\\u00f3n\",\"image\":{\"@type\":\"ImageObject\",\"@id\":\"https:\\\/\\\/ramonramon.org\\\/blog\\\/2005\\\/11\\\/27\\\/una-nueva-y-buena-noticia-para-el-sw-libre\\\/#personImage\",\"url\":\"https:\\\/\\\/ramonramon.org\\\/blog\\\/wp-content\\\/litespeed\\\/avatar\\\/42364fa67ab8a86686700065303abe2d.jpg?ver=1788115634\",\"width\":96,\"height\":96,\"caption\":\"Ram\\u00f3n Ram\\u00f3n\"}},{\"@type\":\"Person\",\"@id\":\"https:\\\/\\\/ramonramon.org\\\/blog\\\/author\\\/admin\\\/#author\",\"url\":\"https:\\\/\\\/ramonramon.org\\\/blog\\\/author\\\/admin\\\/\",\"name\":\"Ram\\u00f3n Ram\\u00f3n\",\"image\":{\"@type\":\"ImageObject\",\"@id\":\"https:\\\/\\\/ramonramon.org\\\/blog\\\/2005\\\/11\\\/27\\\/una-nueva-y-buena-noticia-para-el-sw-libre\\\/#authorImage\",\"url\":\"https:\\\/\\\/ramonramon.org\\\/blog\\\/wp-content\\\/litespeed\\\/avatar\\\/42364fa67ab8a86686700065303abe2d.jpg?ver=1788115634\",\"width\":96,\"height\":96,\"caption\":\"Ram\\u00f3n Ram\\u00f3n\"}},{\"@type\":\"WebPage\",\"@id\":\"https:\\\/\\\/ramonramon.org\\\/blog\\\/2005\\\/11\\\/27\\\/una-nueva-y-buena-noticia-para-el-sw-libre\\\/#webpage\",\"url\":\"https:\\\/\\\/ramonramon.org\\\/blog\\\/2005\\\/11\\\/27\\\/una-nueva-y-buena-noticia-para-el-sw-libre\\\/\",\"name\":\"Una nueva y buena noticia para el Sw Libre\",\"description\":\"Seg\\u00fan leo en algunas p\\u00fablicaciones y webs, Par\\u00eds parece que se apunta tambi\\u00e9n al carro del Sw Libre. Mientras que en mi trabajo (una administraci\\u00f3n p\\u00fablica) siguen sin ni siquiera permitirme usar exclusivamente sw libre, fuentes de la administraci\\u00f3n local de Par\\u00eds, afirman con rotundidad que la migraci\\u00f3n les permitir\\u00e1 reducir la dependencia tecnol\\u00f3gica de\",\"inLanguage\":\"es-ES\",\"isPartOf\":{\"@id\":\"https:\\\/\\\/ramonramon.org\\\/blog\\\/#website\"},\"breadcrumb\":{\"@id\":\"https:\\\/\\\/ramonramon.org\\\/blog\\\/2005\\\/11\\\/27\\\/una-nueva-y-buena-noticia-para-el-sw-libre\\\/#breadcrumblist\"},\"author\":{\"@id\":\"https:\\\/\\\/ramonramon.org\\\/blog\\\/author\\\/admin\\\/#author\"},\"creator\":{\"@id\":\"https:\\\/\\\/ramonramon.org\\\/blog\\\/author\\\/admin\\\/#author\"},\"datePublished\":\"2005-11-27T16:26:00+01:00\",\"dateModified\":\"2005-11-27T16:26:00+01:00\"},{\"@type\":\"WebSite\",\"@id\":\"https:\\\/\\\/ramonramon.org\\\/blog\\\/#website\",\"url\":\"https:\\\/\\\/ramonramon.org\\\/blog\\\/\",\"name\":\"RAMON RAMON\",\"description\":\"Comunicaci\\u00f3n pol\\u00edtica y campa\\u00f1as electorales\",\"inLanguage\":\"es-ES\",\"publisher\":{\"@id\":\"https:\\\/\\\/ramonramon.org\\\/blog\\\/#person\"}}]}\n\t\t<\/script>\n\t\t<!-- All in One SEO Pro -->\r\n\t\t<title>Una nueva y buena noticia para el Sw Libre<\/title>\n\n","aioseo_head_json":{"title":"Una nueva y buena noticia para el Sw Libre","description":"Seg\u00fan leo en algunas p\u00fablicaciones y webs, Par\u00eds parece que se apunta tambi\u00e9n al carro del Sw Libre. Mientras que en mi trabajo (una administraci\u00f3n p\u00fablica) siguen sin ni siquiera permitirme usar exclusivamente sw libre, fuentes de la administraci\u00f3n local de Par\u00eds, afirman con rotundidad que la migraci\u00f3n les permitir\u00e1 reducir la dependencia tecnol\u00f3gica de","canonical_url":"https:\/\/ramonramon.org\/blog\/2005\/11\/27\/una-nueva-y-buena-noticia-para-el-sw-libre\/","robots":"max-image-preview:large","keywords":"","webmasterTools":{"miscellaneous":"&lt;!-- Google tag (gtag.js) --&gt;\n&lt;script async src=\"https:\/\/www.googletagmanager.com\/gtag\/js?id=G-5BVWGR1LLZ\"&gt;&lt;\/script&gt;\n&lt;script&gt;\n  window.dataLayer = window.dataLayer || [];\n  function gtag(){dataLayer.push(arguments);}\n  gtag('js', new Date());\n\n  gtag('config', 'G-5BVWGR1LLZ');\n&lt;\/script&gt;"},"schema":{"@context":"https:\/\/schema.org","@graph":[{"@type":"BlogPosting","@id":"https:\/\/ramonramon.org\/blog\/2005\/11\/27\/una-nueva-y-buena-noticia-para-el-sw-libre\/#blogposting","name":"Una nueva y buena noticia para el Sw Libre","headline":"Una nueva y buena noticia para el Sw Libre","author":{"@id":"https:\/\/ramonramon.org\/blog\/author\/admin\/#author"},"publisher":{"@id":"https:\/\/ramonramon.org\/blog\/#person"},"image":{"@type":"ImageObject","@id":"https:\/\/ramonramon.org\/blog\/2005\/11\/27\/una-nueva-y-buena-noticia-para-el-sw-libre\/#articleImage","url":"https:\/\/ramonramon.org\/blog\/wp-content\/litespeed\/avatar\/42364fa67ab8a86686700065303abe2d.jpg?ver=1788115634","width":96,"height":96,"caption":"Ram\u00f3n Ram\u00f3n"},"datePublished":"2005-11-27T16:26:00+01:00","dateModified":"2005-11-27T16:26:00+01:00","inLanguage":"es-ES","commentCount":2,"mainEntityOfPage":{"@id":"https:\/\/ramonramon.org\/blog\/2005\/11\/27\/una-nueva-y-buena-noticia-para-el-sw-libre\/#webpage"},"isPartOf":{"@id":"https:\/\/ramonramon.org\/blog\/2005\/11\/27\/una-nueva-y-buena-noticia-para-el-sw-libre\/#webpage"},"articleSection":"Personal"},{"@type":"BreadcrumbList","@id":"https:\/\/ramonramon.org\/blog\/2005\/11\/27\/una-nueva-y-buena-noticia-para-el-sw-libre\/#breadcrumblist","itemListElement":[{"@type":"ListItem","@id":"https:\/\/ramonramon.org\/blog#listItem","position":1,"name":"Inicio","item":"https:\/\/ramonramon.org\/blog","nextItem":{"@type":"ListItem","@id":"https:\/\/ramonramon.org\/blog\/category\/personal\/#listItem","name":"Personal"}},{"@type":"ListItem","@id":"https:\/\/ramonramon.org\/blog\/category\/personal\/#listItem","position":2,"name":"Personal","item":"https:\/\/ramonramon.org\/blog\/category\/personal\/","nextItem":{"@type":"ListItem","@id":"https:\/\/ramonramon.org\/blog\/2005\/11\/27\/una-nueva-y-buena-noticia-para-el-sw-libre\/#listItem","name":"Una nueva y buena noticia para el Sw Libre"},"previousItem":{"@type":"ListItem","@id":"https:\/\/ramonramon.org\/blog#listItem","name":"Inicio"}},{"@type":"ListItem","@id":"https:\/\/ramonramon.org\/blog\/2005\/11\/27\/una-nueva-y-buena-noticia-para-el-sw-libre\/#listItem","position":3,"name":"Una nueva y buena noticia para el Sw Libre","previousItem":{"@type":"ListItem","@id":"https:\/\/ramonramon.org\/blog\/category\/personal\/#listItem","name":"Personal"}}]},{"@type":"Person","@id":"https:\/\/ramonramon.org\/blog\/#person","name":"Ram\u00f3n Ram\u00f3n","image":{"@type":"ImageObject","@id":"https:\/\/ramonramon.org\/blog\/2005\/11\/27\/una-nueva-y-buena-noticia-para-el-sw-libre\/#personImage","url":"https:\/\/ramonramon.org\/blog\/wp-content\/litespeed\/avatar\/42364fa67ab8a86686700065303abe2d.jpg?ver=1788115634","width":96,"height":96,"caption":"Ram\u00f3n Ram\u00f3n"}},{"@type":"Person","@id":"https:\/\/ramonramon.org\/blog\/author\/admin\/#author","url":"https:\/\/ramonramon.org\/blog\/author\/admin\/","name":"Ram\u00f3n Ram\u00f3n","image":{"@type":"ImageObject","@id":"https:\/\/ramonramon.org\/blog\/2005\/11\/27\/una-nueva-y-buena-noticia-para-el-sw-libre\/#authorImage","url":"https:\/\/ramonramon.org\/blog\/wp-content\/litespeed\/avatar\/42364fa67ab8a86686700065303abe2d.jpg?ver=1788115634","width":96,"height":96,"caption":"Ram\u00f3n Ram\u00f3n"}},{"@type":"WebPage","@id":"https:\/\/ramonramon.org\/blog\/2005\/11\/27\/una-nueva-y-buena-noticia-para-el-sw-libre\/#webpage","url":"https:\/\/ramonramon.org\/blog\/2005\/11\/27\/una-nueva-y-buena-noticia-para-el-sw-libre\/","name":"Una nueva y buena noticia para el Sw Libre","description":"Seg\u00fan leo en algunas p\u00fablicaciones y webs, Par\u00eds parece que se apunta tambi\u00e9n al carro del Sw Libre. Mientras que en mi trabajo (una administraci\u00f3n p\u00fablica) siguen sin ni siquiera permitirme usar exclusivamente sw libre, fuentes de la administraci\u00f3n local de Par\u00eds, afirman con rotundidad que la migraci\u00f3n les permitir\u00e1 reducir la dependencia tecnol\u00f3gica de","inLanguage":"es-ES","isPartOf":{"@id":"https:\/\/ramonramon.org\/blog\/#website"},"breadcrumb":{"@id":"https:\/\/ramonramon.org\/blog\/2005\/11\/27\/una-nueva-y-buena-noticia-para-el-sw-libre\/#breadcrumblist"},"author":{"@id":"https:\/\/ramonramon.org\/blog\/author\/admin\/#author"},"creator":{"@id":"https:\/\/ramonramon.org\/blog\/author\/admin\/#author"},"datePublished":"2005-11-27T16:26:00+01:00","dateModified":"2005-11-27T16:26:00+01:00"},{"@type":"WebSite","@id":"https:\/\/ramonramon.org\/blog\/#website","url":"https:\/\/ramonramon.org\/blog\/","name":"RAMON RAMON","description":"Comunicaci\u00f3n pol\u00edtica y campa\u00f1as electorales","inLanguage":"es-ES","publisher":{"@id":"https:\/\/ramonramon.org\/blog\/#person"}}]},"og:locale":"es_ES","og:site_name":"Ram\u00f3n Ram\u00f3n - Comunicaci\u00f3n pol\u00edtica y campa\u00f1as electorales","og:type":"article","og:title":"Una nueva y buena noticia para el Sw Libre","og:description":"Seg\u00fan leo en algunas p\u00fablicaciones y webs, Par\u00eds parece que se apunta tambi\u00e9n al carro del Sw Libre. Mientras que en mi trabajo (una administraci\u00f3n p\u00fablica) siguen sin ni siquiera permitirme usar exclusivamente sw libre, fuentes de la administraci\u00f3n local de Par\u00eds, afirman con rotundidad que la migraci\u00f3n les permitir\u00e1 reducir la dependencia tecnol\u00f3gica de","og:url":"https:\/\/ramonramon.org\/blog\/2005\/11\/27\/una-nueva-y-buena-noticia-para-el-sw-libre\/","og:image":"https:\/\/ramonramon.org\/blog\/wp-content\/uploads\/2023\/12\/cropped-Marca-RR-03_trans.png","og:image:secure_url":"https:\/\/ramonramon.org\/blog\/wp-content\/uploads\/2023\/12\/cropped-Marca-RR-03_trans.png","og:image:width":2560,"og:image:height":1709,"article:published_time":"2005-11-27T14:26:00+00:00","article:modified_time":"2005-11-27T14:26:00+00:00","article:publisher":"https:\/\/www.facebook.com\/ramonramon","twitter:card":"summary_large_image","twitter:site":"@ramonramon","twitter:title":"Una nueva y buena noticia para el Sw Libre","twitter:description":"Seg\u00fan leo en algunas p\u00fablicaciones y webs, Par\u00eds parece que se apunta tambi\u00e9n al carro del Sw Libre. Mientras que en mi trabajo (una administraci\u00f3n p\u00fablica) siguen sin ni siquiera permitirme usar exclusivamente sw libre, fuentes de la administraci\u00f3n local de Par\u00eds, afirman con rotundidad que la migraci\u00f3n les permitir\u00e1 reducir la dependencia tecnol\u00f3gica de","twitter:image":"https:\/\/ramonramon.org\/blog\/wp-content\/uploads\/2023\/12\/cropped-Marca-RR-03_trans.png"},"aioseo_meta_data":{"post_id":"6","title":null,"description":null,"keywords":null,"keyphrases":null,"primary_term":null,"canonical_url":null,"og_title":null,"og_description":null,"og_object_type":"default","og_image_type":"default","og_image_url":null,"og_image_width":null,"og_image_height":null,"og_image_custom_url":null,"og_image_custom_fields":null,"og_video":null,"og_custom_url":null,"og_article_section":null,"og_article_tags":null,"twitter_use_og":false,"twitter_card":"default","twitter_image_type":"default","twitter_image_url":null,"twitter_image_custom_url":null,"twitter_image_custom_fields":null,"twitter_title":null,"twitter_description":null,"schema":{"blockGraphs":[],"customGraphs":[],"default":{"data":{"Article":[],"Course":[],"Dataset":[],"FAQPage":[],"Movie":[],"Person":[],"Product":[],"ProductReview":[],"Car":[],"Recipe":[],"Service":[],"SoftwareApplication":[],"WebPage":[]},"graphName":"","isEnabled":true},"graphs":[]},"schema_type":"default","schema_type_options":null,"pillar_content":false,"robots_default":true,"robots_noindex":false,"robots_noarchive":false,"robots_nosnippet":false,"robots_nofollow":false,"robots_noimageindex":false,"robots_noodp":false,"robots_notranslate":false,"robots_max_snippet":null,"robots_max_videopreview":null,"robots_max_imagepreview":"large","priority":null,"frequency":null,"local_seo":null,"seo_analyzer_scan_date":"2026-06-28 16:18:03","breadcrumb_settings":null,"limit_modified_date":false,"ai":null,"created":"2023-08-04 02:20:02","updated":"2026-06-28 16:18:03","focus_keyword":null,"truseo":null,"additional_keywords":null,"truseo_locale":null},"aioseo_breadcrumb":"<div class=\"aioseo-breadcrumbs\"><span class=\"aioseo-breadcrumb\">\n\t<a href=\"https:\/\/ramonramon.org\/blog\" title=\"Inicio\">Inicio<\/a>\n<\/span><span class=\"aioseo-breadcrumb-separator\">&raquo;<\/span><span class=\"aioseo-breadcrumb\">\n\t<a href=\"https:\/\/ramonramon.org\/blog\/category\/personal\/\" title=\"Personal\">Personal<\/a>\n<\/span><span class=\"aioseo-breadcrumb-separator\">&raquo;<\/span><span class=\"aioseo-breadcrumb\">\n\tUna nueva y buena noticia para el Sw Libre\n<\/span><\/div>","aioseo_breadcrumb_json":[{"label":"Inicio","link":"https:\/\/ramonramon.org\/blog"},{"label":"Personal","link":"https:\/\/ramonramon.org\/blog\/category\/personal\/"},{"label":"Una nueva y buena noticia para el Sw Libre","link":"https:\/\/ramonramon.org\/blog\/2005\/11\/27\/una-nueva-y-buena-noticia-para-el-sw-libre\/"}],"_links":{"self":[{"href":"https:\/\/ramonramon.org\/blog\/wp-json\/wp\/v2\/posts\/6","targetHints":{"allow":["GET"]}}],"collection":[{"href":"https:\/\/ramonramon.org\/blog\/wp-json\/wp\/v2\/posts"}],"about":[{"href":"https:\/\/ramonramon.org\/blog\/wp-json\/wp\/v2\/types\/post"}],"author":[{"embeddable":true,"href":"https:\/\/ramonramon.org\/blog\/wp-json\/wp\/v2\/users\/2070"}],"replies":[{"embeddable":true,"href":"https:\/\/ramonramon.org\/blog\/wp-json\/wp\/v2\/comments?post=6"}],"version-history":[{"count":0,"href":"https:\/\/ramonramon.org\/blog\/wp-json\/wp\/v2\/posts\/6\/revisions"}],"wp:attachment":[{"href":"https:\/\/ramonramon.org\/blog\/wp-json\/wp\/v2\/media?parent=6"}],"wp:term":[{"taxonomy":"category","embeddable":true,"href":"https:\/\/ramonramon.org\/blog\/wp-json\/wp\/v2\/categories?post=6"},{"taxonomy":"post_tag","embeddable":true,"href":"https:\/\/ramonramon.org\/blog\/wp-json\/wp\/v2\/tags?post=6"}],"curies":[{"name":"wp","href":"https:\/\/api.w.org\/{rel}","templated":true}]}}