{"id":574,"date":"2008-07-01T19:53:14","date_gmt":"2008-07-01T18:53:14","guid":{"rendered":"https:\/\/www.ramonramon.org\/blog\/?p=574"},"modified":"2020-03-22T13:01:55","modified_gmt":"2020-03-22T12:01:55","slug":"formacion-de-alto-nivel-certificada-y-gratis","status":"publish","type":"post","link":"https:\/\/ramonramon.org\/blog\/2008\/07\/01\/formacion-de-alto-nivel-certificada-y-gratis\/","title":{"rendered":"Formaci\u00f3n de alto nivel, certificada y GRATIS."},"content":{"rendered":"<p>Como sab\u00e9is, Iniciativa Focus co-organiza junto a la <a href=\"http:\/\/www.uned.es\/ca-merida\/cursosde.htm\">UNED en M\u00e9rida<\/a> un curso de verano sobre Software y Conocimiento libre.  Conocimiento y software libre: aspectos tecnol\u00f3gicos y sociales (C\u00f3digo 075), se le denomina est\u00e9 a\u00f1o; asistir\u00e1n ponentes de primer orden, como Juantom\u00e1s Garc\u00eda y  David Santo Orcero, con temas y talleres tan interesantes como Asterisk, Virtualizaci\u00f3n, Video Digital, Dise\u00f1o Gr\u00e1fico entre otros.<br \/>\n A todos los asistentes se le expedir\u00e1 un certificado de asistencia adem\u00e1s de dos cr\u00e9ditos de libre configuraci\u00f3n,  y lo mejor de todo, el Centro Asociado de M\u00e9rida, donde se realiza el curso, ha becado para <a href=\"http:\/\/www.uned.es\/ca-merida\/cursosde.htm#Precio\">todos los alumnos la matr\u00edcula al 50%<\/a>.<br \/>\nPero lo m\u00e1s destacado, todos los socios de Iniciativa Focus (inicialmente hasta un m\u00e1ximo de 30), tendr\u00e1n la matr\u00edcula totalmente gratuita, S\u00ed, GRATIS, si se matriculan antes del 4 de julio ( o hasta cubrir las plazas). No pierdas ni un segundo y <a href=\"http:\/\/portal.uned.es\/portal\/page?_pageid=93,804163&#038;_dad=portal&#038;_schema=PORTAL\">matric\u00falate YA<\/a>!!!<br \/>\nEl curso comenzar\u00e1 este pr\u00f3ximo lunes, 7 de julio, y al acto inaugural asistir\u00e1n el Excmo. Presidente de la Junta de Extremadura, el Rector de la UNED y el director de Innovaci\u00f3n de la<br \/>\nUNED.<\/p>\n<p>M\u00e1s informaci\u00f3n y matriculaci\u00f3n en e-verano.org<\/p>\n","protected":false},"excerpt":{"rendered":"<p>Como sab\u00e9is, Iniciativa Focus co-organiza junto a la UNED en M\u00e9rida un curso de verano sobre Software y Conocimiento libre. Conocimiento y software libre: aspectos tecnol\u00f3gicos y sociales (C\u00f3digo 075), se le denomina est\u00e9 a\u00f1o; asistir\u00e1n ponentes de primer orden, como Juantom\u00e1s Garc\u00eda y David Santo Orcero, con temas y talleres tan interesantes como Asterisk,&hellip;&nbsp;<a href=\"https:\/\/ramonramon.org\/blog\/2008\/07\/01\/formacion-de-alto-nivel-certificada-y-gratis\/\" rel=\"bookmark\">Leer m\u00e1s &raquo;<span class=\"screen-reader-text\">Formaci\u00f3n de alto nivel, certificada y GRATIS.<\/span><\/a><\/p>\n","protected":false},"author":2070,"featured_media":0,"comment_status":"open","ping_status":"open","sticky":false,"template":"","format":"standard","meta":{"neve_meta_sidebar":"","neve_meta_container":"","neve_meta_enable_content_width":"","neve_meta_content_width":0,"neve_meta_title_alignment":"","neve_meta_author_avatar":"","neve_post_elements_order":"","neve_meta_disable_header":"","neve_meta_disable_footer":"","neve_meta_disable_title":"","footnotes":""},"categories":[3,6,14,16,27],"tags":[246,545,792],"class_list":["post-574","post","type-post","status-publish","format-standard","hentry","category-administraciones-publicas","category-conocimientolibre","category-iniciativafocus","category-jornadas-software-libre","category-software-libre","tag-cursos-verano","tag-merida","tag-uned"],"aioseo_notices":[],"_links":{"self":[{"href":"https:\/\/ramonramon.org\/blog\/wp-json\/wp\/v2\/posts\/574","targetHints":{"allow":["GET"]}}],"collection":[{"href":"https:\/\/ramonramon.org\/blog\/wp-json\/wp\/v2\/posts"}],"about":[{"href":"https:\/\/ramonramon.org\/blog\/wp-json\/wp\/v2\/types\/post"}],"author":[{"embeddable":true,"href":"https:\/\/ramonramon.org\/blog\/wp-json\/wp\/v2\/users\/2070"}],"replies":[{"embeddable":true,"href":"https:\/\/ramonramon.org\/blog\/wp-json\/wp\/v2\/comments?post=574"}],"version-history":[{"count":0,"href":"https:\/\/ramonramon.org\/blog\/wp-json\/wp\/v2\/posts\/574\/revisions"}],"wp:attachment":[{"href":"https:\/\/ramonramon.org\/blog\/wp-json\/wp\/v2\/media?parent=574"}],"wp:term":[{"taxonomy":"category","embeddable":true,"href":"https:\/\/ramonramon.org\/blog\/wp-json\/wp\/v2\/categories?post=574"},{"taxonomy":"post_tag","embeddable":true,"href":"https:\/\/ramonramon.org\/blog\/wp-json\/wp\/v2\/tags?post=574"}],"curies":[{"name":"wp","href":"https:\/\/api.w.org\/{rel}","templated":true}]}}