{"id":551,"date":"2008-05-26T23:09:03","date_gmt":"2008-05-26T22:09:03","guid":{"rendered":"https:\/\/www.ramonramon.org\/blog\/?p=551"},"modified":"2020-03-22T13:28:38","modified_gmt":"2020-03-22T12:28:38","slug":"publico-entrevista-a-miguel-de-icaza","status":"publish","type":"post","link":"https:\/\/ramonramon.org\/blog\/2008\/05\/26\/publico-entrevista-a-miguel-de-icaza\/","title":{"rendered":"P\u00fablico entrevista a Miguel de Icaza"},"content":{"rendered":"<p>Aunque <a href=\"http:\/\/es.wikipedia.org\/wiki\/Miguel_de_Icaza\">Miguel de Icaza<\/a> es un referente en el mundo del software libre desde hace muchos, muchos a\u00f1os, y no creo que sea necesario hablar de todas sus creaciones, proyectos,&#8230; yo lo conoc\u00ed personalmente en la primera conferencia internacional de software libre que se celebr\u00f3 en M\u00e1laga, y luego gracias a nuestro amigo com\u00fan Juantom\u00e1s, poder coger m\u00e1s relaci\u00f3n con \u00e9l, de hecho a\u00fan tengo que agradecerle cuando se someti\u00f3 en la \u00faltima <a href=\"http:\/\/www.opensourceworldconference.com\/\">conferencia internacional<\/a> a un tercer grado por parte de algunas asistentes a una reuni\u00f3n improvisada que organic\u00e9 y en la que amablemente Miguel se ofreci\u00f3 a dar respuesta a pecho descubierto a todos los que quisieran interrogarle sobre el <a href=\"http:\/\/tuxpepino.wordpress.com\/2008\/03\/08\/miguel-de-icaza-no-comparte-el-acuerdo-novell-microsoft\/\">acuerdo Novell &#8211; Microsoft<\/a>.<br \/>\nHoy, y de nuevo gracias a nuestro amigo en com\u00fan, me entero de una entrevista que ha realizado para el peri\u00f3dico P\u00fablico, cuya lectura recomiendo; titulares:<br \/>\n\u00abEl concepto de propiedad es un invento muy asentado\u00bb \u00abel software libre ha tra\u00eddo la democracia al mundo de la tecnolog\u00eda\u00bb<\/p>\n","protected":false},"excerpt":{"rendered":"<p>Aunque Miguel de Icaza es un referente en el mundo del software libre desde hace muchos, muchos a\u00f1os, y no creo que sea necesario hablar de todas sus creaciones, proyectos,&#8230; yo lo conoc\u00ed personalmente en la primera conferencia internacional de software libre que se celebr\u00f3 en M\u00e1laga, y luego gracias a nuestro amigo com\u00fan Juantom\u00e1s,&hellip;&nbsp;<a href=\"https:\/\/ramonramon.org\/blog\/2008\/05\/26\/publico-entrevista-a-miguel-de-icaza\/\" rel=\"bookmark\">Leer m\u00e1s &raquo;<span class=\"screen-reader-text\">P\u00fablico entrevista a Miguel de Icaza<\/span><\/a><\/p>\n","protected":false},"author":2070,"featured_media":0,"comment_status":"open","ping_status":"open","sticky":false,"template":"","format":"standard","meta":{"neve_meta_sidebar":"","neve_meta_container":"","neve_meta_enable_content_width":"","neve_meta_content_width":0,"neve_meta_title_alignment":"","neve_meta_author_avatar":"","neve_post_elements_order":"","neve_meta_disable_header":"","neve_meta_disable_footer":"","neve_meta_disable_title":"","footnotes":""},"categories":[27],"tags":[645,2003],"class_list":["post-551","post","type-post","status-publish","format-standard","hentry","category-software-libre","tag-publico","tag-software-libre"],"aioseo_notices":[],"_links":{"self":[{"href":"https:\/\/ramonramon.org\/blog\/wp-json\/wp\/v2\/posts\/551","targetHints":{"allow":["GET"]}}],"collection":[{"href":"https:\/\/ramonramon.org\/blog\/wp-json\/wp\/v2\/posts"}],"about":[{"href":"https:\/\/ramonramon.org\/blog\/wp-json\/wp\/v2\/types\/post"}],"author":[{"embeddable":true,"href":"https:\/\/ramonramon.org\/blog\/wp-json\/wp\/v2\/users\/2070"}],"replies":[{"embeddable":true,"href":"https:\/\/ramonramon.org\/blog\/wp-json\/wp\/v2\/comments?post=551"}],"version-history":[{"count":0,"href":"https:\/\/ramonramon.org\/blog\/wp-json\/wp\/v2\/posts\/551\/revisions"}],"wp:attachment":[{"href":"https:\/\/ramonramon.org\/blog\/wp-json\/wp\/v2\/media?parent=551"}],"wp:term":[{"taxonomy":"category","embeddable":true,"href":"https:\/\/ramonramon.org\/blog\/wp-json\/wp\/v2\/categories?post=551"},{"taxonomy":"post_tag","embeddable":true,"href":"https:\/\/ramonramon.org\/blog\/wp-json\/wp\/v2\/tags?post=551"}],"curies":[{"name":"wp","href":"https:\/\/api.w.org\/{rel}","templated":true}]}}