{"id":540,"date":"2008-05-14T19:28:48","date_gmt":"2008-05-14T18:28:48","guid":{"rendered":"https:\/\/www.ramonramon.org\/blog\/?p=540"},"modified":"2020-03-22T13:28:35","modified_gmt":"2020-03-22T12:28:35","slug":"desde-marchena","status":"publish","type":"post","link":"https:\/\/ramonramon.org\/blog\/2008\/05\/14\/desde-marchena\/","title":{"rendered":"Desde Marchena"},"content":{"rendered":"<p>Como ya me hab\u00eda adelantado Patricia, una compa\u00f1era de Iniciativa Focus que se vino el d\u00eda antes para colaborar en el evento, es una gozada estar en <a href=\"https:\/\/www.ramonramon.org\/blog\/2008\/05\/13\/me-voy-a-las-jornadas-de-software-libre-de-marchena\/\">Marchena<\/a>, el trato de todo el personal, con su alcalde a la cabeza es muy cercano y amigable. La asistencia es increible, mucha gente, y adem\u00e1s, como hac\u00eda ya tiempo que no ve\u00eda, muchas, muchas caras nuevas, de gente joven y no tan joven (incluyendo jubilados) interesados en el mundo del software libre, m\u00e1s de 100 asistentes.<\/p>\n<p style=\"text-align: center;\"><a href=\"https:\/\/ramonramon.org\/blog\/wp-content\/uploads\/2008\/05\/14052008277.jpg\"><img loading=\"lazy\" decoding=\"async\" class=\"aligncenter size-medium wp-image-541\" title=\"14052008277\" src=\"https:\/\/www.ramonramon.org\/blog\/wp-content\/uploads\/2008\/05\/14052008277-850x478.jpg\" alt=\"\" width=\"300\" height=\"225\" \/><\/a><\/p>\n<p>Si te pilla cerca, no te lo pierdas y ac\u00e9rcate por aqu\u00ed, hasta ma\u00f1ana tienes a\u00fan tiempo. Pero eso s\u00ed, s\u00f3lo en horario de tarde, de 17:30 a 21:00, adem\u00e1s, ma\u00f1ana la primera ponencia de la tarde ser\u00e1 del gran Juantom\u00e1s.<\/p>\n","protected":false},"excerpt":{"rendered":"<p>Como ya me hab\u00eda adelantado Patricia, una compa\u00f1era de Iniciativa Focus que se vino el d\u00eda antes para colaborar en el evento, es una gozada estar en Marchena, el trato de todo el personal, con su alcalde a la cabeza es muy cercano y amigable. La asistencia es increible, mucha gente, y adem\u00e1s, como hac\u00eda&hellip;&nbsp;<a href=\"https:\/\/ramonramon.org\/blog\/2008\/05\/14\/desde-marchena\/\" rel=\"bookmark\">Leer m\u00e1s &raquo;<span class=\"screen-reader-text\">Desde Marchena<\/span><\/a><\/p>\n","protected":false},"author":2070,"featured_media":0,"comment_status":"open","ping_status":"open","sticky":false,"template":"","format":"standard","meta":{"neve_meta_sidebar":"","neve_meta_container":"","neve_meta_enable_content_width":"","neve_meta_content_width":0,"neve_meta_title_alignment":"","neve_meta_author_avatar":"","neve_post_elements_order":"","neve_meta_disable_header":"","neve_meta_disable_footer":"","neve_meta_disable_title":"","footnotes":""},"categories":[16,27,30],"tags":[1996,540],"class_list":["post-540","post","type-post","status-publish","format-standard","hentry","category-jornadas-software-libre","category-software-libre","category-viajes","tag-jornadas-software-libre","tag-marchena"],"aioseo_notices":[],"_links":{"self":[{"href":"https:\/\/ramonramon.org\/blog\/wp-json\/wp\/v2\/posts\/540","targetHints":{"allow":["GET"]}}],"collection":[{"href":"https:\/\/ramonramon.org\/blog\/wp-json\/wp\/v2\/posts"}],"about":[{"href":"https:\/\/ramonramon.org\/blog\/wp-json\/wp\/v2\/types\/post"}],"author":[{"embeddable":true,"href":"https:\/\/ramonramon.org\/blog\/wp-json\/wp\/v2\/users\/2070"}],"replies":[{"embeddable":true,"href":"https:\/\/ramonramon.org\/blog\/wp-json\/wp\/v2\/comments?post=540"}],"version-history":[{"count":0,"href":"https:\/\/ramonramon.org\/blog\/wp-json\/wp\/v2\/posts\/540\/revisions"}],"wp:attachment":[{"href":"https:\/\/ramonramon.org\/blog\/wp-json\/wp\/v2\/media?parent=540"}],"wp:term":[{"taxonomy":"category","embeddable":true,"href":"https:\/\/ramonramon.org\/blog\/wp-json\/wp\/v2\/categories?post=540"},{"taxonomy":"post_tag","embeddable":true,"href":"https:\/\/ramonramon.org\/blog\/wp-json\/wp\/v2\/tags?post=540"}],"curies":[{"name":"wp","href":"https:\/\/api.w.org\/{rel}","templated":true}]}}