{"id":537,"date":"2008-05-13T12:41:06","date_gmt":"2008-05-13T11:41:06","guid":{"rendered":"https:\/\/www.ramonramon.org\/blog\/?p=537"},"modified":"2020-03-22T13:28:34","modified_gmt":"2020-03-22T12:28:34","slug":"me-voy-a-las-jornadas-de-software-libre-de-marchena","status":"publish","type":"post","link":"https:\/\/ramonramon.org\/blog\/2008\/05\/13\/me-voy-a-las-jornadas-de-software-libre-de-marchena\/","title":{"rendered":"Me voy a las Jornadas de Software Libre de Marchena"},"content":{"rendered":"<p>Como os dec\u00eda hace unos d\u00edas, esta tarde comienzan unas interesantes <a href=\"https:\/\/www.ramonramon.org\/blog\/2008\/04\/18\/jornadas-de-software-libre-de-marchena\/\">Jornadas de Software Libre en Marchena<\/a>, aunque no podr\u00e9 ir, si que estar\u00e9 ma\u00f1ana y pasado.\u00a0 Creo que el elenco de ponentes es m\u00e1s que destacable, y siempre ser\u00e1 un placer encontrarme con amigos como Alfonso de Cala o Juantom\u00e1s.<\/p>\n<p>Nos vemos en Marchena<\/p>\n","protected":false},"excerpt":{"rendered":"<p>Como os dec\u00eda hace unos d\u00edas, esta tarde comienzan unas interesantes Jornadas de Software Libre en Marchena, aunque no podr\u00e9 ir, si que estar\u00e9 ma\u00f1ana y pasado.\u00a0 Creo que el elenco de ponentes es m\u00e1s que destacable, y siempre ser\u00e1 un placer encontrarme con amigos como Alfonso de Cala o Juantom\u00e1s. Nos vemos en Marchena<\/p>\n","protected":false},"author":2070,"featured_media":0,"comment_status":"open","ping_status":"open","sticky":false,"template":"","format":"standard","meta":{"neve_meta_sidebar":"","neve_meta_container":"","neve_meta_enable_content_width":"","neve_meta_content_width":0,"neve_meta_title_alignment":"","neve_meta_author_avatar":"","neve_post_elements_order":"","neve_meta_disable_header":"","neve_meta_disable_footer":"","neve_meta_disable_title":"","footnotes":""},"categories":[16,27,30],"tags":[1996,540],"class_list":["post-537","post","type-post","status-publish","format-standard","hentry","category-jornadas-software-libre","category-software-libre","category-viajes","tag-jornadas-software-libre","tag-marchena"],"aioseo_notices":[],"_links":{"self":[{"href":"https:\/\/ramonramon.org\/blog\/wp-json\/wp\/v2\/posts\/537","targetHints":{"allow":["GET"]}}],"collection":[{"href":"https:\/\/ramonramon.org\/blog\/wp-json\/wp\/v2\/posts"}],"about":[{"href":"https:\/\/ramonramon.org\/blog\/wp-json\/wp\/v2\/types\/post"}],"author":[{"embeddable":true,"href":"https:\/\/ramonramon.org\/blog\/wp-json\/wp\/v2\/users\/2070"}],"replies":[{"embeddable":true,"href":"https:\/\/ramonramon.org\/blog\/wp-json\/wp\/v2\/comments?post=537"}],"version-history":[{"count":0,"href":"https:\/\/ramonramon.org\/blog\/wp-json\/wp\/v2\/posts\/537\/revisions"}],"wp:attachment":[{"href":"https:\/\/ramonramon.org\/blog\/wp-json\/wp\/v2\/media?parent=537"}],"wp:term":[{"taxonomy":"category","embeddable":true,"href":"https:\/\/ramonramon.org\/blog\/wp-json\/wp\/v2\/categories?post=537"},{"taxonomy":"post_tag","embeddable":true,"href":"https:\/\/ramonramon.org\/blog\/wp-json\/wp\/v2\/tags?post=537"}],"curies":[{"name":"wp","href":"https:\/\/api.w.org\/{rel}","templated":true}]}}