{"id":518,"date":"2008-04-10T20:29:46","date_gmt":"2008-04-10T19:29:46","guid":{"rendered":"https:\/\/www.ramonramon.org\/blog\/?p=518"},"modified":"2021-08-19T20:26:08","modified_gmt":"2021-08-19T18:26:08","slug":"zapatero-reconoce-a-extremadura-a-la-cabeza-de-la-sociedad-de-la-informacion","status":"publish","type":"post","link":"https:\/\/ramonramon.org\/blog\/2008\/04\/10\/zapatero-reconoce-a-extremadura-a-la-cabeza-de-la-sociedad-de-la-informacion\/","title":{"rendered":"Zapatero reconoce a Extremadura a la cabeza de la Sociedad de la Informaci\u00f3n"},"content":{"rendered":"<p>Que para muchos Extremadura sea un importante referente en lo que se refiere a la Revoluci\u00f3n Digital, a la lucha del Conocimiento Libre o la Sociedad de la Informaci\u00f3n no es nuevo, pero que el presidente de nuestro pa\u00eds en su discurso de investidura lo haga, si que demuestra que por fin algo est\u00e1 cambiando.\u00a0 Ojal\u00e1 que pronto el se\u00f1or Zapatero tome note, coja el control y transmita a todos sus ministerios que copien el modelo extreme\u00f1o.<\/p>\n<p><span style=\"font-family: verdana;\">\u201c <\/span><span style=\"font-style: italic;\">La virtud es que la autonom\u00eda pol\u00edtica permite a los menos desarrollados tener voz pol\u00edtica, fuerza pol\u00edtica. <\/span> <span style=\"font-style: italic; font-family: verdana;\">\u00bfO alguien piensa que si tuvi\u00e9ramos hoy un Estado centralizado Extremadura estar\u00eda a la cabeza de la extensi\u00f3n de la sociedad de la informaci\u00f3n por ejemplo en el \u00e1mbito educativo y en el \u00e1mbito de la escuela? <\/span> <span style=\"font-style: italic; font-family: verdana;\">Yo, sinceramente, pienso que  no ser\u00eda as\u00ed.<\/span> <span style=\"font-style: italic;\">Pero gracias a la autonom\u00eda pol\u00edtica y a la capacidad de tener recursos en defensa de su comunidad y de su territorio, una regi\u00f3n como Extremadura -y me siento bien orgulloso de ello- est\u00e1 a la cabeza en la extensi\u00f3n de la sociedad de la informaci\u00f3n en el sistema p\u00fablico educativo en beneficio de sus j\u00f3venes y de sus adolescentes.<\/span>\u201d<br \/>\n<span style=\"font-family: verdana;\">Jose Lu\u00eds Rodriguez Zapatero<\/span><\/p>\n<p>Creo que en este caso, en el educativo, Andaluc\u00eda tambi\u00e9n est\u00e1 logrando muchos y grandes logros, de ah\u00ed que como muchos ya tambi\u00e9n reconocen tengamos el honor de tener la mayor red de ordenadores con GNU\/Linux del mundo, pero&#8230; lo que es cierto es que Extremadura ha sido, y lo m\u00e1s importante, sigue siendo un referente mundial.<\/p>\n<p>Una vez m\u00e1s, felicitar a mis amigos extreme\u00f1os y a todas las personas que con su trabajo diario e implicaci\u00f3n lo est\u00e1n consiguiendo.<\/p>\n<p>V\u00eda Juantom\u00e1s y Lourdes<\/p>\n","protected":false},"excerpt":{"rendered":"<p>Que para muchos Extremadura sea un importante referente en lo que se refiere a la Revoluci\u00f3n Digital, a la lucha del Conocimiento Libre o la Sociedad de la Informaci\u00f3n no es nuevo, pero que el presidente de nuestro pa\u00eds en su discurso de investidura lo haga, si que demuestra que por fin algo est\u00e1 cambiando.\u00a0&hellip;&nbsp;<a href=\"https:\/\/ramonramon.org\/blog\/2008\/04\/10\/zapatero-reconoce-a-extremadura-a-la-cabeza-de-la-sociedad-de-la-informacion\/\" rel=\"bookmark\">Leer m\u00e1s &raquo;<span class=\"screen-reader-text\">Zapatero reconoce a Extremadura a la cabeza de la Sociedad de la Informaci\u00f3n<\/span><\/a><\/p>\n","protected":false},"author":2070,"featured_media":0,"comment_status":"open","ping_status":"open","sticky":false,"template":"","format":"standard","meta":{"neve_meta_sidebar":"","neve_meta_container":"","neve_meta_enable_content_width":"","neve_meta_content_width":0,"neve_meta_title_alignment":"","neve_meta_author_avatar":"","neve_post_elements_order":"","neve_meta_disable_header":"","neve_meta_disable_footer":"","neve_meta_disable_title":"","footnotes":""},"categories":[3,27],"tags":[11,2003],"class_list":["post-518","post","type-post","status-publish","format-standard","hentry","category-administraciones-publicas","category-software-libre","tag-extremadura","tag-software-libre"],"aioseo_notices":[],"_links":{"self":[{"href":"https:\/\/ramonramon.org\/blog\/wp-json\/wp\/v2\/posts\/518","targetHints":{"allow":["GET"]}}],"collection":[{"href":"https:\/\/ramonramon.org\/blog\/wp-json\/wp\/v2\/posts"}],"about":[{"href":"https:\/\/ramonramon.org\/blog\/wp-json\/wp\/v2\/types\/post"}],"author":[{"embeddable":true,"href":"https:\/\/ramonramon.org\/blog\/wp-json\/wp\/v2\/users\/2070"}],"replies":[{"embeddable":true,"href":"https:\/\/ramonramon.org\/blog\/wp-json\/wp\/v2\/comments?post=518"}],"version-history":[{"count":0,"href":"https:\/\/ramonramon.org\/blog\/wp-json\/wp\/v2\/posts\/518\/revisions"}],"wp:attachment":[{"href":"https:\/\/ramonramon.org\/blog\/wp-json\/wp\/v2\/media?parent=518"}],"wp:term":[{"taxonomy":"category","embeddable":true,"href":"https:\/\/ramonramon.org\/blog\/wp-json\/wp\/v2\/categories?post=518"},{"taxonomy":"post_tag","embeddable":true,"href":"https:\/\/ramonramon.org\/blog\/wp-json\/wp\/v2\/tags?post=518"}],"curies":[{"name":"wp","href":"https:\/\/api.w.org\/{rel}","templated":true}]}}