{"id":484,"date":"2008-02-20T19:36:44","date_gmt":"2008-02-20T17:36:44","guid":{"rendered":"https:\/\/www.ramonramon.org\/blog\/2008\/02\/20\/dia-emocionante-en-madrid\/"},"modified":"2020-03-22T13:28:36","modified_gmt":"2020-03-22T12:28:36","slug":"dia-emocionante-en-madrid","status":"publish","type":"post","link":"https:\/\/ramonramon.org\/blog\/2008\/02\/20\/dia-emocionante-en-madrid\/","title":{"rendered":"D\u00eda emocionante en Madrid"},"content":{"rendered":"<p>Lo cierto es que ayer, d\u00eda 19 de febrero, fue un d\u00eda intenso e intersante, pero a la vez, muy, muy agotador.  El d\u00eda <a href=\"https:\/\/www.ramonramon.org\/blog\/2008\/02\/19\/en-cartagena-con-maria\/\">lo comenzaba en Cartagena<\/a>, pon\u00edendonos en marcha a las 6:00 para coger un avi\u00f3n en el aeropuerto de San Javier (Murcia), posteriormente taxi desde Barajas al hotel, para luego quedar con Juantom\u00e1s e ir a la UNED a grabar un programa para radio nacional (que por cierto, a quien le interese se emite el 5 de marzo a las 6:30) sobre software libre en compa\u00f1\u00eda del director de innovaci\u00f3n Rafa Pastor.  Lo cierto es que me apetec\u00eda mucho visitar la UNED, saludar a los amigos que tengo all\u00ed, y a\u00fan m\u00e1s, si encima los contertulios son Rafa Pastor y Juantom\u00e1s.  Lo cierto es que se nos hizo muy cortito, pero&#8230; amenazo con m\u00e1s grabaciones.  Aprovechamos tambi\u00e9n la ocasi\u00f3n para hablar de futuros proyectos, desde grabar m\u00e1s de radio, a alguno de televisi\u00f3n y como no, de uno de los proyectos que estoy montando para este verano: los cursos de verano de la UNED de software libre.<\/p>\n<p><a href=\"https:\/\/ramonramon.org\/blog\/wp-content\/uploads\/2008\/02\/19022008019.jpg\" title=\"19022008019.jpg\"><\/p>\n<p style=\"text-align: center\"><img loading=\"lazy\" decoding=\"async\" src=\"https:\/\/ramonramon.org\/blog\/wp-content\/uploads\/2008\/02\/19022008019.jpg\" alt=\"19022008019.jpg\" height=\"304\" width=\"402\" \/><\/p>\n<p><\/a><\/p>\n<p>Tras grabar en la radio, a\u00fan me esperaba otra grata cita-reuni\u00f3n, en este caso visita a las Indias Electr\u00f3nicas con la suerte de poder compartir una animada tarde en compa\u00f1\u00eda de los indianos David de Ugarte, Mar\u00eda, Natalia, Paco y Pablo.  Fueron muchos momentos de compartir, charlar sobre nuevos proyectos, de Comunidad,&#8230; pero&#8230; eso lo voy contando poco a poco, que entre todo lo que surgi\u00f3 de esa tarde-noche y que apenas duermo, pues&#8230; como que empec\u00e9 la jornada a\u00fan de madrugada y en Cartagena y la acab\u00e9 a la madrugada del d\u00eda siguiente (pasada la medianoche) y en Madrid. \ud83d\ude42<\/p>\n","protected":false},"excerpt":{"rendered":"<p>Lo cierto es que ayer, d\u00eda 19 de febrero, fue un d\u00eda intenso e intersante, pero a la vez, muy, muy agotador. El d\u00eda lo comenzaba en Cartagena, pon\u00edendonos en marcha a las 6:00 para coger un avi\u00f3n en el aeropuerto de San Javier (Murcia), posteriormente taxi desde Barajas al hotel, para luego quedar con&hellip;&nbsp;<a href=\"https:\/\/ramonramon.org\/blog\/2008\/02\/20\/dia-emocionante-en-madrid\/\" rel=\"bookmark\">Leer m\u00e1s &raquo;<span class=\"screen-reader-text\">D\u00eda emocionante en Madrid<\/span><\/a><\/p>\n","protected":false},"author":2070,"featured_media":0,"comment_status":"open","ping_status":"open","sticky":false,"template":"","format":"standard","meta":{"neve_meta_sidebar":"","neve_meta_container":"","neve_meta_enable_content_width":"","neve_meta_content_width":0,"neve_meta_title_alignment":"","neve_meta_author_avatar":"","neve_post_elements_order":"","neve_meta_disable_header":"","neve_meta_disable_footer":"","neve_meta_disable_title":"","footnotes":""},"categories":[23,30],"tags":[485,529,2000,687,695,792,2004],"class_list":["post-484","post","type-post","status-publish","format-standard","hentry","category-personal","category-viajes","tag-juantomas","tag-madrid","tag-personal","tag-proyectos","tag-radio","tag-uned","tag-viajes"],"aioseo_notices":[],"_links":{"self":[{"href":"https:\/\/ramonramon.org\/blog\/wp-json\/wp\/v2\/posts\/484","targetHints":{"allow":["GET"]}}],"collection":[{"href":"https:\/\/ramonramon.org\/blog\/wp-json\/wp\/v2\/posts"}],"about":[{"href":"https:\/\/ramonramon.org\/blog\/wp-json\/wp\/v2\/types\/post"}],"author":[{"embeddable":true,"href":"https:\/\/ramonramon.org\/blog\/wp-json\/wp\/v2\/users\/2070"}],"replies":[{"embeddable":true,"href":"https:\/\/ramonramon.org\/blog\/wp-json\/wp\/v2\/comments?post=484"}],"version-history":[{"count":0,"href":"https:\/\/ramonramon.org\/blog\/wp-json\/wp\/v2\/posts\/484\/revisions"}],"wp:attachment":[{"href":"https:\/\/ramonramon.org\/blog\/wp-json\/wp\/v2\/media?parent=484"}],"wp:term":[{"taxonomy":"category","embeddable":true,"href":"https:\/\/ramonramon.org\/blog\/wp-json\/wp\/v2\/categories?post=484"},{"taxonomy":"post_tag","embeddable":true,"href":"https:\/\/ramonramon.org\/blog\/wp-json\/wp\/v2\/tags?post=484"}],"curies":[{"name":"wp","href":"https:\/\/api.w.org\/{rel}","templated":true}]}}