{"id":482,"date":"2008-02-17T20:14:24","date_gmt":"2008-02-17T18:14:24","guid":{"rendered":"https:\/\/www.ramonramon.org\/blog\/2008\/02\/17\/comienzo-del-periplo-viajero-de-casi-un-mes\/"},"modified":"2008-02-17T20:14:24","modified_gmt":"2008-02-17T18:14:24","slug":"comienzo-del-periplo-viajero-de-casi-un-mes","status":"publish","type":"post","link":"https:\/\/ramonramon.org\/blog\/2008\/02\/17\/comienzo-del-periplo-viajero-de-casi-un-mes\/","title":{"rendered":"Comienzo del periplo viajero de casi un mes"},"content":{"rendered":"<p>Como ya <a href=\"https:\/\/www.ramonramon.org\/blog\/2008\/02\/14\/casi-un-mes-de-tour-por-espana\/\">contaba hace unos d\u00edas<\/a>, el pasado jueves comenzaba casi un mes de intensos d\u00edas y viajes, que me permitir\u00e1n recorrer muchos lugares de Espa\u00f1a.  El jueves viajaba de M\u00e1laga a Madrid, en AVE (mi primer viaje en ese tren) para al d\u00eda siguiente y en coche bajar y subir en el d\u00eda a Puertollano (regresamos cerca de las 2:00 de la madrugada), para luego unas horas m\u00e1s tarde (y no muchas de sue\u00f1o por lo tanto) coger otro AVE (a las 6:25) en esta ocasi\u00f3n rumbo a Zaragoza, desde la cual y en coche de alquiler ir a Ejea de los Caballeros, un bonito pueblo de la provincia de Zaragoza.  Por la tarde, previa parada en Tauste para almorzar, regreso a Madrid, luego una <a href=\"https:\/\/www.ramonramon.org\/blog\/2008\/02\/16\/visitando-la-nueva-monolabs\/\">tarde-noche con los amigos Karla y Juantom\u00e1s<\/a>, y hoy d\u00eda de relax en el hotel, que tampoco est\u00e1 mal.  Ma\u00f1ana muy tempranito, viaje en avi\u00f3n Madrid-Alicante, donde coger\u00e9 otro coche para desplazarme a Cartagena, all\u00ed pasar\u00e9 esta vez una noche (ser\u00e1 la primera de muchas que no la pasar\u00e9 en Madrid) y regreso al d\u00eda siguiente, tambi\u00e9n muy tempranito porque tengo otro compromiso en Madrid por la ma\u00f1ana, del que seguro contar\u00e9 m\u00e1s cosas en cuanto regrese.<\/p>\n","protected":false},"excerpt":{"rendered":"<p>Como ya contaba hace unos d\u00edas, el pasado jueves comenzaba casi un mes de intensos d\u00edas y viajes, que me permitir\u00e1n recorrer muchos lugares de Espa\u00f1a. El jueves viajaba de M\u00e1laga a Madrid, en AVE (mi primer viaje en ese tren) para al d\u00eda siguiente y en coche bajar y subir en el d\u00eda a&hellip;&nbsp;<a href=\"https:\/\/ramonramon.org\/blog\/2008\/02\/17\/comienzo-del-periplo-viajero-de-casi-un-mes\/\" rel=\"bookmark\">Leer m\u00e1s &raquo;<span class=\"screen-reader-text\">Comienzo del periplo viajero de casi un mes<\/span><\/a><\/p>\n","protected":false},"author":2070,"featured_media":0,"comment_status":"open","ping_status":"open","sticky":false,"template":"","format":"standard","meta":{"neve_meta_sidebar":"","neve_meta_container":"","neve_meta_enable_content_width":"","neve_meta_content_width":0,"neve_meta_title_alignment":"","neve_meta_author_avatar":"","neve_post_elements_order":"","neve_meta_disable_header":"","neve_meta_disable_footer":"","neve_meta_disable_title":"","footnotes":""},"categories":[30],"tags":[2004],"class_list":["post-482","post","type-post","status-publish","format-standard","hentry","category-viajes","tag-viajes"],"aioseo_notices":[],"_links":{"self":[{"href":"https:\/\/ramonramon.org\/blog\/wp-json\/wp\/v2\/posts\/482","targetHints":{"allow":["GET"]}}],"collection":[{"href":"https:\/\/ramonramon.org\/blog\/wp-json\/wp\/v2\/posts"}],"about":[{"href":"https:\/\/ramonramon.org\/blog\/wp-json\/wp\/v2\/types\/post"}],"author":[{"embeddable":true,"href":"https:\/\/ramonramon.org\/blog\/wp-json\/wp\/v2\/users\/2070"}],"replies":[{"embeddable":true,"href":"https:\/\/ramonramon.org\/blog\/wp-json\/wp\/v2\/comments?post=482"}],"version-history":[{"count":0,"href":"https:\/\/ramonramon.org\/blog\/wp-json\/wp\/v2\/posts\/482\/revisions"}],"wp:attachment":[{"href":"https:\/\/ramonramon.org\/blog\/wp-json\/wp\/v2\/media?parent=482"}],"wp:term":[{"taxonomy":"category","embeddable":true,"href":"https:\/\/ramonramon.org\/blog\/wp-json\/wp\/v2\/categories?post=482"},{"taxonomy":"post_tag","embeddable":true,"href":"https:\/\/ramonramon.org\/blog\/wp-json\/wp\/v2\/tags?post=482"}],"curies":[{"name":"wp","href":"https:\/\/api.w.org\/{rel}","templated":true}]}}