{"id":472,"date":"2008-02-07T23:27:29","date_gmt":"2008-02-07T21:27:29","guid":{"rendered":"https:\/\/www.ramonramon.org\/blog\/2008\/02\/08\/zp-y-la-politica-de-la-iglesia-catolica-contra-la-libertad\/"},"modified":"2008-02-07T23:27:29","modified_gmt":"2008-02-07T21:27:29","slug":"zp-y-la-politica-de-la-iglesia-catolica-contra-la-libertad","status":"publish","type":"post","link":"https:\/\/ramonramon.org\/blog\/2008\/02\/07\/zp-y-la-politica-de-la-iglesia-catolica-contra-la-libertad\/","title":{"rendered":"ZP y la pol\u00edtica de la iglesia cat\u00f3lica contra la libertad"},"content":{"rendered":"<p>Como es evidente, cada d\u00eda son m\u00e1s los ciudadanos que se oponen a la manipulaci\u00f3n constante y de tiempos atr\u00e1s, m\u00e1s bien desde la creaci\u00f3n de la propia Iglesia, a la que nos tienen sometidos, y m\u00e1s en pa\u00edses, que &#8230; te\u00f3ricamente son acofensionales y\/o laicos; sin embargo hoy en El Pa\u00eds, y con el titular: <a href=\"http:\/\/www.elpais.com\/articulo\/espana\/Zapatero\/abronca\/obispos\/elpepuesp\/20080207elpepinac_3\/Tes\">Zapatero abronca a los obispos<\/a> aparece un art\u00edculo y sobre todo unas fotos muy, muy ilustrativas, y que a algunos nos llenan de esperanza.<\/p>\n<p style=\"text-align: center\"><img loading=\"lazy\" decoding=\"async\" src=\"http:\/\/www.elpais.com\/recorte\/20080207elpepinac_1\/LCO340\/Ies\/Jose_Luis_Rodriguez_Zapatero_habla_nuncio_Vaticano_Manuel_Monteiro.jpg\" height=\"462\" width=\"340\" \/><\/p>\n<p>Pues&#8230; lo cierto es que esta secuencia de fotos, muestra a un presidente como el que a muchos nos gustar\u00eda, plantando cara a la Iglesia, y lo que es mejor, espero que pronto, no tratando con ning\u00fan tipo de discriminaci\u00f3n positiva, lo primero haciendo un reparto mucho m\u00e1s equitativo, igualitario y justo entre todas las iglesias y entidades que ayuden a las personas, independientemente que sean laicas, religiosas, culturales,&#8230;.<\/p>\n","protected":false},"excerpt":{"rendered":"<p>Como es evidente, cada d\u00eda son m\u00e1s los ciudadanos que se oponen a la manipulaci\u00f3n constante y de tiempos atr\u00e1s, m\u00e1s bien desde la creaci\u00f3n de la propia Iglesia, a la que nos tienen sometidos, y m\u00e1s en pa\u00edses, que &#8230; te\u00f3ricamente son acofensionales y\/o laicos; sin embargo hoy en El Pa\u00eds, y con el&hellip;&nbsp;<a href=\"https:\/\/ramonramon.org\/blog\/2008\/02\/07\/zp-y-la-politica-de-la-iglesia-catolica-contra-la-libertad\/\" rel=\"bookmark\">Leer m\u00e1s &raquo;<span class=\"screen-reader-text\">ZP y la pol\u00edtica de la iglesia cat\u00f3lica contra la libertad<\/span><\/a><\/p>\n","protected":false},"author":2070,"featured_media":0,"comment_status":"open","ping_status":"open","sticky":false,"template":"","format":"standard","meta":{"neve_meta_sidebar":"","neve_meta_container":"","neve_meta_enable_content_width":"","neve_meta_content_width":0,"neve_meta_title_alignment":"","neve_meta_author_avatar":"","neve_post_elements_order":"","neve_meta_disable_header":"","neve_meta_disable_footer":"","neve_meta_disable_title":"","footnotes":""},"categories":[23],"tags":[319,444,445],"class_list":["post-472","post","type-post","status-publish","format-standard","hentry","category-personal","tag-el-pais","tag-iglesia","tag-iglesia-catolica"],"aioseo_notices":[],"_links":{"self":[{"href":"https:\/\/ramonramon.org\/blog\/wp-json\/wp\/v2\/posts\/472","targetHints":{"allow":["GET"]}}],"collection":[{"href":"https:\/\/ramonramon.org\/blog\/wp-json\/wp\/v2\/posts"}],"about":[{"href":"https:\/\/ramonramon.org\/blog\/wp-json\/wp\/v2\/types\/post"}],"author":[{"embeddable":true,"href":"https:\/\/ramonramon.org\/blog\/wp-json\/wp\/v2\/users\/2070"}],"replies":[{"embeddable":true,"href":"https:\/\/ramonramon.org\/blog\/wp-json\/wp\/v2\/comments?post=472"}],"version-history":[{"count":0,"href":"https:\/\/ramonramon.org\/blog\/wp-json\/wp\/v2\/posts\/472\/revisions"}],"wp:attachment":[{"href":"https:\/\/ramonramon.org\/blog\/wp-json\/wp\/v2\/media?parent=472"}],"wp:term":[{"taxonomy":"category","embeddable":true,"href":"https:\/\/ramonramon.org\/blog\/wp-json\/wp\/v2\/categories?post=472"},{"taxonomy":"post_tag","embeddable":true,"href":"https:\/\/ramonramon.org\/blog\/wp-json\/wp\/v2\/tags?post=472"}],"curies":[{"name":"wp","href":"https:\/\/api.w.org\/{rel}","templated":true}]}}