{"id":4617,"date":"2010-09-20T08:55:39","date_gmt":"2010-09-20T06:55:39","guid":{"rendered":"https:\/\/www.ramonramon.org\/blog\/?p=4617"},"modified":"2017-05-11T20:17:43","modified_gmt":"2017-05-12T01:17:43","slug":"microsoft-ataca-la-soberania-tecnologica-de-latinoamerica","status":"publish","type":"post","link":"https:\/\/ramonramon.org\/blog\/2010\/09\/20\/microsoft-ataca-la-soberania-tecnologica-de-latinoamerica\/","title":{"rendered":"Microsoft ataca la soberan\u00eda tecnol\u00f3gica de Latinoam\u00e9rica"},"content":{"rendered":"<p>En un nuevo intento de crear confusi&oacute;n, desinformaci&oacute;n,&#8230; y en lo que son habituales, fomentar una ciudadan&iacute;a mal informada y formada, el responsable de Microsoft Latinoam&eacute;rica insulta y &quot;enmierda&quot; todo lo que puede y m&aacute;s.<\/p>\n<p>En una clara provocaci&oacute;n y ataque a la soberan&iacute;a tecnol&oacute;gica de los pa&iacute;ses de Latinoam&eacute;rica, con una interesada mala informaci&oacute;n y con una arrogancia t&iacute;pica de Microsoft, el se&ntilde;or Hern&aacute;n Rinc&oacute;n suelta perlas como:<\/p>\n<blockquote>\n<p>&quot;exhort&oacute; a las autoridades de la regi&oacute;n a que <b>dejen el desarrollo de software en manos privadas y tild&oacute; de &quot;propaganda&quot; las campa&ntilde;as de IBM, Google y Oracle<\/b> a favor del &quot;c&oacute;digo abierto&quot;<\/p>\n<p>&#8230;los gobiernos, &eacute;stos &quot;deber&iacute;an dedicarse a mejorar la vida del ciudadano&quot; y no a la inform&aacute;tica, en especial alusi&oacute;n a la popularizaci&oacute;n en Brasil de programas de &quot;c&oacute;digo abierto&quot; impulsada por el sector p&uacute;blico.<\/p>\n<p>&quot;Cuando no puedes innovar y no puedes tener tus propios sistemas operativos entonces te declaras &quot;abierto&quot;. &quot;&iexcl;Ah! como no puedo competir con Microsoft voy a algo que es gratis para disfrazar mi incompetencia&quot;<\/p>\n<\/blockquote>\n<p>Adem&aacute;s, una vez m&aacute;s intentan enga&ntilde;ar y manipular asociando la libertad a la gratuidad y no a la apuesta por la innovaci&oacute;n, la creaci&oacute;n de riqueza,&#8230;.<\/p>\n<p>De verg&uuml;enza e indignante las palabras de este se&ntilde;or, que insulta, ataca, difama y.. un sinfin de calificativos m&aacute;s que no quiero decir por no caer en la provocaci&oacute;n.<\/p>\n<p>&iquest;Para cu&aacute;ndo los se&ntilde;ores de Microsoft dejar&aacute;n de usar todo su poder para &quot;manipular&quot;, &quot;desinformar&quot;, &quot;malograr&quot; a la ciudadan&iacute;a y sus gobiernos y apostar de verdad por la innovaci&oacute;n, el progreso y la formaci&oacute;n?<\/p>\n<p>Es igualmente incre&iacute;ble que citen a Brasil, un pa&iacute;s referente mundial de su apuesta por la innovaci&oacute;n y el crecimiento tecnol&oacute;gico basado en el software libre, y que como bien destaca el Informe sobre el Panorama Internacional de Cenatic:<\/p>\n<ul>\n<li><strong><em><span class=\"status-body\"><span class=\"entry-content\">El 73% de las grandes empresas en Brasil utiliza software de fuentes abiertas<\/span><\/span><\/em><\/strong><\/li>\n<li><strong><em><span class=\"status-body\"><span class=\"entry-content\">El software libre es la p&oacute;cima secreta para el crecimiento de la sociedad de la informaci&oacute;n en China, India y Brasil<\/span><\/span><\/em><\/strong><\/li>\n<\/ul>\n<p>&nbsp;<\/p>\n<p>Afirmaciones como:<em> &quot;El presidente de Microsoft Latinoam&eacute;rica, Hern&aacute;n Rinc&oacute;n, exhort&oacute; a las autoridades de la regi&oacute;n a que dejen el desarrollo de software en manos privadas y tild&oacute; de &ldquo;propaganda&rdquo; las campa&ntilde;as de IBM, Google y Oracle a favor del &lsquo;c&oacute;digo abierto&rsquo;. El directivo colombiano asegur&oacute; que, aunque &ldquo;respeta&rdquo; las decisiones de los gobiernos, estos &ldquo;deber&iacute;an dedicarse a mejorar la vida del ciudadano&rdquo; y no a la inform&aacute;tica, en especial alusi&oacute;n a la popularizaci&oacute;n en Brasil de programas de &lsquo;c&oacute;digo abierto&rsquo;&quot;<\/em> son una clara interferencia en la soberan&iacute;a tecnol&oacute;gica, educativa, social y econ&oacute;mica de los gobiernos.&nbsp; Pero como M$ siempre se considera por encima del bien y del mal, se consideran legitimados para interferir, insultar, inmiscuirse en el progreso de la ciudadan&iacute;a, imponiendo, como siempre, sus mensajes, reglas,&#8230; y dinero.<\/p>\n","protected":false},"excerpt":{"rendered":"<p>En un nuevo intento de crear confusi&oacute;n, desinformaci&oacute;n,&#8230; y en lo que son habituales, fomentar una ciudadan&iacute;a mal informada y formada, el responsable de Microsoft Latinoam&eacute;rica insulta y &quot;enmierda&quot; todo lo que puede y m&aacute;s. En una clara provocaci&oacute;n y ataque a la soberan&iacute;a tecnol&oacute;gica de los pa&iacute;ses de Latinoam&eacute;rica, con una interesada mala informaci&oacute;n&hellip;&nbsp;<a href=\"https:\/\/ramonramon.org\/blog\/2010\/09\/20\/microsoft-ataca-la-soberania-tecnologica-de-latinoamerica\/\" rel=\"bookmark\">Leer m\u00e1s &raquo;<span class=\"screen-reader-text\">Microsoft ataca la soberan\u00eda tecnol\u00f3gica de Latinoam\u00e9rica<\/span><\/a><\/p>\n","protected":false},"author":2070,"featured_media":0,"comment_status":"open","ping_status":"open","sticky":false,"template":"","format":"standard","meta":{"neve_meta_sidebar":"","neve_meta_container":"","neve_meta_enable_content_width":"","neve_meta_content_width":0,"neve_meta_title_alignment":"","neve_meta_author_avatar":"","neve_post_elements_order":"","neve_meta_disable_header":"","neve_meta_disable_footer":"","neve_meta_disable_title":"","footnotes":""},"categories":[3,18,27],"tags":[171,1020,561,1042],"class_list":["post-4617","post","type-post","status-publish","format-standard","hentry","category-administraciones-publicas","category-libertad-tecnologica","category-software-libre","tag-cenatic","tag-latinoamerica","tag-microsoft","tag-soberania-tecnologica"],"aioseo_notices":[],"aioseo_head":"\n\t\t<!-- All in One SEO Pro 4.9.9 - aioseo.com -->\n\t<meta name=\"description\" content=\"En un nuevo intento de crear confusi\u00f3n, desinformaci\u00f3n,... y en lo que son habituales, fomentar una ciudadan\u00eda mal informada y formada, el responsable de Microsoft Latinoam\u00e9rica insulta y &quot;enmierda&quot; todo lo que puede y m\u00e1s. En una clara provocaci\u00f3n y ataque a la soberan\u00eda tecnol\u00f3gica de los pa\u00edses de Latinoam\u00e9rica, con una interesada mala informaci\u00f3n\" \/>\n\t<meta name=\"robots\" content=\"max-image-preview:large\" \/>\n\t<meta name=\"author\" content=\"Ram\u00f3n Ram\u00f3n\"\/>\n\t<link rel=\"canonical\" href=\"https:\/\/ramonramon.org\/blog\/2010\/09\/20\/microsoft-ataca-la-soberania-tecnologica-de-latinoamerica\/\" \/>\n\t<meta name=\"generator\" content=\"All in One SEO Pro (AIOSEO) 4.9.9\" \/>\n\n\t\t<!-- Google tag (gtag.js) -->\n<script async src=\"https:\/\/www.googletagmanager.com\/gtag\/js?id=G-5BVWGR1LLZ\"><\/script>\n<script>\n  window.dataLayer = window.dataLayer || [];\n  function gtag(){dataLayer.push(arguments);}\n  gtag('js', new Date());\n\n  gtag('config', 'G-5BVWGR1LLZ');\n<\/script>\n\t\t<meta property=\"og:locale\" content=\"es_ES\" \/>\n\t\t<meta property=\"og:site_name\" content=\"Ram\u00f3n Ram\u00f3n - Comunicaci\u00f3n pol\u00edtica y campa\u00f1as electorales\" \/>\n\t\t<meta property=\"og:type\" content=\"article\" \/>\n\t\t<meta property=\"og:title\" content=\"Microsoft ataca la soberan\u00eda tecnol\u00f3gica de Latinoam\u00e9rica\" \/>\n\t\t<meta property=\"og:description\" content=\"En un nuevo intento de crear confusi\u00f3n, desinformaci\u00f3n,... y en lo que son habituales, fomentar una ciudadan\u00eda mal informada y formada, el responsable de Microsoft Latinoam\u00e9rica insulta y &quot;enmierda&quot; todo lo que puede y m\u00e1s. En una clara provocaci\u00f3n y ataque a la soberan\u00eda tecnol\u00f3gica de los pa\u00edses de Latinoam\u00e9rica, con una interesada mala informaci\u00f3n\" \/>\n\t\t<meta property=\"og:url\" content=\"https:\/\/ramonramon.org\/blog\/2010\/09\/20\/microsoft-ataca-la-soberania-tecnologica-de-latinoamerica\/\" \/>\n\t\t<meta property=\"og:image\" content=\"https:\/\/ramonramon.org\/blog\/wp-content\/uploads\/2023\/12\/cropped-Marca-RR-03_trans.png\" \/>\n\t\t<meta property=\"og:image:secure_url\" content=\"https:\/\/ramonramon.org\/blog\/wp-content\/uploads\/2023\/12\/cropped-Marca-RR-03_trans.png\" \/>\n\t\t<meta property=\"og:image:width\" content=\"2560\" \/>\n\t\t<meta property=\"og:image:height\" content=\"1709\" \/>\n\t\t<meta property=\"article:published_time\" content=\"2010-09-20T06:55:39+00:00\" \/>\n\t\t<meta property=\"article:modified_time\" content=\"2017-05-12T01:17:43+00:00\" \/>\n\t\t<meta property=\"article:publisher\" content=\"https:\/\/www.facebook.com\/ramonramon\" \/>\n\t\t<meta name=\"twitter:card\" content=\"summary_large_image\" \/>\n\t\t<meta name=\"twitter:site\" content=\"@ramonramon\" \/>\n\t\t<meta name=\"twitter:title\" content=\"Microsoft ataca la soberan\u00eda tecnol\u00f3gica de Latinoam\u00e9rica\" \/>\n\t\t<meta name=\"twitter:description\" content=\"En un nuevo intento de crear confusi\u00f3n, desinformaci\u00f3n,... y en lo que son habituales, fomentar una ciudadan\u00eda mal informada y formada, el responsable de Microsoft Latinoam\u00e9rica insulta y &quot;enmierda&quot; todo lo que puede y m\u00e1s. En una clara provocaci\u00f3n y ataque a la soberan\u00eda tecnol\u00f3gica de los pa\u00edses de Latinoam\u00e9rica, con una interesada mala informaci\u00f3n\" \/>\n\t\t<meta name=\"twitter:image\" content=\"https:\/\/ramonramon.org\/blog\/wp-content\/uploads\/2023\/12\/cropped-Marca-RR-03_trans.png\" \/>\n\t\t<script type=\"application\/ld+json\" class=\"aioseo-schema\">\n\t\t\t{\"@context\":\"https:\\\/\\\/schema.org\",\"@graph\":[{\"@type\":\"BlogPosting\",\"@id\":\"https:\\\/\\\/ramonramon.org\\\/blog\\\/2010\\\/09\\\/20\\\/microsoft-ataca-la-soberania-tecnologica-de-latinoamerica\\\/#blogposting\",\"name\":\"Microsoft ataca la soberan\\u00eda tecnol\\u00f3gica de Latinoam\\u00e9rica\",\"headline\":\"Microsoft ataca la soberan\\u00eda tecnol\\u00f3gica de Latinoam\\u00e9rica\",\"author\":{\"@id\":\"https:\\\/\\\/ramonramon.org\\\/blog\\\/author\\\/admin\\\/#author\"},\"publisher\":{\"@id\":\"https:\\\/\\\/ramonramon.org\\\/blog\\\/#person\"},\"image\":{\"@type\":\"ImageObject\",\"@id\":\"https:\\\/\\\/ramonramon.org\\\/blog\\\/2010\\\/09\\\/20\\\/microsoft-ataca-la-soberania-tecnologica-de-latinoamerica\\\/#articleImage\",\"url\":\"https:\\\/\\\/ramonramon.org\\\/blog\\\/wp-content\\\/litespeed\\\/avatar\\\/42364fa67ab8a86686700065303abe2d.jpg?ver=1788115634\",\"width\":96,\"height\":96,\"caption\":\"Ram\\u00f3n Ram\\u00f3n\"},\"datePublished\":\"2010-09-20T08:55:39+02:00\",\"dateModified\":\"2017-05-11T20:17:43+02:00\",\"inLanguage\":\"es-ES\",\"commentCount\":5,\"mainEntityOfPage\":{\"@id\":\"https:\\\/\\\/ramonramon.org\\\/blog\\\/2010\\\/09\\\/20\\\/microsoft-ataca-la-soberania-tecnologica-de-latinoamerica\\\/#webpage\"},\"isPartOf\":{\"@id\":\"https:\\\/\\\/ramonramon.org\\\/blog\\\/2010\\\/09\\\/20\\\/microsoft-ataca-la-soberania-tecnologica-de-latinoamerica\\\/#webpage\"},\"articleSection\":\"administraciones p\\u00fablicas, libertad tecnol\\u00f3gica, Software Libre, CENATIC, latinoam\\u00e9rica, Microsoft, soberan\\u00eda tecnol\\u00f3gica\"},{\"@type\":\"BreadcrumbList\",\"@id\":\"https:\\\/\\\/ramonramon.org\\\/blog\\\/2010\\\/09\\\/20\\\/microsoft-ataca-la-soberania-tecnologica-de-latinoamerica\\\/#breadcrumblist\",\"itemListElement\":[{\"@type\":\"ListItem\",\"@id\":\"https:\\\/\\\/ramonramon.org\\\/blog#listItem\",\"position\":1,\"name\":\"Inicio\",\"item\":\"https:\\\/\\\/ramonramon.org\\\/blog\",\"nextItem\":{\"@type\":\"ListItem\",\"@id\":\"https:\\\/\\\/ramonramon.org\\\/blog\\\/category\\\/administraciones-publicas\\\/#listItem\",\"name\":\"administraciones p\\u00fablicas\"}},{\"@type\":\"ListItem\",\"@id\":\"https:\\\/\\\/ramonramon.org\\\/blog\\\/category\\\/administraciones-publicas\\\/#listItem\",\"position\":2,\"name\":\"administraciones p\\u00fablicas\",\"item\":\"https:\\\/\\\/ramonramon.org\\\/blog\\\/category\\\/administraciones-publicas\\\/\",\"nextItem\":{\"@type\":\"ListItem\",\"@id\":\"https:\\\/\\\/ramonramon.org\\\/blog\\\/category\\\/administraciones-publicas\\\/libertad-tecnologica\\\/#listItem\",\"name\":\"libertad tecnol\\u00f3gica\"},\"previousItem\":{\"@type\":\"ListItem\",\"@id\":\"https:\\\/\\\/ramonramon.org\\\/blog#listItem\",\"name\":\"Inicio\"}},{\"@type\":\"ListItem\",\"@id\":\"https:\\\/\\\/ramonramon.org\\\/blog\\\/category\\\/administraciones-publicas\\\/libertad-tecnologica\\\/#listItem\",\"position\":3,\"name\":\"libertad tecnol\\u00f3gica\",\"item\":\"https:\\\/\\\/ramonramon.org\\\/blog\\\/category\\\/administraciones-publicas\\\/libertad-tecnologica\\\/\",\"nextItem\":{\"@type\":\"ListItem\",\"@id\":\"https:\\\/\\\/ramonramon.org\\\/blog\\\/2010\\\/09\\\/20\\\/microsoft-ataca-la-soberania-tecnologica-de-latinoamerica\\\/#listItem\",\"name\":\"Microsoft ataca la soberan\\u00eda tecnol\\u00f3gica de Latinoam\\u00e9rica\"},\"previousItem\":{\"@type\":\"ListItem\",\"@id\":\"https:\\\/\\\/ramonramon.org\\\/blog\\\/category\\\/administraciones-publicas\\\/#listItem\",\"name\":\"administraciones p\\u00fablicas\"}},{\"@type\":\"ListItem\",\"@id\":\"https:\\\/\\\/ramonramon.org\\\/blog\\\/2010\\\/09\\\/20\\\/microsoft-ataca-la-soberania-tecnologica-de-latinoamerica\\\/#listItem\",\"position\":4,\"name\":\"Microsoft ataca la soberan\\u00eda tecnol\\u00f3gica de Latinoam\\u00e9rica\",\"previousItem\":{\"@type\":\"ListItem\",\"@id\":\"https:\\\/\\\/ramonramon.org\\\/blog\\\/category\\\/administraciones-publicas\\\/libertad-tecnologica\\\/#listItem\",\"name\":\"libertad tecnol\\u00f3gica\"}}]},{\"@type\":\"Person\",\"@id\":\"https:\\\/\\\/ramonramon.org\\\/blog\\\/#person\",\"name\":\"Ram\\u00f3n Ram\\u00f3n\",\"image\":{\"@type\":\"ImageObject\",\"@id\":\"https:\\\/\\\/ramonramon.org\\\/blog\\\/2010\\\/09\\\/20\\\/microsoft-ataca-la-soberania-tecnologica-de-latinoamerica\\\/#personImage\",\"url\":\"https:\\\/\\\/ramonramon.org\\\/blog\\\/wp-content\\\/litespeed\\\/avatar\\\/42364fa67ab8a86686700065303abe2d.jpg?ver=1788115634\",\"width\":96,\"height\":96,\"caption\":\"Ram\\u00f3n Ram\\u00f3n\"}},{\"@type\":\"Person\",\"@id\":\"https:\\\/\\\/ramonramon.org\\\/blog\\\/author\\\/admin\\\/#author\",\"url\":\"https:\\\/\\\/ramonramon.org\\\/blog\\\/author\\\/admin\\\/\",\"name\":\"Ram\\u00f3n Ram\\u00f3n\",\"image\":{\"@type\":\"ImageObject\",\"@id\":\"https:\\\/\\\/ramonramon.org\\\/blog\\\/2010\\\/09\\\/20\\\/microsoft-ataca-la-soberania-tecnologica-de-latinoamerica\\\/#authorImage\",\"url\":\"https:\\\/\\\/ramonramon.org\\\/blog\\\/wp-content\\\/litespeed\\\/avatar\\\/42364fa67ab8a86686700065303abe2d.jpg?ver=1788115634\",\"width\":96,\"height\":96,\"caption\":\"Ram\\u00f3n Ram\\u00f3n\"}},{\"@type\":\"WebPage\",\"@id\":\"https:\\\/\\\/ramonramon.org\\\/blog\\\/2010\\\/09\\\/20\\\/microsoft-ataca-la-soberania-tecnologica-de-latinoamerica\\\/#webpage\",\"url\":\"https:\\\/\\\/ramonramon.org\\\/blog\\\/2010\\\/09\\\/20\\\/microsoft-ataca-la-soberania-tecnologica-de-latinoamerica\\\/\",\"name\":\"Microsoft ataca la soberan\\u00eda tecnol\\u00f3gica de Latinoam\\u00e9rica\",\"description\":\"En un nuevo intento de crear confusi\\u00f3n, desinformaci\\u00f3n,... y en lo que son habituales, fomentar una ciudadan\\u00eda mal informada y formada, el responsable de Microsoft Latinoam\\u00e9rica insulta y \\\"enmierda\\\" todo lo que puede y m\\u00e1s. En una clara provocaci\\u00f3n y ataque a la soberan\\u00eda tecnol\\u00f3gica de los pa\\u00edses de Latinoam\\u00e9rica, con una interesada mala informaci\\u00f3n\",\"inLanguage\":\"es-ES\",\"isPartOf\":{\"@id\":\"https:\\\/\\\/ramonramon.org\\\/blog\\\/#website\"},\"breadcrumb\":{\"@id\":\"https:\\\/\\\/ramonramon.org\\\/blog\\\/2010\\\/09\\\/20\\\/microsoft-ataca-la-soberania-tecnologica-de-latinoamerica\\\/#breadcrumblist\"},\"author\":{\"@id\":\"https:\\\/\\\/ramonramon.org\\\/blog\\\/author\\\/admin\\\/#author\"},\"creator\":{\"@id\":\"https:\\\/\\\/ramonramon.org\\\/blog\\\/author\\\/admin\\\/#author\"},\"datePublished\":\"2010-09-20T08:55:39+02:00\",\"dateModified\":\"2017-05-11T20:17:43+02:00\"},{\"@type\":\"WebSite\",\"@id\":\"https:\\\/\\\/ramonramon.org\\\/blog\\\/#website\",\"url\":\"https:\\\/\\\/ramonramon.org\\\/blog\\\/\",\"name\":\"RAMON RAMON\",\"description\":\"Comunicaci\\u00f3n pol\\u00edtica y campa\\u00f1as electorales\",\"inLanguage\":\"es-ES\",\"publisher\":{\"@id\":\"https:\\\/\\\/ramonramon.org\\\/blog\\\/#person\"}}]}\n\t\t<\/script>\n\t\t<!-- All in One SEO Pro -->\r\n\t\t<title>Microsoft ataca la soberan\u00eda tecnol\u00f3gica de Latinoam\u00e9rica<\/title>\n\n","aioseo_head_json":{"title":"Microsoft ataca la soberan\u00eda tecnol\u00f3gica de Latinoam\u00e9rica","description":"En un nuevo intento de crear confusi\u00f3n, desinformaci\u00f3n,... y en lo que son habituales, fomentar una ciudadan\u00eda mal informada y formada, el responsable de Microsoft Latinoam\u00e9rica insulta y \"enmierda\" todo lo que puede y m\u00e1s. En una clara provocaci\u00f3n y ataque a la soberan\u00eda tecnol\u00f3gica de los pa\u00edses de Latinoam\u00e9rica, con una interesada mala informaci\u00f3n","canonical_url":"https:\/\/ramonramon.org\/blog\/2010\/09\/20\/microsoft-ataca-la-soberania-tecnologica-de-latinoamerica\/","robots":"max-image-preview:large","keywords":"","webmasterTools":{"miscellaneous":"&lt;!-- Google tag (gtag.js) --&gt;\n&lt;script async src=\"https:\/\/www.googletagmanager.com\/gtag\/js?id=G-5BVWGR1LLZ\"&gt;&lt;\/script&gt;\n&lt;script&gt;\n  window.dataLayer = window.dataLayer || [];\n  function gtag(){dataLayer.push(arguments);}\n  gtag('js', new Date());\n\n  gtag('config', 'G-5BVWGR1LLZ');\n&lt;\/script&gt;"},"schema":{"@context":"https:\/\/schema.org","@graph":[{"@type":"BlogPosting","@id":"https:\/\/ramonramon.org\/blog\/2010\/09\/20\/microsoft-ataca-la-soberania-tecnologica-de-latinoamerica\/#blogposting","name":"Microsoft ataca la soberan\u00eda tecnol\u00f3gica de Latinoam\u00e9rica","headline":"Microsoft ataca la soberan\u00eda tecnol\u00f3gica de Latinoam\u00e9rica","author":{"@id":"https:\/\/ramonramon.org\/blog\/author\/admin\/#author"},"publisher":{"@id":"https:\/\/ramonramon.org\/blog\/#person"},"image":{"@type":"ImageObject","@id":"https:\/\/ramonramon.org\/blog\/2010\/09\/20\/microsoft-ataca-la-soberania-tecnologica-de-latinoamerica\/#articleImage","url":"https:\/\/ramonramon.org\/blog\/wp-content\/litespeed\/avatar\/42364fa67ab8a86686700065303abe2d.jpg?ver=1788115634","width":96,"height":96,"caption":"Ram\u00f3n Ram\u00f3n"},"datePublished":"2010-09-20T08:55:39+02:00","dateModified":"2017-05-11T20:17:43+02:00","inLanguage":"es-ES","commentCount":5,"mainEntityOfPage":{"@id":"https:\/\/ramonramon.org\/blog\/2010\/09\/20\/microsoft-ataca-la-soberania-tecnologica-de-latinoamerica\/#webpage"},"isPartOf":{"@id":"https:\/\/ramonramon.org\/blog\/2010\/09\/20\/microsoft-ataca-la-soberania-tecnologica-de-latinoamerica\/#webpage"},"articleSection":"administraciones p\u00fablicas, libertad tecnol\u00f3gica, Software Libre, CENATIC, latinoam\u00e9rica, Microsoft, soberan\u00eda tecnol\u00f3gica"},{"@type":"BreadcrumbList","@id":"https:\/\/ramonramon.org\/blog\/2010\/09\/20\/microsoft-ataca-la-soberania-tecnologica-de-latinoamerica\/#breadcrumblist","itemListElement":[{"@type":"ListItem","@id":"https:\/\/ramonramon.org\/blog#listItem","position":1,"name":"Inicio","item":"https:\/\/ramonramon.org\/blog","nextItem":{"@type":"ListItem","@id":"https:\/\/ramonramon.org\/blog\/category\/administraciones-publicas\/#listItem","name":"administraciones p\u00fablicas"}},{"@type":"ListItem","@id":"https:\/\/ramonramon.org\/blog\/category\/administraciones-publicas\/#listItem","position":2,"name":"administraciones p\u00fablicas","item":"https:\/\/ramonramon.org\/blog\/category\/administraciones-publicas\/","nextItem":{"@type":"ListItem","@id":"https:\/\/ramonramon.org\/blog\/category\/administraciones-publicas\/libertad-tecnologica\/#listItem","name":"libertad tecnol\u00f3gica"},"previousItem":{"@type":"ListItem","@id":"https:\/\/ramonramon.org\/blog#listItem","name":"Inicio"}},{"@type":"ListItem","@id":"https:\/\/ramonramon.org\/blog\/category\/administraciones-publicas\/libertad-tecnologica\/#listItem","position":3,"name":"libertad tecnol\u00f3gica","item":"https:\/\/ramonramon.org\/blog\/category\/administraciones-publicas\/libertad-tecnologica\/","nextItem":{"@type":"ListItem","@id":"https:\/\/ramonramon.org\/blog\/2010\/09\/20\/microsoft-ataca-la-soberania-tecnologica-de-latinoamerica\/#listItem","name":"Microsoft ataca la soberan\u00eda tecnol\u00f3gica de Latinoam\u00e9rica"},"previousItem":{"@type":"ListItem","@id":"https:\/\/ramonramon.org\/blog\/category\/administraciones-publicas\/#listItem","name":"administraciones p\u00fablicas"}},{"@type":"ListItem","@id":"https:\/\/ramonramon.org\/blog\/2010\/09\/20\/microsoft-ataca-la-soberania-tecnologica-de-latinoamerica\/#listItem","position":4,"name":"Microsoft ataca la soberan\u00eda tecnol\u00f3gica de Latinoam\u00e9rica","previousItem":{"@type":"ListItem","@id":"https:\/\/ramonramon.org\/blog\/category\/administraciones-publicas\/libertad-tecnologica\/#listItem","name":"libertad tecnol\u00f3gica"}}]},{"@type":"Person","@id":"https:\/\/ramonramon.org\/blog\/#person","name":"Ram\u00f3n Ram\u00f3n","image":{"@type":"ImageObject","@id":"https:\/\/ramonramon.org\/blog\/2010\/09\/20\/microsoft-ataca-la-soberania-tecnologica-de-latinoamerica\/#personImage","url":"https:\/\/ramonramon.org\/blog\/wp-content\/litespeed\/avatar\/42364fa67ab8a86686700065303abe2d.jpg?ver=1788115634","width":96,"height":96,"caption":"Ram\u00f3n Ram\u00f3n"}},{"@type":"Person","@id":"https:\/\/ramonramon.org\/blog\/author\/admin\/#author","url":"https:\/\/ramonramon.org\/blog\/author\/admin\/","name":"Ram\u00f3n Ram\u00f3n","image":{"@type":"ImageObject","@id":"https:\/\/ramonramon.org\/blog\/2010\/09\/20\/microsoft-ataca-la-soberania-tecnologica-de-latinoamerica\/#authorImage","url":"https:\/\/ramonramon.org\/blog\/wp-content\/litespeed\/avatar\/42364fa67ab8a86686700065303abe2d.jpg?ver=1788115634","width":96,"height":96,"caption":"Ram\u00f3n Ram\u00f3n"}},{"@type":"WebPage","@id":"https:\/\/ramonramon.org\/blog\/2010\/09\/20\/microsoft-ataca-la-soberania-tecnologica-de-latinoamerica\/#webpage","url":"https:\/\/ramonramon.org\/blog\/2010\/09\/20\/microsoft-ataca-la-soberania-tecnologica-de-latinoamerica\/","name":"Microsoft ataca la soberan\u00eda tecnol\u00f3gica de Latinoam\u00e9rica","description":"En un nuevo intento de crear confusi\u00f3n, desinformaci\u00f3n,... y en lo que son habituales, fomentar una ciudadan\u00eda mal informada y formada, el responsable de Microsoft Latinoam\u00e9rica insulta y \"enmierda\" todo lo que puede y m\u00e1s. En una clara provocaci\u00f3n y ataque a la soberan\u00eda tecnol\u00f3gica de los pa\u00edses de Latinoam\u00e9rica, con una interesada mala informaci\u00f3n","inLanguage":"es-ES","isPartOf":{"@id":"https:\/\/ramonramon.org\/blog\/#website"},"breadcrumb":{"@id":"https:\/\/ramonramon.org\/blog\/2010\/09\/20\/microsoft-ataca-la-soberania-tecnologica-de-latinoamerica\/#breadcrumblist"},"author":{"@id":"https:\/\/ramonramon.org\/blog\/author\/admin\/#author"},"creator":{"@id":"https:\/\/ramonramon.org\/blog\/author\/admin\/#author"},"datePublished":"2010-09-20T08:55:39+02:00","dateModified":"2017-05-11T20:17:43+02:00"},{"@type":"WebSite","@id":"https:\/\/ramonramon.org\/blog\/#website","url":"https:\/\/ramonramon.org\/blog\/","name":"RAMON RAMON","description":"Comunicaci\u00f3n pol\u00edtica y campa\u00f1as electorales","inLanguage":"es-ES","publisher":{"@id":"https:\/\/ramonramon.org\/blog\/#person"}}]},"og:locale":"es_ES","og:site_name":"Ram\u00f3n Ram\u00f3n - Comunicaci\u00f3n pol\u00edtica y campa\u00f1as electorales","og:type":"article","og:title":"Microsoft ataca la soberan\u00eda tecnol\u00f3gica de Latinoam\u00e9rica","og:description":"En un nuevo intento de crear confusi\u00f3n, desinformaci\u00f3n,... y en lo que son habituales, fomentar una ciudadan\u00eda mal informada y formada, el responsable de Microsoft Latinoam\u00e9rica insulta y &quot;enmierda&quot; todo lo que puede y m\u00e1s. En una clara provocaci\u00f3n y ataque a la soberan\u00eda tecnol\u00f3gica de los pa\u00edses de Latinoam\u00e9rica, con una interesada mala informaci\u00f3n","og:url":"https:\/\/ramonramon.org\/blog\/2010\/09\/20\/microsoft-ataca-la-soberania-tecnologica-de-latinoamerica\/","og:image":"https:\/\/ramonramon.org\/blog\/wp-content\/uploads\/2023\/12\/cropped-Marca-RR-03_trans.png","og:image:secure_url":"https:\/\/ramonramon.org\/blog\/wp-content\/uploads\/2023\/12\/cropped-Marca-RR-03_trans.png","og:image:width":2560,"og:image:height":1709,"article:published_time":"2010-09-20T06:55:39+00:00","article:modified_time":"2017-05-12T01:17:43+00:00","article:publisher":"https:\/\/www.facebook.com\/ramonramon","twitter:card":"summary_large_image","twitter:site":"@ramonramon","twitter:title":"Microsoft ataca la soberan\u00eda tecnol\u00f3gica de Latinoam\u00e9rica","twitter:description":"En un nuevo intento de crear confusi\u00f3n, desinformaci\u00f3n,... y en lo que son habituales, fomentar una ciudadan\u00eda mal informada y formada, el responsable de Microsoft Latinoam\u00e9rica insulta y &quot;enmierda&quot; todo lo que puede y m\u00e1s. En una clara provocaci\u00f3n y ataque a la soberan\u00eda tecnol\u00f3gica de los pa\u00edses de Latinoam\u00e9rica, con una interesada mala informaci\u00f3n","twitter:image":"https:\/\/ramonramon.org\/blog\/wp-content\/uploads\/2023\/12\/cropped-Marca-RR-03_trans.png"},"aioseo_meta_data":{"post_id":"4617","title":null,"description":null,"keywords":null,"keyphrases":null,"primary_term":null,"canonical_url":null,"og_title":null,"og_description":null,"og_object_type":"default","og_image_type":"default","og_image_url":null,"og_image_width":null,"og_image_height":null,"og_image_custom_url":null,"og_image_custom_fields":null,"og_video":null,"og_custom_url":null,"og_article_section":null,"og_article_tags":null,"twitter_use_og":false,"twitter_card":"default","twitter_image_type":"default","twitter_image_url":null,"twitter_image_custom_url":null,"twitter_image_custom_fields":null,"twitter_title":null,"twitter_description":null,"schema":{"blockGraphs":[],"customGraphs":[],"default":{"data":{"Article":[],"Course":[],"Dataset":[],"FAQPage":[],"Movie":[],"Person":[],"Product":[],"ProductReview":[],"Car":[],"Recipe":[],"Service":[],"SoftwareApplication":[],"WebPage":[]},"graphName":"","isEnabled":true},"graphs":[]},"schema_type":"default","schema_type_options":null,"pillar_content":false,"robots_default":true,"robots_noindex":false,"robots_noarchive":false,"robots_nosnippet":false,"robots_nofollow":false,"robots_noimageindex":false,"robots_noodp":false,"robots_notranslate":false,"robots_max_snippet":null,"robots_max_videopreview":null,"robots_max_imagepreview":"large","priority":null,"frequency":null,"local_seo":null,"seo_analyzer_scan_date":"2026-08-19 10:00:11","breadcrumb_settings":null,"limit_modified_date":false,"ai":null,"created":"2023-08-04 11:30:04","updated":"2026-08-19 10:00:11","focus_keyword":null,"truseo":null,"additional_keywords":null,"truseo_locale":null},"aioseo_breadcrumb":"<div class=\"aioseo-breadcrumbs\"><span class=\"aioseo-breadcrumb\">\n\t<a href=\"https:\/\/ramonramon.org\/blog\" title=\"Inicio\">Inicio<\/a>\n<\/span><span class=\"aioseo-breadcrumb-separator\">&raquo;<\/span><span class=\"aioseo-breadcrumb\">\n\t<a href=\"https:\/\/ramonramon.org\/blog\/category\/administraciones-publicas\/\" title=\"administraciones p\u00fablicas\">administraciones p\u00fablicas<\/a>\n<\/span><span class=\"aioseo-breadcrumb-separator\">&raquo;<\/span><span class=\"aioseo-breadcrumb\">\n\t<a href=\"https:\/\/ramonramon.org\/blog\/category\/administraciones-publicas\/libertad-tecnologica\/\" title=\"libertad tecnol\u00f3gica\">libertad tecnol\u00f3gica<\/a>\n<\/span><span class=\"aioseo-breadcrumb-separator\">&raquo;<\/span><span class=\"aioseo-breadcrumb\">\n\tMicrosoft ataca la soberan\u00eda tecnol\u00f3gica de Latinoam\u00e9rica\n<\/span><\/div>","aioseo_breadcrumb_json":[{"label":"Inicio","link":"https:\/\/ramonramon.org\/blog"},{"label":"administraciones p\u00fablicas","link":"https:\/\/ramonramon.org\/blog\/category\/administraciones-publicas\/"},{"label":"libertad tecnol\u00f3gica","link":"https:\/\/ramonramon.org\/blog\/category\/administraciones-publicas\/libertad-tecnologica\/"},{"label":"Microsoft ataca la soberan\u00eda tecnol\u00f3gica de Latinoam\u00e9rica","link":"https:\/\/ramonramon.org\/blog\/2010\/09\/20\/microsoft-ataca-la-soberania-tecnologica-de-latinoamerica\/"}],"_links":{"self":[{"href":"https:\/\/ramonramon.org\/blog\/wp-json\/wp\/v2\/posts\/4617","targetHints":{"allow":["GET"]}}],"collection":[{"href":"https:\/\/ramonramon.org\/blog\/wp-json\/wp\/v2\/posts"}],"about":[{"href":"https:\/\/ramonramon.org\/blog\/wp-json\/wp\/v2\/types\/post"}],"author":[{"embeddable":true,"href":"https:\/\/ramonramon.org\/blog\/wp-json\/wp\/v2\/users\/2070"}],"replies":[{"embeddable":true,"href":"https:\/\/ramonramon.org\/blog\/wp-json\/wp\/v2\/comments?post=4617"}],"version-history":[{"count":0,"href":"https:\/\/ramonramon.org\/blog\/wp-json\/wp\/v2\/posts\/4617\/revisions"}],"wp:attachment":[{"href":"https:\/\/ramonramon.org\/blog\/wp-json\/wp\/v2\/media?parent=4617"}],"wp:term":[{"taxonomy":"category","embeddable":true,"href":"https:\/\/ramonramon.org\/blog\/wp-json\/wp\/v2\/categories?post=4617"},{"taxonomy":"post_tag","embeddable":true,"href":"https:\/\/ramonramon.org\/blog\/wp-json\/wp\/v2\/tags?post=4617"}],"curies":[{"name":"wp","href":"https:\/\/api.w.org\/{rel}","templated":true}]}}