{"id":452,"date":"2007-12-31T21:57:55","date_gmt":"2007-12-31T19:57:55","guid":{"rendered":"https:\/\/www.ramonramon.org\/blog\/2007\/12\/31\/carlos-castro-defensor-del-software-libre-y-abiertamente-opositor-al-canon\/"},"modified":"2020-03-22T15:06:16","modified_gmt":"2020-03-22T14:06:16","slug":"carlos-castro-defensor-del-software-libre-y-abiertamente-opositor-al-canon","status":"publish","type":"post","link":"https:\/\/ramonramon.org\/blog\/2007\/12\/31\/carlos-castro-defensor-del-software-libre-y-abiertamente-opositor-al-canon\/","title":{"rendered":"Carlos Castro, defensor del software libre y abiertamente opositor al Canon"},"content":{"rendered":"<p>Lo cierto es que desde el primer d\u00eda que conoc\u00ed al amigo <a href=\"http:\/\/notasdecarlos.blogspot.com\/\">Carlos Castro<\/a>, ten\u00eda claro que no es el t\u00edpico responsable pol\u00edtico, su clara visi\u00f3n de esta nueva Sociedad que gira entorno a las nuevas tecnolog\u00edas y el conocimiento libre, su cercan\u00eda como persona y su gran compromiso, son patentes nada m\u00e1s escucharle.  Y as\u00ed, a nivel personal-cercano, en la  Conferencia Internacional de Badajoz nos sorprendi\u00f3 a todos los voluntarios que asist\u00edamos al evento mostrando su preocupaci\u00f3n, tanto en privado como en p\u00fablico -en el propio plenario- acord\u00e1ndose de un compa\u00f1ero nuestro que sufr\u00eda un accidente, el amigo Carlos Parra.  Igualmente, es un placer poder compartir ideas, proyectos o simplemente pensamientos, con \u00e9l, y me siento una persona afortunada por ello, \u00faltimamente he tenido la oportunidad de hacerlo en varias ocasiones, y la \u00faltima, no hace mucho, el pasado 26 de diciembre, compartiendo una comida entre amigos.  En esa comida, ya le reconoc\u00eda una vez m\u00e1s su enorme compromiso con el conocimiento libre (que tambi\u00e9n qued\u00f3 reflejado en <a href=\"http:\/\/notasdecarlos.blogspot.com\/2007\/07\/un-buen-da-y-una-buena-ocasin-para.html\">su conferencia inaugural en el e-verano.org y primer post de su blog<\/a>), y que iba a dejar de escribir en su blog, porque era vergonzoso no poder hacer otra cosa que reafirmar todo lo que dec\u00eda, tambi\u00e9n le reconoc\u00eda toda su valent\u00eda en afrontar como lo estaba haciendo todo el tema del canon, y en estos d\u00edas, aparecen su blog y opiniones recogidas en muchos blogs, portales como barrapunto y <a href=\"http:\/\/meneame.net\/story\/sgae-saca-500000-gracias-linex\">La SGAE saca 500.000 euros gracias a Linex<\/a>,&#8230;. espero que pronto otros muchos pol\u00edticos socialistas tengan la misma valent\u00eda de expresarlo y defenderlo.<\/p>\n","protected":false},"excerpt":{"rendered":"<p>Lo cierto es que desde el primer d\u00eda que conoc\u00ed al amigo Carlos Castro, ten\u00eda claro que no es el t\u00edpico responsable pol\u00edtico, su clara visi\u00f3n de esta nueva Sociedad que gira entorno a las nuevas tecnolog\u00edas y el conocimiento libre, su cercan\u00eda como persona y su gran compromiso, son patentes nada m\u00e1s escucharle. Y&hellip;&nbsp;<a href=\"https:\/\/ramonramon.org\/blog\/2007\/12\/31\/carlos-castro-defensor-del-software-libre-y-abiertamente-opositor-al-canon\/\" rel=\"bookmark\">Leer m\u00e1s &raquo;<span class=\"screen-reader-text\">Carlos Castro, defensor del software libre y abiertamente opositor al Canon<\/span><\/a><\/p>\n","protected":false},"author":2070,"featured_media":0,"comment_status":"open","ping_status":"open","sticky":false,"template":"","format":"standard","meta":{"neve_meta_sidebar":"","neve_meta_container":"","neve_meta_enable_content_width":"","neve_meta_content_width":0,"neve_meta_title_alignment":"","neve_meta_author_avatar":"","neve_post_elements_order":"","neve_meta_disable_header":"","neve_meta_disable_footer":"","neve_meta_disable_title":"","footnotes":""},"categories":[18,23,27],"tags":[155,11,1997,605,661],"class_list":["post-452","post","type-post","status-publish","format-standard","hentry","category-libertad-tecnologica","category-personal","category-software-libre","tag-carlos-castro","tag-extremadura","tag-libertad-tecnologica","tag-neutralidad-tecnologica","tag-politicos"],"aioseo_notices":[],"_links":{"self":[{"href":"https:\/\/ramonramon.org\/blog\/wp-json\/wp\/v2\/posts\/452","targetHints":{"allow":["GET"]}}],"collection":[{"href":"https:\/\/ramonramon.org\/blog\/wp-json\/wp\/v2\/posts"}],"about":[{"href":"https:\/\/ramonramon.org\/blog\/wp-json\/wp\/v2\/types\/post"}],"author":[{"embeddable":true,"href":"https:\/\/ramonramon.org\/blog\/wp-json\/wp\/v2\/users\/2070"}],"replies":[{"embeddable":true,"href":"https:\/\/ramonramon.org\/blog\/wp-json\/wp\/v2\/comments?post=452"}],"version-history":[{"count":0,"href":"https:\/\/ramonramon.org\/blog\/wp-json\/wp\/v2\/posts\/452\/revisions"}],"wp:attachment":[{"href":"https:\/\/ramonramon.org\/blog\/wp-json\/wp\/v2\/media?parent=452"}],"wp:term":[{"taxonomy":"category","embeddable":true,"href":"https:\/\/ramonramon.org\/blog\/wp-json\/wp\/v2\/categories?post=452"},{"taxonomy":"post_tag","embeddable":true,"href":"https:\/\/ramonramon.org\/blog\/wp-json\/wp\/v2\/tags?post=452"}],"curies":[{"name":"wp","href":"https:\/\/api.w.org\/{rel}","templated":true}]}}