{"id":4499,"date":"2010-07-18T13:37:28","date_gmt":"2010-07-18T11:37:28","guid":{"rendered":"https:\/\/www.ramonramon.org\/blog\/?p=4499"},"modified":"2020-03-22T13:46:15","modified_gmt":"2020-03-22T12:46:15","slug":"llego-la-hora-de-la-legalidad-y-el-software-libre-en-europa","status":"publish","type":"post","link":"https:\/\/ramonramon.org\/blog\/2010\/07\/18\/llego-la-hora-de-la-legalidad-y-el-software-libre-en-europa\/","title":{"rendered":"Lleg\u00f3 la hora de la legalidad y el software libre en Europa"},"content":{"rendered":"<p>Se puede decir m\u00e1s alto, con m\u00e1s florituras o con m\u00e1s adornos, pero\u00a0 no m\u00e1s claro.\u00a0 Y mientras, los de siempre, los de la primera dosis gratis y\/o la esclavitud del formato, de tus datos,&#8230; siguen con t\u00f3picos, FUD, historias miles&#8230;.\u00a0\u00a0 La comisaria europea<a href=\"https:\/\/www.ramonramon.org\/blog\/2010\/06\/18\/la-comision-europea-podria-ponerse-mas-contundente-y-apostar-por-la-libertad\/\"> Neelie Kroes lo vuelvo a dejar claro<\/a>, en esta ocasi\u00f3n con motivo de la Guadec 2010:<\/p>\n<p><center><object classid=\"clsid:d27cdb6e-ae6d-11cf-96b8-444553540000\" width=\"640\" height=\"385\" codebase=\"http:\/\/download.macromedia.com\/pub\/shockwave\/cabs\/flash\/swflash.cab#version=6,0,40,0\"><param name=\"allowFullScreen\" value=\"true\" \/><param name=\"allowScriptAccess\" value=\"always\" \/><param name=\"src\" value=\"http:\/\/www.youtube.com\/v\/ok100U4Fo3Y&amp;color1=0xb1b1b1&amp;color2=0xd0d0d0&amp;hl=es_ES&amp;feature=player_embedded&amp;fs=1\" \/><param name=\"allowfullscreen\" value=\"true\" \/><embed type=\"application\/x-shockwave-flash\" width=\"640\" height=\"385\" src=\"http:\/\/www.youtube.com\/v\/ok100U4Fo3Y&amp;color1=0xb1b1b1&amp;color2=0xd0d0d0&amp;hl=es_ES&amp;feature=player_embedded&amp;fs=1\" allowscriptaccess=\"always\" allowfullscreen=\"true\"><\/embed><\/object><\/center><\/p>\n<p>Transcripci\u00f3n traducida al espa\u00f1ol (v\u00eda FFII):<\/p>\n<blockquote><p>\u00abSoftware  libre ya no es una expresi\u00f3n malsonante. Antes lo era, una que asustaba.  Por ejemplo, en aplicaciones de gobierno electr\u00f3nico y administraciones  p\u00fablicas, software libre era algo para usar en casa, como un <em>hobby<\/em>.  Nadie se habr\u00eda atrevido a usar una soluci\u00f3n software libre en una  organizaci\u00f3n p\u00fablica.\u00a0\u00bfQui\u00e9n nos ofrecer\u00e1 soporte t\u00e9cnico, y qu\u00e9 pasa si  somos denunciados por infringir la propiedad intelectual de alguien si  usamos esto?<\/p>\n<p>\u00c9stos eran los tipos de problemas que desalentaban a  los dirigentes a seleccionar software por su m\u00e9rito.\u00a0Todav\u00eda no tenemos  un campo de juego legal completo, pero por suerte las actitudes est\u00e1n  cambiando.<\/p>\n<p>Un ejemplo es el proyecto de la Comisi\u00f3n Europea OSOR.  Este proyecto conciencia y estimula la reutilizaci\u00f3n de soluciones  software libre de \u00e9xito, entre las administraciones p\u00fablicas europeas.  Otro ejemplo es EUPL, la licencia software libre de la Uni\u00f3n Europea,  que bajo un marco de trabajo legal de la UE, permite licenciar  f\u00e1cilmente software software libre.<\/p>\n<p>Hoy muchas grandes  organizaciones de toda Europa, como el Ayuntamiento de Munich, usan  soluciones como Linux. Y el gobierno del Reino Unido ha estado apoyando  soluciones software libre desde 2009, con muchos departamentos del  gobierno us\u00e1ndolo ahora como componente. Y por lo que oigo, esos equipos  est\u00e1n encantados con los resultados.<\/p>\n<p>La raz\u00f3n no es s\u00f3lo una  alta relaci\u00f3n calidad precio, algo que es cr\u00edtico en la situaci\u00f3n  financiera actual, sino tambi\u00e9n m\u00e1s elecci\u00f3n. Hay menos dependencia de  ciertos vendedores y menos costes de migraci\u00f3n. Las cosas est\u00e1n  cambiando, tambi\u00e9n en el sector privado. Ahora grandes compa\u00f1\u00edas  declaran, orgullosas, que no s\u00f3lo est\u00e1n usando software software libre,  sino contribuyendo a \u00e9l. Y eso significa que muchos proyectos software  libre importantes est\u00e1n de hecho apoyados por empresas que est\u00e1n  invirtiendo en \u00e9l. Estas empresas obtienen beneficios importantes. Y eso  va a continuar como un apoyo importante al movimiento software libre.<\/p>\n<p>Seg\u00fan  datos de proveedores software libre, como Red Hat, los tres pa\u00edses de  la UE con m\u00e1s actividad software libre son Francia, Espa\u00f1a y Alemania. Y  con esos pa\u00edses tan grandes en cabeza, el momento del software libre va  a seguir creciendo. Es m\u00e1s, el software libre est\u00e1 apareciendo en todas  partes: en productos de consumo, en bases de datos, en software de  negocio, en juegos y como componente de servicios ofrecidos por  Internet. Y grandes iniciativas como NOiV, \u00abde Nederland\\nOpen in  Verbinding\u00bb [Holanda en Conexi\u00f3n Abiertamente], de mi propio pa\u00eds,  Holanda, est\u00e1n ayudando a hacerlo mayoritario tambi\u00e9n en administraci\u00f3n  p\u00fablica.<\/p>\n<p>La Comisi\u00f3n Europea ha hecho mucho para alentar esta  tendencia. Un ejemplo es el Marco Europeo de Interoperabilidad, que  pretende la interoperabilidad dentro de y entre las administraciones  p\u00fablicas. Y ahora la agenda digital para Europa, est\u00e1 aumentando su  apuesta. Pretendemos un enfoque estrat\u00e9gico para la interoperabilidad y  los est\u00e1ndares, y enfatizar el importante v\u00ednculo con la responsabilidad  p\u00fablica. Eso puede cambiar realmente la forma en que el software libre  es visto en las administraciones p\u00fablicas y ofrecer mucho potencial para  peque\u00f1os y medianos proveedores.<\/p>\n<p>Ten\u00e9is un rol importante en dar  forma al futuro digital de Europa. Los gobiernos no pueden tan s\u00f3lo  anunciar y entregar el futuro digital. Debe venir de una responsabilidad  org\u00e1nica y compartida. Y quiero construir un amplio movimiento para la  acci\u00f3n digital. En la Uni\u00f3n Europea podemos unir a la gente, ayudarles a  superar obst\u00e1culos, y ocasionalmente dar financiaci\u00f3n para ayudar en  investigaci\u00f3n y desarrollo. Pero la diferencia real est\u00e1 hecha por la  gente y las comunidades, como el movimiento de software libre.\u00bb<\/p><\/blockquote>\n<p>Me dirijo a t\u00ed, como responsable t\u00e9cnico o pol\u00edtico de tu administraci\u00f3n, entidad,&#8230;: Ya tienes el apoyo clarisimo de la EU y de infinidad de leyes espa\u00f1olas, como la \u00faltima 4\/2010 , <strong>\u00bfvas a seguir sin usar software libre? \u00bfvas a seguir despilfarrando? \u00bfvas a seguir en la senda del oscurantismo? \u00bfPara cu\u00e1ndo una decisi\u00f3n correcta, valiente y de apoyo al progreso?<\/strong><\/p>\n<p>Y al resto de la ciudadan\u00eda: \u00bfPara cuando la condena a todos aquellos responsables t\u00e9cnicos o pol\u00edticos que despilfarren, condenen a nuestras futuras generaciones y a nosotros mismos a ser esclavos tecnol\u00f3gicos, para cu\u00e1ndo una movilizaci\u00f3n general en pro de los derechos y libertades tecnol\u00f3gicas ?<\/p>\n","protected":false},"excerpt":{"rendered":"<p>Se puede decir m\u00e1s alto, con m\u00e1s florituras o con m\u00e1s adornos, pero\u00a0 no m\u00e1s claro.\u00a0 Y mientras, los de siempre, los de la primera dosis gratis y\/o la esclavitud del formato, de tus datos,&#8230; siguen con t\u00f3picos, FUD, historias miles&#8230;.\u00a0\u00a0 La comisaria europea Neelie Kroes lo vuelvo a dejar claro, en esta ocasi\u00f3n con&hellip;&nbsp;<a href=\"https:\/\/ramonramon.org\/blog\/2010\/07\/18\/llego-la-hora-de-la-legalidad-y-el-software-libre-en-europa\/\" rel=\"bookmark\">Leer m\u00e1s &raquo;<span class=\"screen-reader-text\">Lleg\u00f3 la hora de la legalidad y el software libre en Europa<\/span><\/a><\/p>\n","protected":false},"author":2070,"featured_media":0,"comment_status":"open","ping_status":"open","sticky":false,"template":"","format":"standard","meta":{"neve_meta_sidebar":"","neve_meta_container":"","neve_meta_enable_content_width":"","neve_meta_content_width":0,"neve_meta_title_alignment":"","neve_meta_author_avatar":"","neve_post_elements_order":"","neve_meta_disable_header":"","neve_meta_disable_footer":"","neve_meta_disable_title":"","footnotes":""},"categories":[3,6,18,27],"tags":[1990,356,2003],"class_list":["post-4499","post","type-post","status-publish","format-standard","hentry","category-administraciones-publicas","category-conocimientolibre","category-libertad-tecnologica","category-software-libre","tag-administraciones-publicas","tag-europa","tag-software-libre"],"aioseo_notices":[],"_links":{"self":[{"href":"https:\/\/ramonramon.org\/blog\/wp-json\/wp\/v2\/posts\/4499","targetHints":{"allow":["GET"]}}],"collection":[{"href":"https:\/\/ramonramon.org\/blog\/wp-json\/wp\/v2\/posts"}],"about":[{"href":"https:\/\/ramonramon.org\/blog\/wp-json\/wp\/v2\/types\/post"}],"author":[{"embeddable":true,"href":"https:\/\/ramonramon.org\/blog\/wp-json\/wp\/v2\/users\/2070"}],"replies":[{"embeddable":true,"href":"https:\/\/ramonramon.org\/blog\/wp-json\/wp\/v2\/comments?post=4499"}],"version-history":[{"count":0,"href":"https:\/\/ramonramon.org\/blog\/wp-json\/wp\/v2\/posts\/4499\/revisions"}],"wp:attachment":[{"href":"https:\/\/ramonramon.org\/blog\/wp-json\/wp\/v2\/media?parent=4499"}],"wp:term":[{"taxonomy":"category","embeddable":true,"href":"https:\/\/ramonramon.org\/blog\/wp-json\/wp\/v2\/categories?post=4499"},{"taxonomy":"post_tag","embeddable":true,"href":"https:\/\/ramonramon.org\/blog\/wp-json\/wp\/v2\/tags?post=4499"}],"curies":[{"name":"wp","href":"https:\/\/api.w.org\/{rel}","templated":true}]}}