{"id":4494,"date":"2010-07-16T11:11:04","date_gmt":"2010-07-16T09:11:04","guid":{"rendered":"https:\/\/www.ramonramon.org\/blog\/?p=4494"},"modified":"2020-03-22T13:28:39","modified_gmt":"2020-03-22T12:28:39","slug":"la-junta-de-andalucia-esta-abandonando-la-libertad-o-esta-siendo-manipulada","status":"publish","type":"post","link":"https:\/\/ramonramon.org\/blog\/2010\/07\/16\/la-junta-de-andalucia-esta-abandonando-la-libertad-o-esta-siendo-manipulada\/","title":{"rendered":"\u00bfLa Junta de Andaluc\u00eda est\u00e1 abandonando la libertad? \u00bfo est\u00e1 siendo manipulada?"},"content":{"rendered":"<p>No quiero ni meditar el titular del post, porque lo cierto es que me preocupa y mucho dar m\u00e1s cr\u00e9dito a este enorme, espero, bulo, pero&#8230; creo que es preocupante y mucho, que se use el nombre de una Comunidad, que ha sido y es referente del \u00e9xito del software libre, para beneficio medi\u00e1tico o creaci\u00f3n de expectaci\u00f3n, <a href=\"http:\/\/es.wikipedia.org\/wiki\/Fear,_uncertainty_and_doubt\">FUD<\/a>, o como queramos llamarle. Mientras disfrut\u00e1bamos de <a href=\"https:\/\/www.ramonramon.org\/blog\/2010\/07\/14\/i-foro-de-intercambio-de-experiencias-de-migracion-a-software-en-las-administraciones-publicas\/\">un productivo encuentro o jornada de trabajo entre responsables t\u00e9cnicos<\/a> de diferentes gobiernos regionales y todas las ventajas que supone para una Administraci\u00f3n P\u00fablica el apostar por el software libre, v\u00eda twitter salt\u00f3 la alarma: Seg\u00fan el CIO de Microsoft Ib\u00e9rica, <a href=\"http:\/\/twitter.com\/hectorsm\/status\/18512232125\">hab\u00eda movimientos en la Junta,<\/a> las reuniones que estaba manteniendo eran productivas y, lo m\u00e1s preocupante, <a href=\"http:\/\/twitter.com\/hectorsm\/status\/18541719477\">el objetivo se hab\u00eda logrado<\/a>.\u00a0 \u00bfCual era es objetivo logrado? \u00bfQu\u00e9 una vez m\u00e1s se pudiera cometer una atrocidad como la que se cometi\u00f3 en el servicio de salud y que nos cost\u00f3 m\u00e1s de 11 millones de euros?<\/p>\n<p>Como no podr\u00eda ser de otra manera, lo primero que a uno se le viene a la cabeza es que si <a href=\"https:\/\/www.ramonramon.org\/blog\/?s=microsoft\">un alto cargo de Microsoft<\/a> dice que est\u00e1 reunido con representantes de la Junta y que sale muy satisfecho de sus reuniones es que la Junta podr\u00eda abandonar la libertad tecnol\u00f3gica y, como ya ocurre en otras muchas administraciones, obligar a su ciudadan\u00eda al oscurantismo tecnol\u00f3gico, <a href=\"https:\/\/www.ramonramon.org\/blog\/2009\/09\/30\/el-software-libre-permitiria-ahorrar-50-millones-de-euros-al-ministerio-de-educacion\/\">el despilfarro<\/a>, el <a href=\"https:\/\/www.ramonramon.org\/blog\/2009\/04\/23\/microsoft-una-vez-mas-bloquea-a-una-administracion-publica\/\">bloqueo<\/a>, y la <a href=\"https:\/\/www.ramonramon.org\/blog\/2009\/12\/13\/educacion-software-libre-vs-software-esclavo\/\">esclavizaci\u00f3n<\/a> de sus procedimientos, su formaci\u00f3n, conocimientos, <a href=\"https:\/\/www.ramonramon.org\/blog\/2010\/06\/29\/castellon-un-municipio-contra-el-despilfarro-y-la-injusticia\/\">la injusticia<\/a>, &#8230;.\u00a0 M\u00e1s cuando <a href=\"https:\/\/www.ramonramon.org\/blog\/2010\/06\/18\/la-comision-europea-podria-ponerse-mas-contundente-y-apostar-por-la-libertad\/\">la propia comisi\u00f3n europea lo tiene claro<\/a>.<\/p>\n<p>Ver\u00e1s!!!, lo primero que se le viene a uno a la cabeza cuando ocurren estas cosas es: \u00abesto es una <a href=\"https:\/\/www.ramonramon.org\/blog\/2009\/12\/10\/ea-ea-ea-microsoft-se-cabrea\/\">enorme rabieta de Microsoft, una m\u00e1s<\/a>, porque como habr\u00e1n estando comprobando en los diferentes medios, tanto digitales como tradicionales,<a href=\"http:\/\/www.google.com\/search?hl=es&amp;q=software+libre+administraciones+p%C3%BAblicas+guadalajara&amp;aq=f&amp;aqi=&amp;aql=&amp;oq=&amp;gs_rfai=\"> el foro de intercambio de experiencias fue un rotundo \u00e9xito<\/a>, que adem\u00e1s, tuvo un importante seguimiento en las redes, en otras entidades interesadas,&#8230; y que promete ser un embri\u00f3n de otras muchas novedades y avances\u00bb.<\/p>\n<p>Desde luego, y como bien dice el amigo Juantomas en su blog, las perlas que el amigo H\u00e9ctor nos suelta en su twitter son de \u00f3rdago:<\/p>\n<blockquote><p><em>\u00ab&#8230;Es capaz de meter 6 o 7 twitters con todos los t\u00f3picos posibles anti  software libre sin dejarse ninguno y esto no es f\u00e1cil con twitter&#8230;<\/em><\/p>\n<p><em>Esta es mi favorita el nuevo mantra a repetir.<\/em><\/p>\n<p><em><strong>Menos Independencias y m\u00e1s Eficiencias; \u2013 Ideolog\u00eda y +  Tecnolog\u00eea; \u2013 Se\u00f1alar y + Desarrollar; \u2013 Conspiraciones y +  Inspiraciones<\/strong><\/em><\/p>\n<p><em>Evidentemente a Microsoft nunca le ha interesado lo m\u00e1s m\u00ednimo la  independencia de sus clientes. Un mercado cautivo es lo mejor que les  puede ocurrir y en los \u00faltimos a\u00f1os entre contratos abusivos con lo  montadores de hardware y otras peque\u00f1as sutilezas del estilo la  independencia en todos los aspectos \u00bfes un estorbo verdad?<\/em><\/p>\n<p><em>Lo de la bandera de la eficiencia debe ser una co\u00f1a hist\u00f3rica o  nuevos productos que no conoce nadie no?<\/em><\/p>\n<p><em>&#8230;.<\/em><\/p>\n<p><em><strong>Menos Software Libre y mas Libertad de Software. Menos  subvenciones y mejores planes de negocio. Menos Ideolog\u00eda y mejor  tecnolog\u00eda <\/strong><\/em><\/p>\n<p><em>Otra perla. Es curioso lo de m\u00e1s libertad de software viniendo de  Microsoft y los miles de pliegos con condiciones ilegales que hacen a  Microsoft el \u00fanico adjudicatarios posibles. Lo de las subvenciones debe  ser otra co\u00f1a teniendo en cuenta lo que tributa la sucursal comercial de  Microsoft en Espa\u00f1a y lo de los planes de negocio empezar a revisar el  vuestro que no parece que vaya muy fino y tenga un futuro espectacular.<\/em><\/p>\n<p><em>&#8230;<\/em><\/p>\n<p><em><strong>Discrepo 100% (pero seguro q lo sospechabas  RT @<\/strong><strong>migueljaque<\/strong><strong>: <\/strong><strong>#foroaapp<\/strong><strong> Es m\u00e1s f\u00e1cil migrar a SL q cambiar de versi\u00f3n de soft propietario<\/strong><\/em><\/p>\n<p><em> La gente a la que se estaba refiriendo Miguel Jaque en muchos casos  tuvo que migrar a Software Libre por que software propietario no  funcionaba, lo hac\u00eda mal o la migraci\u00f3n al software propietario no  funcion\u00f3. Por cierto hab\u00eda alg\u00fan banco, \u00a0AAPP.\u00bb<\/em><\/p><\/blockquote>\n<p>Lo cierto es que me preocupa, me provoca p\u00e1nico que exista alg\u00fan movimiento de paso atr\u00e1s, m\u00e1s cu\u00e1ndo reconozco que en ocasiones no es f\u00e1cil no caer en los cantos de sirenas de grandes multinacionales norteamericanas, en detrimento de nuestras pymes espa\u00f1olas, m\u00e1s a\u00fan cuando esta crisis afecta a todos pero a\u00fan m\u00e1s a aquellas empresas no eficientes.  En una crisis de modelo como la que sufrimos, algunas entidades, autoridades, personas,&#8230; han apostado por la eficiencia, por el ahorro de costes, la innovaci\u00f3n, el beneficio en la regi\u00f3n en detrimento del pago de royalties a multinacionales extranjeras,&#8230; y claro, estas multinacionales se mueven, se ponen sus mejores galas, acuden a donde antes no lo hac\u00edan,&#8230; e intentan, con lo poco que pueden quitar verdades con grandes y bonitas palabras.<br \/>\n\u00bfNos encontraremos en Andaluc\u00eda con un nuevo y estrepitoso fracaso como DIRAYA?  Los propios m\u00e9dicos en sus foros lo ten\u00edan claro:<\/p>\n<blockquote><p><em> \u00abNo hay modo alguno de saber a ciencia cierta el \u201cdineral\u201d invertido,  sirva como gu\u00eda que al comienzo de la instalaci\u00f3n del proyecto, all\u00e1 por  los inicios del 2003, llevamos cinco a\u00f1os, dec\u00edan haber invertido unos  8.900 millones, cuando a\u00fan se contaba en pesetas y que el mes de  septiembre pasado la prensa publicaba que INDRA, la supuesta gran  empresa beneficiada, hab\u00eda podido hacer efectivo el adeudo de 11  millones de euros que importaba el mantenimiento correspondiente a 2006 y  2007 del mencionado \u201cengendro\u201d&#8230;<\/em><\/p>\n<p><em>Pero vayamos al asunto, no me cab\u00eda en la cabeza, tras un tiempo usando  Guadalinex V4 y viendo lo bien que corre, me desasosegaba una duda: Si  en Andaluc\u00eda tenemos gente capaz de sacar adelante una herramienta tan  buena como \u00e9sta, \u00bfpor qu\u00e9 se encarg\u00f3 a Indra la chapuza que es la  historia de salud digital \u2013 Diraya? Cierto que Guadalinex parte de la  buena base que es Ubuntu, pero a\u00fan as\u00ed las tareas de recopilaci\u00f3n de  paquetes, adaptaci\u00f3n o creaci\u00f3n de nuevas aplicaciones es un trabajo que  lleva su tiempo, sus l\u00edneas de c\u00f3digo y que si no se hace bien puede  arruinar la premisa inicial; porque yo cre\u00eda que la aplicaci\u00f3n estaba  desarrollada en Linux, desconoc\u00eda si con GuadaLinex o con un Debian con  lo m\u00ednimo imprescindible, y lo que ve\u00edamos al abrir la historia del  paciente era un entorno gr\u00e1fico simulando Windows para familiarizar al  personal.<\/em><\/p>\n<p><em>&#8230; Lo dicho, no me explico c\u00f3mo teniendo en casa gente capaz de hacer las  cosas muy bien hemos tenido que pagar  millones de euros a alguien de  fuera para que nos haga chapuzas, claro que igual esta opci\u00f3n no deja  comisiones.\u00bb<\/em><\/p><\/blockquote>\n","protected":false},"excerpt":{"rendered":"<p>No quiero ni meditar el titular del post, porque lo cierto es que me preocupa y mucho dar m\u00e1s cr\u00e9dito a este enorme, espero, bulo, pero&#8230; creo que es preocupante y mucho, que se use el nombre de una Comunidad, que ha sido y es referente del \u00e9xito del software libre, para beneficio medi\u00e1tico o&hellip;&nbsp;<a href=\"https:\/\/ramonramon.org\/blog\/2010\/07\/16\/la-junta-de-andalucia-esta-abandonando-la-libertad-o-esta-siendo-manipulada\/\" rel=\"bookmark\">Leer m\u00e1s &raquo;<span class=\"screen-reader-text\">\u00bfLa Junta de Andaluc\u00eda est\u00e1 abandonando la libertad? \u00bfo est\u00e1 siendo manipulada?<\/span><\/a><\/p>\n","protected":false},"author":2070,"featured_media":0,"comment_status":"open","ping_status":"open","sticky":false,"template":"","format":"standard","meta":{"neve_meta_sidebar":"","neve_meta_container":"","neve_meta_enable_content_width":"","neve_meta_content_width":0,"neve_meta_title_alignment":"","neve_meta_author_avatar":"","neve_post_elements_order":"","neve_meta_disable_header":"","neve_meta_disable_footer":"","neve_meta_disable_title":"","footnotes":""},"categories":[3,18,27],"tags":[432,939,1997,561,2003],"class_list":["post-4494","post","type-post","status-publish","format-standard","hentry","category-administraciones-publicas","category-libertad-tecnologica","category-software-libre","tag-hector-montenegro","tag-junta-de-andalucia","tag-libertad-tecnologica","tag-microsoft","tag-software-libre"],"aioseo_notices":[],"_links":{"self":[{"href":"https:\/\/ramonramon.org\/blog\/wp-json\/wp\/v2\/posts\/4494","targetHints":{"allow":["GET"]}}],"collection":[{"href":"https:\/\/ramonramon.org\/blog\/wp-json\/wp\/v2\/posts"}],"about":[{"href":"https:\/\/ramonramon.org\/blog\/wp-json\/wp\/v2\/types\/post"}],"author":[{"embeddable":true,"href":"https:\/\/ramonramon.org\/blog\/wp-json\/wp\/v2\/users\/2070"}],"replies":[{"embeddable":true,"href":"https:\/\/ramonramon.org\/blog\/wp-json\/wp\/v2\/comments?post=4494"}],"version-history":[{"count":0,"href":"https:\/\/ramonramon.org\/blog\/wp-json\/wp\/v2\/posts\/4494\/revisions"}],"wp:attachment":[{"href":"https:\/\/ramonramon.org\/blog\/wp-json\/wp\/v2\/media?parent=4494"}],"wp:term":[{"taxonomy":"category","embeddable":true,"href":"https:\/\/ramonramon.org\/blog\/wp-json\/wp\/v2\/categories?post=4494"},{"taxonomy":"post_tag","embeddable":true,"href":"https:\/\/ramonramon.org\/blog\/wp-json\/wp\/v2\/tags?post=4494"}],"curies":[{"name":"wp","href":"https:\/\/api.w.org\/{rel}","templated":true}]}}