{"id":448,"date":"2007-12-20T20:35:23","date_gmt":"2007-12-20T18:35:23","guid":{"rendered":"https:\/\/www.ramonramon.org\/blog\/2007\/12\/20\/espana-20-diciembre-un-dia-negro-para-los-ciudadanos\/"},"modified":"2020-03-22T13:04:17","modified_gmt":"2020-03-22T12:04:17","slug":"espana-20-diciembre-un-dia-negro-para-los-ciudadanos","status":"publish","type":"post","link":"https:\/\/ramonramon.org\/blog\/2007\/12\/20\/espana-20-diciembre-un-dia-negro-para-los-ciudadanos\/","title":{"rendered":"Espa\u00f1a, 20 diciembre, un d\u00eda negro para los ciudadanos"},"content":{"rendered":"<p>Aunque es evidente que en Espa\u00f1a existe democracia, pues se eligen a nuestros representantes pol\u00edticos cada cuatro a\u00f1os mediante normas que garantizan un proceso limpio y transparente, es una pena que estos mismos dirigentes se olviden de sus representados una vez han sido elegidos, pero&#8230;. a\u00fan es m\u00e1s triste que estando a pocos meses de unas elecciones, puedan cometer la prepotencia de aprobar unas medidas contra el beneficio de la mayor\u00eda de los ciudadanos.  \u00bfTanto poder tienen aquellos que dicen representar la Cultura? \u00bfSon m\u00e1s importantes los 30 que se manifiestan a favor de la SGAE que el mill\u00f3n y medio de firmas de ciudadanos de a pi\u00e9 cansados de que se les criminalice?  \u00bfPara cu\u00e1ndo el fin del impuesto revolucionario?&#8230;.<\/p>\n<p>Hoy, ser\u00e1 un d\u00eda muy recordado negativamente en Espa\u00f1a, hoy los pol\u00edticos pod\u00edan haber luchado por el bien com\u00fan, haber acabado con el oscurantismo y poder de la SGAE, el despotismo cultural,&#8230;. pero no, han preferido esperar a la respuesta de las urnas, y esto me hace sentir a\u00fan m\u00e1s apenado \ud83d\ude41<\/p>\n<p>S\u00f3lo hay que recurrir a blogs como los de <a href=\"http:\/\/www.enriquedans.com\/2007\/12\/el-psoe-reinventa-la-democracia-en-su-web-electoral.html\">EnriqueDans<\/a> para ver el movimiento ciudadano que existen entorno al Canon, y encima en la propia web del PSOE. O todos los art\u00edculos que aparecen en <a href=\"http:\/\/www.escolar.net\/\">Escolar<\/a>, en <a href=\"http:\/\/www.error500.net\/aprobados-lisi-canon\">error500<\/a> y en un sinf\u00edn de blogs m\u00e1s, con titulares tan expl\u00edcitos como:<br \/>\nEl canon: la nueva Marbella de la propiedad intelectual<br \/>\n<a href=\"http:\/\/www.outono.net\/elentir\/?p=2221\" title=\"Permalink for : El PSOE cabrea a sus votantes\">El PSOE cabrea a sus votantes<\/a><br \/>\nEspa\u00f1a: dos dictaduras, la de los partidos pol\u00edticos y la de la SGAE<br \/>\nHoy es un dia de luto<br \/>\npero.. hoy me quedo con lo que aparece en el diario de Cyberfrancis:<\/p>\n<p><em>\u00bb A todos los pol\u00edticos\u2026.<br \/>\n&#8211; A aquellos que me consideran delincuente por escuchar m\u00fasica gratis.<br \/>\n&#8211; A aquellos que usan nuestro dinero para comprar software de alto costo.<br \/>\n&#8211; A aquellos que no se dignan a mirarnos la cara con ojos de sinceridad.<br \/>\n&#8211; A aquellos que hacen o\u00eddos sordos a nuestras peticiones y firmas.<br \/>\n&#8211; A aquellos que s\u00f3lo les importa m\u00e1s recaudar sin miramientos.<br \/>\n&#8211; A aquellos que no han movido ni un dedo para mejorar nuestro nivel de vida.<br \/>\n&#8211; A aquellos que manipul\u00e1is los mass media para ponerlos a vuestro favor\u2026<\/em><\/p>\n<p><em>   a aquellos pol\u00edticos, <strong>no cont\u00e9is con mi voto en Marzo<\/strong>.\u00bb<\/em><\/p>\n<h2 class=\"storytitle\" id=\"post-3321\"><\/h2>\n<p>Sin embargo, yo si votar\u00e9, porque siempre he cre\u00eddo que ten\u00eda esa obligaci\u00f3n, aunque&#8230; cada d\u00eda la alternativa sea m\u00e1s dif\u00edcil \ud83d\ude41<\/p>\n","protected":false},"excerpt":{"rendered":"<p>Aunque es evidente que en Espa\u00f1a existe democracia, pues se eligen a nuestros representantes pol\u00edticos cada cuatro a\u00f1os mediante normas que garantizan un proceso limpio y transparente, es una pena que estos mismos dirigentes se olviden de sus representados una vez han sido elegidos, pero&#8230;. a\u00fan es m\u00e1s triste que estando a pocos meses de&hellip;&nbsp;<a href=\"https:\/\/ramonramon.org\/blog\/2007\/12\/20\/espana-20-diciembre-un-dia-negro-para-los-ciudadanos\/\" rel=\"bookmark\">Leer m\u00e1s &raquo;<span class=\"screen-reader-text\">Espa\u00f1a, 20 diciembre, un d\u00eda negro para los ciudadanos<\/span><\/a><\/p>\n","protected":false},"author":2070,"featured_media":0,"comment_status":"open","ping_status":"open","sticky":false,"template":"","format":"standard","meta":{"neve_meta_sidebar":"","neve_meta_container":"","neve_meta_enable_content_width":"","neve_meta_content_width":0,"neve_meta_title_alignment":"","neve_meta_author_avatar":"","neve_post_elements_order":"","neve_meta_disable_header":"","neve_meta_disable_footer":"","neve_meta_disable_title":"","footnotes":""},"categories":[18,23],"tags":[151,1997,605,2000,661,26],"class_list":["post-448","post","type-post","status-publish","format-standard","hentry","category-libertad-tecnologica","category-personal","tag-canon-digital","tag-libertad-tecnologica","tag-neutralidad-tecnologica","tag-personal","tag-politicos","tag-sgae"],"aioseo_notices":[],"_links":{"self":[{"href":"https:\/\/ramonramon.org\/blog\/wp-json\/wp\/v2\/posts\/448","targetHints":{"allow":["GET"]}}],"collection":[{"href":"https:\/\/ramonramon.org\/blog\/wp-json\/wp\/v2\/posts"}],"about":[{"href":"https:\/\/ramonramon.org\/blog\/wp-json\/wp\/v2\/types\/post"}],"author":[{"embeddable":true,"href":"https:\/\/ramonramon.org\/blog\/wp-json\/wp\/v2\/users\/2070"}],"replies":[{"embeddable":true,"href":"https:\/\/ramonramon.org\/blog\/wp-json\/wp\/v2\/comments?post=448"}],"version-history":[{"count":0,"href":"https:\/\/ramonramon.org\/blog\/wp-json\/wp\/v2\/posts\/448\/revisions"}],"wp:attachment":[{"href":"https:\/\/ramonramon.org\/blog\/wp-json\/wp\/v2\/media?parent=448"}],"wp:term":[{"taxonomy":"category","embeddable":true,"href":"https:\/\/ramonramon.org\/blog\/wp-json\/wp\/v2\/categories?post=448"},{"taxonomy":"post_tag","embeddable":true,"href":"https:\/\/ramonramon.org\/blog\/wp-json\/wp\/v2\/tags?post=448"}],"curies":[{"name":"wp","href":"https:\/\/api.w.org\/{rel}","templated":true}]}}