{"id":443,"date":"2007-12-18T20:46:05","date_gmt":"2007-12-18T18:46:05","guid":{"rendered":"https:\/\/www.ramonramon.org\/blog\/2007\/12\/18\/comunicado-de-clausura-del-x-congreso\/"},"modified":"2010-10-05T21:24:06","modified_gmt":"2010-10-05T19:24:06","slug":"comunicado-de-clausura-del-x-congreso","status":"publish","type":"post","link":"https:\/\/ramonramon.org\/blog\/2007\/12\/18\/comunicado-de-clausura-del-x-congreso\/","title":{"rendered":"Comunicado de clausura del X Congreso"},"content":{"rendered":"<p><meta http-equiv=\"CONTENT-TYPE\" content=\"text\/html; charset=utf-8\" \/><title><\/title><meta name=\"GENERATOR\" content=\"OpenOffice.org 2.3  (Linux)\" \/> \t \t \t<\/p>\n<style type=\"text\/css\"> \t<!-- \t\t@page { size: 21cm 29.7cm; margin: 2cm } \t\tP { margin-bottom: 0.21cm } \t--> \t<\/style>\n<p style=\"margin-bottom: 0cm\" align=\"justify\" lang=\"es-ES\"><font color=\"#000000\"><font style=\"font-size: 11pt\" size=\"2\"><strong>Asociaciones y empresarios de Europa y Latinoam\u00e9rica mostraron su inter\u00e9s por el futuro del Software Libre de cara al desarrollo de la Sociedad del Conocimiento<\/strong><\/font><\/font><\/p>\n<p style=\"margin-bottom: 0cm\" align=\"justify\" lang=\"es-ES\">\n<p style=\"margin-bottom: 0cm\" align=\"justify\"><font color=\"#000080\"><u><font style=\"font-size: 11pt\" size=\"2\"><strong>El Congreso de Hispalinux<\/strong><\/font><\/u><\/font><font style=\"font-size: 11pt\" size=\"2\"><strong>, <\/strong><\/font><font style=\"font-size: 11pt\" size=\"2\"><span>uno de los eventos nacionales m\u00e1s importantes y con m\u00e1s trascendencia en el campo del Software Libre (SL) y que tiene como objetivo ser un foro de encuentro y difusi\u00f3n del Software Libre, celebr\u00f3 su d\u00e9cima edici\u00f3n con gran \u00e9xito entre los d\u00edas 13 y 16 de diciembre. Unas 500 personas participaron en este evento, en el que fue fundamental la presencia tanto de los ponentes, empresarios e invitados, como de los voluntarios y los asistentes, en general. Adem\u00e1s, el encuentro cont\u00f3 con participantes a nivel nacional como internacional. As\u00ed, acudieron representantes del \u00e1mbito del Software Libre desde pa\u00edses como  Colombia, M\u00e9xico, Francia o Portugal, entre otros. Gracias a este gran \u00e9xito, Hispalinux, que hasta el inicio del Congreso contaba con 8.500 socios, hoy ya cuenta con unos 10.000.<\/span><\/font><\/p>\n<p style=\"margin-bottom: 0cm\" align=\"justify\" lang=\"es-ES\">\n<p style=\"margin-bottom: 0cm\" align=\"justify\" lang=\"es-ES\"> <font color=\"#000000\"><font style=\"font-size: 11pt\" size=\"2\">El acto de presentaci\u00f3n del Congreso corri\u00f3 a cargo de la vicepresidenta y Consejera de Econom\u00eda, Comercio e Innovaci\u00f3n de la Junta de Extremadura, Mar\u00eda Dolores Aguilar; el viceministro de la Econom\u00eda Solidaria del Gobierno de Colombia, Abraham Rubio Quiroga; la alcaldesa de C\u00e1ceres, Carmen Heras; la diputada del Congreso por el PSC, Lourdes Mu\u00f1oz, el vicerrector de Tecnolog\u00edas de la Informaci\u00f3n y Comunicaciones de la Universidad de Extremadura, Juan Manuel Murillo; y el presidente Hispalinux, Jorge Fuertes. <\/font><\/font><\/p>\n<p style=\"margin-bottom: 0cm\" align=\"justify\" lang=\"es-ES\">\n<p style=\"margin-bottom: 0cm\" align=\"justify\"><font color=\"#000000\"><font size=\"3\"><span lang=\"es-ES\"><span>Fuertes agradeci\u00f3 p\u00fablicamente a todas las instituciones y empresas que hicieron posible la organizaci\u00f3n del Congreso, tales como la Universidad de Extremadura, el Ayuntamiento de C\u00e1ceres, la Junta de Extremadura, Iniciativa Focus, las fundaciones Cenatic y Fundecyt o compa\u00f1\u00edas como GMV, ITD, Emergya Consultor\u00eda, Infoempleo o Cofiman, socio tecnol\u00f3gico de Hispalinux para este evento, entre otras muchas. Adem\u00e1s, Fuertes destac\u00f3 el motivo por el que naci\u00f3 y sigue creciendo la asociaci\u00f3n: \u201cHispalinux, que contaba con m\u00e1s de 8.500 socios hasta esta ma\u00f1ana y que en la jornada de hoy ha sumado hasta 8.700, tienen como cuesti\u00f3n m\u00e1s  importante en su agenda la cohesi\u00f3n de la comunidad de SL y el conocimiento libre\u201d, explic\u00f3. Asimismo, los dem\u00e1s ponentes destacaron <\/span><\/span><\/font><\/font><font color=\"#000000\"><font style=\"font-size: 11pt\" size=\"2\"><span lang=\"es-ES\"><span>la importancia que tiene el software libre para el desarrollo de las comunidades aut\u00f3nomas y sus empresas e incidieron en resaltar las iniciativas llevadas a cabo en la regi\u00f3n extreme\u00f1a.<\/span><\/span><\/font><\/font><\/p>\n<p style=\"margin-bottom: 0cm\" align=\"justify\" lang=\"es-ES\">\n<p style=\"margin-bottom: 0cm\" align=\"justify\" lang=\"es-ES\">\n<p style=\"margin-bottom: 0cm\" align=\"justify\"><font style=\"font-size: 11pt\" size=\"2\"><span>El Congreso cont\u00f3 este a\u00f1o con una novedad orientada a tanto a las empresas, como a los desarrolladores, universitarios e interesados por el entorno laboral de la comunidad Linux: <\/span><\/font><font style=\"font-size: 11pt\" size=\"2\"><strong>Emplea Libre. La primera Feria de Empleo en el mercado del Software Libre. <\/strong><\/font><font style=\"font-size: 11pt\" size=\"2\">La feria sirvi\u00f3 <\/font><font style=\"font-size: 11pt\" size=\"2\"><span>de punto de encuentro para todos estos colectivos y gener\u00f3 resultados excepcionales en el entorno laboral SL.<\/span><\/font><\/p>\n<p style=\"margin-bottom: 0cm\" align=\"justify\">\n<p style=\"margin-bottom: 0cm\" align=\"justify\"><font style=\"font-size: 11pt\" size=\"2\"><span>Otro de los actos m\u00e1s destacados de esta d\u00e9cima edici\u00f3n, fue el reci\u00e9n inaugurado <\/span><\/font><font style=\"font-size: 11pt\" size=\"2\"><strong>Encuentro de Desarrolladores del Congreso de Hispalinux<\/strong><\/font><font style=\"font-size: 11pt\" size=\"2\"><span>, que congreg\u00f3 a desarrolladores tanto particulares como procedentes de empresas de Software Libre. El evento estuvo coordinado por Juan Jes\u00fas Ojeda y otros miembros del equipo de Emergya Consultor\u00eda, empresa desarrolladora de aplicaciones y sistemas en Software Libre que colabor\u00f3 activamente en la organizaci\u00f3n del Congreso. \u201cHemos sentado las bases para realizar una segunda edici\u00f3n del Encuentro bien estructurada y con claros objetivos\u201d, explica Ojeda. Entre las conclusiones de este encuentro, destacaron las propuestas de los representantes de empresas de Software Libre sobre organizaci\u00f3n y herramientas de trabajo; as\u00ed como otras relacionadas con la publicaci\u00f3n del c\u00f3digo: \u201cSe concluy\u00f3 que es necesario  que se hagan publicaciones correctas con documentaciones claras, pues el Software Libre no es tal si no se publica y se documenta bien lo que se hace, de cara a que otros lo puedan usar realmente\u201d, argumenta Ignacio Montoya, analista de Emergya.<\/span><\/font><\/p>\n<p style=\"margin-bottom: 0cm\" align=\"justify\" lang=\"es-ES\">\n<p style=\"margin-right: 0.03cm\" align=\"justify\" lang=\"es-ES\"><font color=\"#000000\"><font style=\"font-size: 11pt\" size=\"2\"><strong><span style=\"background: #ff0000 none repeat scroll 0% 50%; -moz-background-clip: -moz-initial; -moz-background-origin: -moz-initial; -moz-background-inline-policy: -moz-initial\">Presentaci\u00f3n de empresas y reuniones                                                        <\/span><\/strong><\/font><\/font><\/p>\n<p style=\"margin-bottom: 0cm\" align=\"justify\"><font style=\"font-size: 11pt\" size=\"2\"><br \/>\nEl Congreso de Hispalinux, gracias a su consolidaci\u00f3n, creciente a\u00f1o tras a\u00f1o, cont\u00f3 en esta edici\u00f3n con un gran n\u00famero de actividades, entre ellas, 16 talleres, 12 presentaciones y 24 conferencias o mesas redondas. Adem\u00e1s, se celebraron tres grandes eventos paralelos: la Feria de empleo, el Encuentro Gnome Hispano y el Encuentro Nacional de Desarrolladores.<\/font><\/p>\n<p style=\"margin-bottom: 0cm\" align=\"justify\">\n<p style=\"margin-bottom: 0cm\" align=\"justify\"><font style=\"font-size: 11pt\" size=\"2\">Entre las presentaciones, destaca la presentaci\u00f3n corporativa de la Fundaci\u00f3n Cenatic, reci\u00e9n creada con el fin de impulsar el conocimiento y uso del software de fuentes abiertas; o el proyecto LinEx de Extremadura para Colombia, sobre el que hablar\u00e1 Patricia Garc\u00eda Moncada, directora de la Fundaci\u00f3n FUNDEHUMANO de Colombia. En referencia a esto, el <\/font><font color=\"#000000\"><font style=\"font-size: 11pt\" size=\"2\"><span lang=\"es-ES\"><span>viceministro de la Econom\u00eda Solidaria del Gobierno de Colombia,<\/span><\/span><\/font><\/font><font style=\"font-size: 11pt\" size=\"2\"> Abraham Rubio, dirigi\u00f3 a todos los asistentes una invitaci\u00f3n para asistir al Congreso Internacional de Desarrollo Tecnol\u00f3gico y Emprendimiento Solidario, que se celebrar\u00e1 en <\/font><\/p>\n<p style=\"margin-bottom: 0cm\" align=\"justify\"><font style=\"font-size: 11pt\" size=\"2\">la ciudad de Cali (Colombia) los d\u00edas 18, 19 y 20 de septiembre de 2008.<\/font><\/p>\n<p style=\"margin-bottom: 0cm\" align=\"justify\">\n<p style=\"margin-bottom: 0cm\" align=\"justify\"><font style=\"font-size: 11pt\" size=\"2\">Tambi\u00e9n tuvo lugar la presentaci\u00f3n de INTECO,  que mostr\u00f3 las herramientas libres con las que est\u00e1 impulsando la accesibilidad en las Administraciones P\u00fablicas y empresas espa\u00f1olas. Inteco tiene tambi\u00e9n encomendadas por el Gobierno de Espa\u00f1a actuaciones en factura electr\u00f3nica, <\/font><font style=\"font-size: 11pt\" size=\"2\"><em>e-salud, e-content<\/em><\/font><font style=\"font-size: 11pt\" size=\"2\"> y seguridad.<\/font><\/p>\n","protected":false},"excerpt":{"rendered":"<p>Asociaciones y empresarios de Europa y Latinoam\u00e9rica mostraron su inter\u00e9s por el futuro del Software Libre de cara al desarrollo de la Sociedad del Conocimiento El Congreso de Hispalinux, uno de los eventos nacionales m\u00e1s importantes y con m\u00e1s trascendencia en el campo del Software Libre (SL) y que tiene como objetivo ser un foro&hellip;&nbsp;<a href=\"https:\/\/ramonramon.org\/blog\/2007\/12\/18\/comunicado-de-clausura-del-x-congreso\/\" rel=\"bookmark\">Leer m\u00e1s &raquo;<span class=\"screen-reader-text\">Comunicado de clausura del X Congreso<\/span><\/a><\/p>\n","protected":false},"author":2070,"featured_media":0,"comment_status":"open","ping_status":"open","sticky":false,"template":"","format":"standard","meta":{"neve_meta_sidebar":"","neve_meta_container":"","neve_meta_enable_content_width":"","neve_meta_content_width":0,"neve_meta_title_alignment":"","neve_meta_author_avatar":"","neve_post_elements_order":"","neve_meta_disable_header":"","neve_meta_disable_footer":"","neve_meta_disable_title":"","footnotes":""},"categories":[23],"tags":[33,13,480],"class_list":["post-443","post","type-post","status-publish","format-standard","hentry","category-personal","tag-congreso-hispalinux","tag-hispalinux","tag-jornadas"],"aioseo_notices":[],"_links":{"self":[{"href":"https:\/\/ramonramon.org\/blog\/wp-json\/wp\/v2\/posts\/443","targetHints":{"allow":["GET"]}}],"collection":[{"href":"https:\/\/ramonramon.org\/blog\/wp-json\/wp\/v2\/posts"}],"about":[{"href":"https:\/\/ramonramon.org\/blog\/wp-json\/wp\/v2\/types\/post"}],"author":[{"embeddable":true,"href":"https:\/\/ramonramon.org\/blog\/wp-json\/wp\/v2\/users\/2070"}],"replies":[{"embeddable":true,"href":"https:\/\/ramonramon.org\/blog\/wp-json\/wp\/v2\/comments?post=443"}],"version-history":[{"count":0,"href":"https:\/\/ramonramon.org\/blog\/wp-json\/wp\/v2\/posts\/443\/revisions"}],"wp:attachment":[{"href":"https:\/\/ramonramon.org\/blog\/wp-json\/wp\/v2\/media?parent=443"}],"wp:term":[{"taxonomy":"category","embeddable":true,"href":"https:\/\/ramonramon.org\/blog\/wp-json\/wp\/v2\/categories?post=443"},{"taxonomy":"post_tag","embeddable":true,"href":"https:\/\/ramonramon.org\/blog\/wp-json\/wp\/v2\/tags?post=443"}],"curies":[{"name":"wp","href":"https:\/\/api.w.org\/{rel}","templated":true}]}}