{"id":438,"date":"2007-12-16T22:25:13","date_gmt":"2007-12-16T20:25:13","guid":{"rendered":"https:\/\/www.ramonramon.org\/blog\/2007\/12\/16\/finalizo-el-congreso\/"},"modified":"2020-03-22T13:01:55","modified_gmt":"2020-03-22T12:01:55","slug":"finalizo-el-congreso","status":"publish","type":"post","link":"https:\/\/ramonramon.org\/blog\/2007\/12\/16\/finalizo-el-congreso\/","title":{"rendered":"Finaliz\u00f3 el Congreso :("},"content":{"rendered":"<p>Reci\u00e9n llegado a casita, bastante cansado como es habitual en estos casos, y con un sabor agridulce como el de anteriores ocasiones.  Ha sido muy emocionante el encontrarme con amigos, hacer otros nuevos y compartir buenos momentos, ideas y charlas, pero.. ahora se echa todo mucho de menos, me parece que si tuvi\u00e9ramos que organizarlo, habr\u00eda que plantearse dos semanas \ud83d\ude09<\/p>\n<p><a href=\"https:\/\/ramonramon.org\/blog\/wp-content\/uploads\/2007\/12\/voluntariosyponent2.png\" title=\"voluntariosyponent.png\"><\/a><\/p>\n<p style=\"text-align: center\"><a href=\"https:\/\/ramonramon.org\/blog\/wp-content\/uploads\/2007\/12\/voluntariosyponent2.png\" title=\"voluntariosyponent.png\"><img decoding=\"async\" src=\"https:\/\/ramonramon.org\/blog\/wp-content\/uploads\/2007\/12\/voluntariosyponent2.png\" alt=\"voluntariosyponent.png\" \/><\/a><\/p>\n<p>Lo m\u00e1s importante de todo, el \u00abpeazo\u00bb de curro que se han pegado los voluntarios de Iniciativa Focus, la consolidaci\u00f3n con los compis Ana y Marcos a la cabeza de IniciativaFocus Extremadura, sin descartar otros muchos compis de aquella acogedora tierra (seguramente se me olvidar\u00e1n varios\/as, pues eran muchos\/as y&#8230; apasionados\/as, pero&#8230;), Alberto, C\u00e9sar, Wili, Roc\u00edo, Jorge, Dani, Nacho,&#8230; y que nos han dejado a todos impresionados.<\/p>\n<p>Igualmente, y como no pod\u00eda ser menos, tambi\u00e9n a todos los voluntarios desplazados de todos los sitios, y ya no s\u00f3lo de Andaluc\u00eda, por lo que igual que ya existe un grupo consolidado en Extremadura, no dudo que muy pronto tambi\u00e9n lo tendremos en Castilla La Mancha y Madrid, por no hablar de compis que han venido desde tan lejos como Barcelona y\/o Par\u00eds. Y que espero nombrar uno a uno en cuanto me recupere del viaje y la falta de sue\u00f1o \ud83d\ude09<\/p>\n<p>Gracias tambi\u00e9n, como no podr\u00eda ser menos a las empresas que han hecho posible este emocionante Congreso, y un reconocimiento muy especial, a la Junta de Extremadura y a todos los amigos que desde la Consejer\u00eda Econom\u00eda, Comercio e Innovaci\u00f3n han estado estos d\u00edas con nosotros y han trabajado codo a codo, entre otros Paco Huertas, Anto Recio, Jorge Villar, C\u00e9sar G\u00f3mez, Jes\u00fas Rodr\u00edguez, Carmen, Bea, In\u00e9s,.. as\u00ed como todos los NCC que han colaborado.<\/p>\n<p>Espero que tanto a todos los que han ido, como los que han estado colaborando on-line, les llegue mi m\u00e1s profundo agradecimiento y seguir contando como hasta ahora con su respuesta afirmativa a cuantas peticiones de ayuda les lanzo.<\/p>\n","protected":false},"excerpt":{"rendered":"<p>Reci\u00e9n llegado a casita, bastante cansado como es habitual en estos casos, y con un sabor agridulce como el de anteriores ocasiones. Ha sido muy emocionante el encontrarme con amigos, hacer otros nuevos y compartir buenos momentos, ideas y charlas, pero.. ahora se echa todo mucho de menos, me parece que si tuvi\u00e9ramos que organizarlo,&hellip;&nbsp;<a href=\"https:\/\/ramonramon.org\/blog\/2007\/12\/16\/finalizo-el-congreso\/\" rel=\"bookmark\">Leer m\u00e1s &raquo;<span class=\"screen-reader-text\">Finaliz\u00f3 el Congreso \ud83d\ude41<\/span><\/a><\/p>\n","protected":false},"author":2070,"featured_media":0,"comment_status":"open","ping_status":"open","sticky":false,"template":"","format":"standard","meta":{"neve_meta_sidebar":"","neve_meta_container":"","neve_meta_enable_content_width":"","neve_meta_content_width":0,"neve_meta_title_alignment":"","neve_meta_author_avatar":"","neve_post_elements_order":"","neve_meta_disable_header":"","neve_meta_disable_footer":"","neve_meta_disable_title":"","footnotes":""},"categories":[23],"tags":[33,13,480,814],"class_list":["post-438","post","type-post","status-publish","format-standard","hentry","category-personal","tag-congreso-hispalinux","tag-hispalinux","tag-jornadas","tag-voluntarios"],"aioseo_notices":[],"_links":{"self":[{"href":"https:\/\/ramonramon.org\/blog\/wp-json\/wp\/v2\/posts\/438","targetHints":{"allow":["GET"]}}],"collection":[{"href":"https:\/\/ramonramon.org\/blog\/wp-json\/wp\/v2\/posts"}],"about":[{"href":"https:\/\/ramonramon.org\/blog\/wp-json\/wp\/v2\/types\/post"}],"author":[{"embeddable":true,"href":"https:\/\/ramonramon.org\/blog\/wp-json\/wp\/v2\/users\/2070"}],"replies":[{"embeddable":true,"href":"https:\/\/ramonramon.org\/blog\/wp-json\/wp\/v2\/comments?post=438"}],"version-history":[{"count":0,"href":"https:\/\/ramonramon.org\/blog\/wp-json\/wp\/v2\/posts\/438\/revisions"}],"wp:attachment":[{"href":"https:\/\/ramonramon.org\/blog\/wp-json\/wp\/v2\/media?parent=438"}],"wp:term":[{"taxonomy":"category","embeddable":true,"href":"https:\/\/ramonramon.org\/blog\/wp-json\/wp\/v2\/categories?post=438"},{"taxonomy":"post_tag","embeddable":true,"href":"https:\/\/ramonramon.org\/blog\/wp-json\/wp\/v2\/tags?post=438"}],"curies":[{"name":"wp","href":"https:\/\/api.w.org\/{rel}","templated":true}]}}