{"id":433,"date":"2007-12-07T13:34:59","date_gmt":"2007-12-07T11:34:59","guid":{"rendered":"https:\/\/www.ramonramon.org\/blog\/2007\/12\/07\/i-encuentro-nacional-de-desarrolladores\/"},"modified":"2010-10-05T19:36:23","modified_gmt":"2010-10-05T17:36:23","slug":"i-encuentro-nacional-de-desarrolladores","status":"publish","type":"post","link":"https:\/\/ramonramon.org\/blog\/2007\/12\/07\/i-encuentro-nacional-de-desarrolladores\/","title":{"rendered":"I Encuentro Nacional de Desarrolladores"},"content":{"rendered":"<p>Los desarrolladores de la Comunidad Software Libre espa\u00f1ola tendr\u00e1n en el Congreso un lugar donde intercambiar opiniones y analizar la situaci\u00f3n actual de los desarrollos libres a nivel tanto nacional como internacional. Est\u00e1 previsto que se celebre un encuentro de desarrolladores el s\u00e1bado por la ma\u00f1ana, desde las 10.00 hasta las 14.00 horas, en la Universidad de Extremadura, en C\u00e1ceres, sede del Congreso de Hispalinux.<br \/>\nEl pulso a la realidad del Software Libre que se realizar\u00e1 gracias a este encuentro contar\u00e1 con una doble visi\u00f3n:<br \/>\n&#8211; Por un lado, el Congreso congregar\u00e1 a desarrolladores del panorama nacional del SL, trabajen o no dentro de nuestras fronteras. Estos l\u00edderes de proyectos y desarrolladores en los mismos estudiar\u00e1n el funcionamiento de los proyectos SL, las herramientas de gesti\u00f3n, su influencia en relaci\u00f3n con los desarrollos de la Comunidad y el estado actual de los desarrollos libres (ventajas, problemas, puntos de mejora, etc\u00e9tera).<br \/>\n&#8211; Por otro lado, se reunir\u00e1n representantes las empresas l\u00edderes en proyectos de SL que est\u00e9n involucradas en la Comunidad Libre.<br \/>\nEn este sentido, ser\u00e1 fundamental el punto de vista que aporten los empresarios sobre la organizaci\u00f3n, las metodolog\u00edas y las formas de trabajo \u00f3ptimas para desarrollar proyectos de envergadura realizados con tecnolog\u00edas libres. Se espera que la visi\u00f3n de estas empresas ofrezca alternativas y herramientas que permitan mejorar y optimizar los proyectos nacidos y coordinados desde la comunidad. Las empresas, gracias a su experiencia organizativa, podr\u00e1n proponer m\u00e9todos y herramientas de cara al trabajo en equipo para obtener buenos resultados en los proyectos libres, ya sean realizados de manera voluntaria o bajo contrataci\u00f3n.<br \/>\nSer\u00e1 tambi\u00e9n fundamental el an\u00e1lisis de la relaci\u00f3n empresa-Comunidad, as\u00ed como el estudio de la realidad de la Comunidad SL en Espa\u00f1a.<br \/>\nFinalmente, y despu\u00e9s de realizar estos dos encuentros, habr\u00e1 una \u00faltima convocatoria a la que est\u00e1n invitados los dos grupos anteriores, de cara a concretar unas conclusiones finales. El objetivo es que de esta \u00faltima reuni\u00f3n salgan tambi\u00e9n las bases para organizar un pr\u00f3ximo encuentro el pr\u00f3ximo a\u00f1o.<\/p>\n","protected":false},"excerpt":{"rendered":"<p>Los desarrolladores de la Comunidad Software Libre espa\u00f1ola tendr\u00e1n en el Congreso un lugar donde intercambiar opiniones y analizar la situaci\u00f3n actual de los desarrollos libres a nivel tanto nacional como internacional. Est\u00e1 previsto que se celebre un encuentro de desarrolladores el s\u00e1bado por la ma\u00f1ana, desde las 10.00 hasta las 14.00 horas, en la&hellip;&nbsp;<a href=\"https:\/\/ramonramon.org\/blog\/2007\/12\/07\/i-encuentro-nacional-de-desarrolladores\/\" rel=\"bookmark\">Leer m\u00e1s &raquo;<span class=\"screen-reader-text\">I Encuentro Nacional de Desarrolladores<\/span><\/a><\/p>\n","protected":false},"author":2070,"featured_media":0,"comment_status":"open","ping_status":"open","sticky":false,"template":"","format":"standard","meta":{"neve_meta_sidebar":"","neve_meta_container":"","neve_meta_enable_content_width":"","neve_meta_content_width":0,"neve_meta_title_alignment":"","neve_meta_author_avatar":"","neve_post_elements_order":"","neve_meta_disable_header":"","neve_meta_disable_footer":"","neve_meta_disable_title":"","footnotes":""},"categories":[23],"tags":[33],"class_list":["post-433","post","type-post","status-publish","format-standard","hentry","category-personal","tag-congreso-hispalinux"],"aioseo_notices":[],"_links":{"self":[{"href":"https:\/\/ramonramon.org\/blog\/wp-json\/wp\/v2\/posts\/433","targetHints":{"allow":["GET"]}}],"collection":[{"href":"https:\/\/ramonramon.org\/blog\/wp-json\/wp\/v2\/posts"}],"about":[{"href":"https:\/\/ramonramon.org\/blog\/wp-json\/wp\/v2\/types\/post"}],"author":[{"embeddable":true,"href":"https:\/\/ramonramon.org\/blog\/wp-json\/wp\/v2\/users\/2070"}],"replies":[{"embeddable":true,"href":"https:\/\/ramonramon.org\/blog\/wp-json\/wp\/v2\/comments?post=433"}],"version-history":[{"count":0,"href":"https:\/\/ramonramon.org\/blog\/wp-json\/wp\/v2\/posts\/433\/revisions"}],"wp:attachment":[{"href":"https:\/\/ramonramon.org\/blog\/wp-json\/wp\/v2\/media?parent=433"}],"wp:term":[{"taxonomy":"category","embeddable":true,"href":"https:\/\/ramonramon.org\/blog\/wp-json\/wp\/v2\/categories?post=433"},{"taxonomy":"post_tag","embeddable":true,"href":"https:\/\/ramonramon.org\/blog\/wp-json\/wp\/v2\/tags?post=433"}],"curies":[{"name":"wp","href":"https:\/\/api.w.org\/{rel}","templated":true}]}}