{"id":431,"date":"2007-12-07T00:53:46","date_gmt":"2007-12-06T22:53:46","guid":{"rendered":"https:\/\/www.ramonramon.org\/blog\/2007\/12\/07\/cartel-de-emplealibre\/"},"modified":"2012-09-05T10:02:26","modified_gmt":"2012-09-05T08:02:26","slug":"cartel-de-emplealibre","status":"publish","type":"post","link":"https:\/\/ramonramon.org\/blog\/2007\/12\/07\/cartel-de-emplealibre\/","title":{"rendered":"Cartel de EmpleaLibre"},"content":{"rendered":"<p>EmpleaLibre, la I Feria Nacional de Empleo de Software Libre, sigue avanzando en su objetivo de unir empresas, profesionales y estudiantes en un mismo foro, cada d\u00eda son m\u00e1s las empresas que se interesan por participar, y estamos convencidos que el lunes pr\u00f3ximo se confirmar\u00e1 la participaci\u00f3n de al menos 15 empresas m\u00e1s.\u00a0 Mientras tanto, aqu\u00ed os adjunto el cartel de Emplealibre.es<a href=\"https:\/\/www.ramonramon.org\/blog\/2007\/12\/07\/cartel-de-emplealibre\/432\/\" rel=\"attachment wp-att-432\" title=\"cartel-emplealibre-blog.jpg\"><img decoding=\"async\" src=\"https:\/\/ramonramon.org\/blog\/wp-content\/uploads\/2007\/12\/cartel-emplealibre-blog.jpg\" alt=\"cartel-emplealibre-blog.jpg\" \/><\/a><\/p>\n","protected":false},"excerpt":{"rendered":"<p>EmpleaLibre, la I Feria Nacional de Empleo de Software Libre, sigue avanzando en su objetivo de unir empresas, profesionales y estudiantes en un mismo foro, cada d\u00eda son m\u00e1s las empresas que se interesan por participar, y estamos convencidos que el lunes pr\u00f3ximo se confirmar\u00e1 la participaci\u00f3n de al menos 15 empresas m\u00e1s.\u00a0 Mientras tanto,&hellip;&nbsp;<a href=\"https:\/\/ramonramon.org\/blog\/2007\/12\/07\/cartel-de-emplealibre\/\" rel=\"bookmark\">Leer m\u00e1s &raquo;<span class=\"screen-reader-text\">Cartel de EmpleaLibre<\/span><\/a><\/p>\n","protected":false},"author":2070,"featured_media":0,"comment_status":"open","ping_status":"open","sticky":false,"template":"","format":"standard","meta":{"neve_meta_sidebar":"","neve_meta_container":"","neve_meta_enable_content_width":"","neve_meta_content_width":0,"neve_meta_title_alignment":"","neve_meta_author_avatar":"","neve_post_elements_order":"","neve_meta_disable_header":"","neve_meta_disable_footer":"","neve_meta_disable_title":"","footnotes":""},"categories":[23],"tags":[33,327],"class_list":["post-431","post","type-post","status-publish","format-standard","hentry","category-personal","tag-congreso-hispalinux","tag-emplealibre"],"aioseo_notices":[],"_links":{"self":[{"href":"https:\/\/ramonramon.org\/blog\/wp-json\/wp\/v2\/posts\/431","targetHints":{"allow":["GET"]}}],"collection":[{"href":"https:\/\/ramonramon.org\/blog\/wp-json\/wp\/v2\/posts"}],"about":[{"href":"https:\/\/ramonramon.org\/blog\/wp-json\/wp\/v2\/types\/post"}],"author":[{"embeddable":true,"href":"https:\/\/ramonramon.org\/blog\/wp-json\/wp\/v2\/users\/2070"}],"replies":[{"embeddable":true,"href":"https:\/\/ramonramon.org\/blog\/wp-json\/wp\/v2\/comments?post=431"}],"version-history":[{"count":0,"href":"https:\/\/ramonramon.org\/blog\/wp-json\/wp\/v2\/posts\/431\/revisions"}],"wp:attachment":[{"href":"https:\/\/ramonramon.org\/blog\/wp-json\/wp\/v2\/media?parent=431"}],"wp:term":[{"taxonomy":"category","embeddable":true,"href":"https:\/\/ramonramon.org\/blog\/wp-json\/wp\/v2\/categories?post=431"},{"taxonomy":"post_tag","embeddable":true,"href":"https:\/\/ramonramon.org\/blog\/wp-json\/wp\/v2\/tags?post=431"}],"curies":[{"name":"wp","href":"https:\/\/api.w.org\/{rel}","templated":true}]}}