{"id":4284,"date":"2010-05-18T11:29:45","date_gmt":"2010-05-18T09:29:45","guid":{"rendered":"https:\/\/www.ramonramon.org\/blog\/?p=4284"},"modified":"2010-10-07T17:54:22","modified_gmt":"2010-10-07T15:54:22","slug":"%c2%bfpor-que-no-se-escucha-a-ibarra","status":"publish","type":"post","link":"https:\/\/ramonramon.org\/blog\/2010\/05\/18\/%c2%bfpor-que-no-se-escucha-a-ibarra\/","title":{"rendered":"\u00bfPor qu\u00e9 no se escucha a Ibarra?"},"content":{"rendered":"<p>Mi admiraci\u00f3n por D. Juan Carlos Rodr\u00edguez Ibarra viene desde hace muchos, muchos a\u00f1os, que se vi\u00f3 reforzada cuando le conoc\u00ed y pude charlar con \u00e9l, por eso, ten\u00eda muy claro que el primer premio focus al Conocimiento Libre deb\u00eda ser para \u00e9l.<img loading=\"lazy\" decoding=\"async\" class=\"alignright\" title=\"Juan Carlos Rod\u00edguez Ibarra\" src=\"https:\/\/ramonramon.org\/blog\/wp-content\/uploads\/2008\/10\/mg_6881.jpg\" alt=\"Ibarra\" width=\"286\" height=\"430\" \/><\/p>\n<p>A\u00fan as\u00ed, y con pol\u00edticos tan brillantes, queridos, respetados y valorados como \u00e9l, me sigo preguntando lo mismo que ya hice en su momento con otra figura clave <a href=\"https:\/\/www.ramonramon.org\/blog\/2009\/01\/13\/%C2%BFpor-que-no-se-escucha-a-castells\/\">\u00bfPor qu\u00e9 no se escucha a Castells?<\/a><\/p>\n<p>Sus intervenciones siempre son muy seguidas, su figura siempre est\u00e1 rodeada de pol\u00e9mica, pero no por lo conflictivo que pueda ser, sino por lo directo, sencillo y pasional de sus realistas intervenciones, no le gustan las florituras, y si decir las cosas claras, ejemplos much\u00edsimos, y siempre alineados con el Conocimiento Libre, la neutralidad de la Red, la apuesta por internet o creaci\u00f3n de riqueza regional basada en el Software Libre:<\/p>\n<ul>\n<li><a href=\"https:\/\/www.ramonramon.org\/blog\/2010\/01\/05\/mi-carta-de-reyes-magos-que-vuelva-uno-de-nuestros-mejores-politicos\/\">Que vuelva uno de nuestros mejores pol\u00edticos<\/a><\/li>\n<li><a href=\"https:\/\/www.ramonramon.org\/blog\/2008\/09\/03\/juan-carlos-rodriguez-ibarra-sigue-en-el-camino\/\">Juan Carlos Rodr\u00edguez Ibarra sigue en el camino<\/a><\/li>\n<li><a href=\"https:\/\/www.ramonramon.org\/blog\/2008\/07\/02\/%C2%BFcrisis-economica-o-de-modelo\/\">\u00bfCrisis econ\u00f3mica o de modelo?<\/a><\/li>\n<li><a href=\"https:\/\/www.ramonramon.org\/blog\/2010\/01\/28\/ibarra-100\/\">Ibarra 100%<\/a><\/li>\n<li><a title=\"Enlace Permanente a D. Juan Carlos Rodr\u00edguez  Ibarra, lider mundial del Software Libre\" rel=\"bookmark\" href=\"..\/2007\/02\/07\/d-juan-carlos-rodriguez-ibarra-lider-mundial-del-software-libre\/\">D. Juan Carlos Rodr\u00edguez  Ibarra, lider mundial del Software Libre<\/a><\/li>\n<\/ul>\n<p>Y, una vez m\u00e1s, consigue con su claridad y ejemplos cercanos, dejar claro lo equivocado de nuestros gobiernos con respecto a las tecnolog\u00edas:<\/p>\n<h3><a href=\"http:\/\/www.20minutos.es\/noticia\/709582\/0\/ibarra\/software\/libre\/\"><em>\u00abSi Espa\u00f1a hubiera  apostado por el software libre habr\u00eda evitado congelar pensiones\u00bb<\/em><\/a><\/h3>\n<blockquote><p>Juan Carlos Rodr\u00edguez Ibarra ha  defendido la neutralidad de la Red y el uso del &#8216;software&#8217; libre en el  D\u00eda de Internet.<\/p>\n<p>&#8230;el uso de<em> software<\/em> libre en  vez del propietario en la Administraci\u00f3n, que <strong>cuesta al a\u00f1o  1.500 millones de d\u00f3lares<\/strong> (unos 1.412 millones de euros),  podr\u00eda haber evitado la congelaci\u00f3n de las pensiones.<\/p>\n<p>El pol\u00edtico socialista ha hecho este  lunes una apasionada y muy <strong>aplaudida defensa de la neutralidad  de la red<\/strong> y del uso del <em>software <\/em>libre al recibir, en  el Senado y con motivo del d\u00eda grande de la red de redes, el <strong>Premio  de Internet 2010<\/strong> a su trayectoria personal y profesional.<\/p>\n<p>\u00abBastar\u00eda una decisi\u00f3n administrativa  para cambiar de <em>software<\/em> propietario a <em>software<\/em> libre y  podr\u00edamos haber <strong>evitado a lo mejor que las pensiones se  hubieran congelado <\/strong>el a\u00f1o que viene, porque hubi\u00e9ramos sacado  m\u00e1s dinero de esta decisi\u00f3n, que es una decisi\u00f3n cultural, \u00e9tica y al  mismo tiempo pol\u00edtica\u00bb, ha explicado.<\/p>\n<p>Rodr\u00edguez Ibarra ha asegurado que  el valor de apostar por el<em> software<\/em> libre no s\u00f3lo reside en que  la Administraci\u00f3n podr\u00eda seguir ofreciendo \u00abpr\u00e1cticamente todos los  servicios\u00bb ahorr\u00e1ndose dinero, sino en que<strong> se podr\u00edan crear  empresas locales <\/strong>para dar respuesta a la necesidad de un <em>software <\/em>abierto.<\/p>\n<p>\u00abEl compromiso con el <em>software<\/em> libre (&#8230;) era en definitiva  <strong>un compromiso con la democracia<\/strong>, es decir, no concibo  un administrador, un gobernante, que cuando alguien le ofrece una  infraestructura barata o gratis y la misma infraestructura pagando,  decida pagar en lugar de apostar por lo gratis\u00bb, as\u00ed se ha referido el  ex dirigente socialista a la implantaci\u00f3n del c\u00f3digo abierto en  Extremadura.<\/p>\n<p>Adem\u00e1s, ha afirmado que poder repartir el conocimiento es \u00ab<strong>el  sue\u00f1o de la izquierda<\/strong>, el sue\u00f1o de la socialdemocracia\u00bb.<\/p>\n<p>Tambi\u00e9n ha defendido la neutralidad de  Internet: \u00ab<strong>La Red no es de nadie<\/strong>, la Red es un bien  mostrenco como el aire, que est\u00e1 a disposici\u00f3n de todos. Lo m\u00e1s que  podemos hacer es intentar que el aire sea puro y cuidarlo, de igual  forma hay que cuidar la red para que sea libre, de todos, por todos y  con todos\u00bb, ha apuntado..<\/p><\/blockquote>\n<p>Igual de recomendable, el post de esta gran pol\u00edtica, defensora convencida del software libre y amiga: D\u00eda de internet 2010, socialismo y etica hacker que una vez m\u00e1s, lo clava.<\/p>\n","protected":false},"excerpt":{"rendered":"<p>Mi admiraci\u00f3n por D. Juan Carlos Rodr\u00edguez Ibarra viene desde hace muchos, muchos a\u00f1os, que se vi\u00f3 reforzada cuando le conoc\u00ed y pude charlar con \u00e9l, por eso, ten\u00eda muy claro que el primer premio focus al Conocimiento Libre deb\u00eda ser para \u00e9l. A\u00fan as\u00ed, y con pol\u00edticos tan brillantes, queridos, respetados y valorados como&hellip;&nbsp;<a href=\"https:\/\/ramonramon.org\/blog\/2010\/05\/18\/%c2%bfpor-que-no-se-escucha-a-ibarra\/\" rel=\"bookmark\">Leer m\u00e1s &raquo;<span class=\"screen-reader-text\">\u00bfPor qu\u00e9 no se escucha a Ibarra?<\/span><\/a><\/p>\n","protected":false},"author":2070,"featured_media":0,"comment_status":"open","ping_status":"open","sticky":false,"template":"","format":"standard","meta":{"neve_meta_sidebar":"","neve_meta_container":"","neve_meta_enable_content_width":"","neve_meta_content_width":0,"neve_meta_title_alignment":"","neve_meta_author_avatar":"","neve_post_elements_order":"","neve_meta_disable_header":"","neve_meta_disable_footer":"","neve_meta_disable_title":"","footnotes":""},"categories":[3,6,27],"tags":[1222,482,1997,2003],"class_list":["post-4284","post","type-post","status-publish","format-standard","hentry","category-administraciones-publicas","category-conocimientolibre","category-software-libre","tag-escucha","tag-juan-carlos-rodriguez-ibarra","tag-libertad-tecnologica","tag-software-libre"],"aioseo_notices":[],"_links":{"self":[{"href":"https:\/\/ramonramon.org\/blog\/wp-json\/wp\/v2\/posts\/4284","targetHints":{"allow":["GET"]}}],"collection":[{"href":"https:\/\/ramonramon.org\/blog\/wp-json\/wp\/v2\/posts"}],"about":[{"href":"https:\/\/ramonramon.org\/blog\/wp-json\/wp\/v2\/types\/post"}],"author":[{"embeddable":true,"href":"https:\/\/ramonramon.org\/blog\/wp-json\/wp\/v2\/users\/2070"}],"replies":[{"embeddable":true,"href":"https:\/\/ramonramon.org\/blog\/wp-json\/wp\/v2\/comments?post=4284"}],"version-history":[{"count":0,"href":"https:\/\/ramonramon.org\/blog\/wp-json\/wp\/v2\/posts\/4284\/revisions"}],"wp:attachment":[{"href":"https:\/\/ramonramon.org\/blog\/wp-json\/wp\/v2\/media?parent=4284"}],"wp:term":[{"taxonomy":"category","embeddable":true,"href":"https:\/\/ramonramon.org\/blog\/wp-json\/wp\/v2\/categories?post=4284"},{"taxonomy":"post_tag","embeddable":true,"href":"https:\/\/ramonramon.org\/blog\/wp-json\/wp\/v2\/tags?post=4284"}],"curies":[{"name":"wp","href":"https:\/\/api.w.org\/{rel}","templated":true}]}}