{"id":416,"date":"2007-11-30T19:03:01","date_gmt":"2007-11-30T17:03:01","guid":{"rendered":"https:\/\/www.ramonramon.org\/blog\/2007\/11\/30\/la-exposicion-botijos-con-arte-en-new-york\/"},"modified":"2021-08-19T20:26:08","modified_gmt":"2021-08-19T18:26:08","slug":"la-exposicion-botijos-con-arte-en-new-york","status":"publish","type":"post","link":"https:\/\/ramonramon.org\/blog\/2007\/11\/30\/la-exposicion-botijos-con-arte-en-new-york\/","title":{"rendered":"La exposici\u00f3n &quot;Botijos con Arte&quot; en New York"},"content":{"rendered":"<p align=\"left\">El pr\u00f3ximo d\u00eda, 4 de diciembre, a las 18:00, se inaugura en New York la exposici\u00f3n \u201cBotijos con Arte\u201d, de mi amiga Karla Frechilla.  Lamentablemente y aunque siempre es un placer una invitaci\u00f3n como \u00e9sta, no podr\u00e9 asistir, ya no s\u00f3lo porque ir a New York no es cosa de todos los d\u00edas, sino porque adem\u00e1s, entre los cursos y sobre todo con la organizaci\u00f3n del Congreso Hispalinux se me hace imposible.<\/p>\n<p align=\"left\"><a href=\"https:\/\/ramonramon.org\/blog\/wp-content\/uploads\/2007\/11\/k1-karlafrechilla.jpeg\" title=\"karla\"><\/a><\/p>\n<p align=\"left\">Siguiendo las instrucciones de mis amigos Karla y Juantom\u00e1s, os animo a todos los que os pille por all\u00ed u os est\u00e9is planteando un viajecillo que aprovech\u00e9is la ocasi\u00f3n para ver esa magn\u00edfica exposici\u00f3n, seguro que merece mucho la pena.<\/p>\n<p>Para m\u00e1s informaci\u00f3n: www.botijosconarte.com<\/p>\n","protected":false},"excerpt":{"rendered":"<p>El pr\u00f3ximo d\u00eda, 4 de diciembre, a las 18:00, se inaugura en New York la exposici\u00f3n \u201cBotijos con Arte\u201d, de mi amiga Karla Frechilla. Lamentablemente y aunque siempre es un placer una invitaci\u00f3n como \u00e9sta, no podr\u00e9 asistir, ya no s\u00f3lo porque ir a New York no es cosa de todos los d\u00edas, sino porque&hellip;&nbsp;<a href=\"https:\/\/ramonramon.org\/blog\/2007\/11\/30\/la-exposicion-botijos-con-arte-en-new-york\/\" rel=\"bookmark\">Leer m\u00e1s &raquo;<span class=\"screen-reader-text\">La exposici\u00f3n &quot;Botijos con Arte&quot; en New York<\/span><\/a><\/p>\n","protected":false},"author":2070,"featured_media":17223,"comment_status":"open","ping_status":"open","sticky":false,"template":"","format":"standard","meta":{"neve_meta_sidebar":"","neve_meta_container":"","neve_meta_enable_content_width":"","neve_meta_content_width":0,"neve_meta_title_alignment":"","neve_meta_author_avatar":"","neve_post_elements_order":"","neve_meta_disable_header":"","neve_meta_disable_footer":"","neve_meta_disable_title":"","footnotes":""},"categories":[23],"tags":[493,2000],"class_list":["post-416","post","type-post","status-publish","format-standard","has-post-thumbnail","hentry","category-personal","tag-karla","tag-personal"],"aioseo_notices":[],"_links":{"self":[{"href":"https:\/\/ramonramon.org\/blog\/wp-json\/wp\/v2\/posts\/416","targetHints":{"allow":["GET"]}}],"collection":[{"href":"https:\/\/ramonramon.org\/blog\/wp-json\/wp\/v2\/posts"}],"about":[{"href":"https:\/\/ramonramon.org\/blog\/wp-json\/wp\/v2\/types\/post"}],"author":[{"embeddable":true,"href":"https:\/\/ramonramon.org\/blog\/wp-json\/wp\/v2\/users\/2070"}],"replies":[{"embeddable":true,"href":"https:\/\/ramonramon.org\/blog\/wp-json\/wp\/v2\/comments?post=416"}],"version-history":[{"count":0,"href":"https:\/\/ramonramon.org\/blog\/wp-json\/wp\/v2\/posts\/416\/revisions"}],"wp:featuredmedia":[{"embeddable":true,"href":"https:\/\/ramonramon.org\/blog\/wp-json\/wp\/v2\/media\/17223"}],"wp:attachment":[{"href":"https:\/\/ramonramon.org\/blog\/wp-json\/wp\/v2\/media?parent=416"}],"wp:term":[{"taxonomy":"category","embeddable":true,"href":"https:\/\/ramonramon.org\/blog\/wp-json\/wp\/v2\/categories?post=416"},{"taxonomy":"post_tag","embeddable":true,"href":"https:\/\/ramonramon.org\/blog\/wp-json\/wp\/v2\/tags?post=416"}],"curies":[{"name":"wp","href":"https:\/\/api.w.org\/{rel}","templated":true}]}}