{"id":412,"date":"2007-11-23T23:34:23","date_gmt":"2007-11-23T21:34:23","guid":{"rendered":"https:\/\/www.ramonramon.org\/blog\/2007\/11\/23\/segundo-aniversario-hoy-hace-dos-anos\/"},"modified":"2020-03-22T13:02:02","modified_gmt":"2020-03-22T12:02:02","slug":"segundo-aniversario-hoy-hace-dos-anos","status":"publish","type":"post","link":"https:\/\/ramonramon.org\/blog\/2007\/11\/23\/segundo-aniversario-hoy-hace-dos-anos\/","title":{"rendered":"Segundo Aniversario: Hoy hace dos a\u00f1os&#8230;."},"content":{"rendered":"<p>Pues con todo el l\u00edo de cursos, organizaci\u00f3n del Congreso,&#8230; se me hab\u00eda olvidado completamente que hace justamente dos a\u00f1os fue cuando me decid\u00ed a lanzarme a esto de los blogs, y comenc\u00e9 el m\u00edo propio: <a href=\"http:\/\/rinconmarginado.blogspot.com\/2005\/11\/yo-tambin-quiero-uno_23.html\">yo tambi\u00e9n quiero uno<\/a>.  Lo cierto es que, tras plante\u00e1rmelo en muchas ocasiones y  como no, hacerte la inevitable pregunta \u00bfy yo de que escribo? \u00bfa qui\u00e9n le va a interesar un blog sobre m\u00ed o sobre mis opiniones?&#8230;. tras el e-verano de aquel a\u00f1o, y motivado por muchos amigos que ya ten\u00edan uno, decid\u00ed dar el salto.<\/p>\n<p>Inicialmente lo plante\u00e9 como un blog personal de protesta\/denuncia,  m\u00e1s tras aquellos malos momentos personales; luego no ten\u00eda muy claro donde iba, y este a\u00f1o pasado, se convirti\u00f3 en un lugar donde mis amigos pod\u00edan seguir mi vida, andanzas, viajes,&#8230; primero por Dubl\u00edn, luego por <a href=\"https:\/\/www.ramonramon.org\/blog\/category\/aprendizaje-ingles\/malta\/\">Malta<\/a> y posteriormente por media Espa\u00f1a. Hoy en d\u00eda es mezcla de todo eso, y de mis pasiones por <a href=\"http:\/\/hispalinux.es\">Hispalinux<\/a>, Iniciativa Focus, los eventos y proyectos tecnol\u00f3gicos, el software libre&#8230; adem\u00e1s personalmente me ha dado muchas satisfacciones y me ha permitido incluso conocer a gente maravillosa gracias a las redes sociales.<\/p>\n","protected":false},"excerpt":{"rendered":"<p>Pues con todo el l\u00edo de cursos, organizaci\u00f3n del Congreso,&#8230; se me hab\u00eda olvidado completamente que hace justamente dos a\u00f1os fue cuando me decid\u00ed a lanzarme a esto de los blogs, y comenc\u00e9 el m\u00edo propio: yo tambi\u00e9n quiero uno. Lo cierto es que, tras plante\u00e1rmelo en muchas ocasiones y como no, hacerte la inevitable&hellip;&nbsp;<a href=\"https:\/\/ramonramon.org\/blog\/2007\/11\/23\/segundo-aniversario-hoy-hace-dos-anos\/\" rel=\"bookmark\">Leer m\u00e1s &raquo;<span class=\"screen-reader-text\">Segundo Aniversario: Hoy hace dos a\u00f1os&#8230;.<\/span><\/a><\/p>\n","protected":false},"author":2070,"featured_media":0,"comment_status":"open","ping_status":"open","sticky":false,"template":"","format":"standard","meta":{"neve_meta_sidebar":"","neve_meta_container":"","neve_meta_enable_content_width":"","neve_meta_content_width":0,"neve_meta_title_alignment":"","neve_meta_author_avatar":"","neve_post_elements_order":"","neve_meta_disable_header":"","neve_meta_disable_footer":"","neve_meta_disable_title":"","footnotes":""},"categories":[23],"tags":[87,1992,2000],"class_list":["post-412","post","type-post","status-publish","format-standard","hentry","category-personal","tag-aniversario","tag-blog","tag-personal"],"aioseo_notices":[],"_links":{"self":[{"href":"https:\/\/ramonramon.org\/blog\/wp-json\/wp\/v2\/posts\/412","targetHints":{"allow":["GET"]}}],"collection":[{"href":"https:\/\/ramonramon.org\/blog\/wp-json\/wp\/v2\/posts"}],"about":[{"href":"https:\/\/ramonramon.org\/blog\/wp-json\/wp\/v2\/types\/post"}],"author":[{"embeddable":true,"href":"https:\/\/ramonramon.org\/blog\/wp-json\/wp\/v2\/users\/2070"}],"replies":[{"embeddable":true,"href":"https:\/\/ramonramon.org\/blog\/wp-json\/wp\/v2\/comments?post=412"}],"version-history":[{"count":0,"href":"https:\/\/ramonramon.org\/blog\/wp-json\/wp\/v2\/posts\/412\/revisions"}],"wp:attachment":[{"href":"https:\/\/ramonramon.org\/blog\/wp-json\/wp\/v2\/media?parent=412"}],"wp:term":[{"taxonomy":"category","embeddable":true,"href":"https:\/\/ramonramon.org\/blog\/wp-json\/wp\/v2\/categories?post=412"},{"taxonomy":"post_tag","embeddable":true,"href":"https:\/\/ramonramon.org\/blog\/wp-json\/wp\/v2\/tags?post=412"}],"curies":[{"name":"wp","href":"https:\/\/api.w.org\/{rel}","templated":true}]}}