{"id":4082,"date":"2010-04-14T10:00:45","date_gmt":"2010-04-14T08:00:45","guid":{"rendered":"https:\/\/www.ramonramon.org\/blog\/?p=4082"},"modified":"2022-05-19T14:06:47","modified_gmt":"2022-05-19T12:06:47","slug":"yo-apoyo-a-garzon","status":"publish","type":"post","link":"https:\/\/ramonramon.org\/blog\/2010\/04\/14\/yo-apoyo-a-garzon\/","title":{"rendered":"Yo apoyo a Garz\u00f3n"},"content":{"rendered":"<p>Yo <a href=\"http:\/\/www.google.es\/search?q=apoyo+juez+garz%C3%B3n&amp;hl=es&amp;client=firefox-a&amp;hs=pzQ&amp;rls=com.ubuntu:es-ES:unofficial&amp;tbs=nws:1&amp;tbo=u&amp;ei=ErvES7PRL-b9sQbQ-oS7Dg&amp;sa=X&amp;oi=news_group&amp;ct=title&amp;resnum=1&amp;ved=0CBEQsQQwAA\">apoyo al Juez Garz\u00f3n<\/a>, y como no pod\u00eda ser de otra manera, a todas aquellas personas que luchan, defienden y dan todo por los ideales de la libertad, la justicia y\/o la igualdad.  Por eso, no entiendo esta campa\u00f1a de \u00abpersecuci\u00f3n\u00bb con uno de los jueces que m\u00e1s ha demostrado su lucha por la verdad.<\/p>\n<p>Si ayer fueron <a href=\"http:\/\/www.lasprovincias.es\/rc\/20100413\/mas-actualidad\/sociedad\/sindicatos-concentran-apoyo-garzon-201004130641.html\">miles las personas que acudieron a la convocatoria de los sindicatos<\/a>, hoy debemos ser otras tantas las que secundemos la convocatoria del amigo C\u00e9sar Calder\u00f3n.\u00a0 Me quedo adem\u00e1s con las siguientes afirmaciones de los dos principales l\u00edderes sindicales nacionales:<\/p>\n<blockquote>\n<div><em>\u00abM\u00e9ndez ha calificado la apertura de la investigaci\u00f3n  contra Garz\u00f3n en el Tribunal Supremo como una aut\u00e9ntica \u00abverg\u00fcenza  hist\u00f3rica\u00bb instigada por los \u00abhijos de la dictadura\u00bb, que pretenden que  el franquismo siga impune y que Garz\u00f3n se convierta en otra v\u00edctima del  franquismo.<\/em><\/div>\n<p><em> Fern\u00e1ndez Toxo ha a\u00f1adido que UGT y CCOO no est\u00e1n  cuestionando la transici\u00f3n, como ha denunciado alg\u00fan dirigente pol\u00edtico,  pero s\u00ed pretenden \u00abrestablecer y recuperar\u00bb la memoria de las v\u00edctimas,  y ha asegurado que \u00abla Ley de Amnist\u00eda no puede amparar el genocidio\u00bb<\/em><\/p><\/blockquote>\n<p>Yo me sumo al <a href=\"http:\/\/www.congarzon.com\/\">Manifiesto POR LA JUSTICIA DEL JUEZ BALTASAR GARZ\u00d3N<\/a> y tambi\u00e9n, Las redes sociales se movilizan en su apoyo al juez de la Audiencia  Nacional<\/p>\n","protected":false},"excerpt":{"rendered":"<p>Yo apoyo al Juez Garz\u00f3n, y como no pod\u00eda ser de otra manera, a todas aquellas personas que luchan, defienden y dan todo por los ideales de la libertad, la justicia y\/o la igualdad. Por eso, no entiendo esta campa\u00f1a de \u00abpersecuci\u00f3n\u00bb con uno de los jueces que m\u00e1s ha demostrado su lucha por la&hellip;&nbsp;<a href=\"https:\/\/ramonramon.org\/blog\/2010\/04\/14\/yo-apoyo-a-garzon\/\" rel=\"bookmark\">Leer m\u00e1s &raquo;<span class=\"screen-reader-text\">Yo apoyo a Garz\u00f3n<\/span><\/a><\/p>\n","protected":false},"author":2070,"featured_media":0,"comment_status":"open","ping_status":"open","sticky":false,"template":"","format":"standard","meta":{"neve_meta_sidebar":"","neve_meta_container":"","neve_meta_enable_content_width":"","neve_meta_content_width":0,"neve_meta_title_alignment":"","neve_meta_author_avatar":"","neve_post_elements_order":"","neve_meta_disable_header":"","neve_meta_disable_footer":"","neve_meta_disable_title":"","footnotes":""},"categories":[23,24],"tags":[491,509],"class_list":["post-4082","post","type-post","status-publish","format-standard","hentry","category-personal","category-redes-sociales","tag-justicia","tag-libertad"],"aioseo_notices":[],"_links":{"self":[{"href":"https:\/\/ramonramon.org\/blog\/wp-json\/wp\/v2\/posts\/4082","targetHints":{"allow":["GET"]}}],"collection":[{"href":"https:\/\/ramonramon.org\/blog\/wp-json\/wp\/v2\/posts"}],"about":[{"href":"https:\/\/ramonramon.org\/blog\/wp-json\/wp\/v2\/types\/post"}],"author":[{"embeddable":true,"href":"https:\/\/ramonramon.org\/blog\/wp-json\/wp\/v2\/users\/2070"}],"replies":[{"embeddable":true,"href":"https:\/\/ramonramon.org\/blog\/wp-json\/wp\/v2\/comments?post=4082"}],"version-history":[{"count":0,"href":"https:\/\/ramonramon.org\/blog\/wp-json\/wp\/v2\/posts\/4082\/revisions"}],"wp:attachment":[{"href":"https:\/\/ramonramon.org\/blog\/wp-json\/wp\/v2\/media?parent=4082"}],"wp:term":[{"taxonomy":"category","embeddable":true,"href":"https:\/\/ramonramon.org\/blog\/wp-json\/wp\/v2\/categories?post=4082"},{"taxonomy":"post_tag","embeddable":true,"href":"https:\/\/ramonramon.org\/blog\/wp-json\/wp\/v2\/tags?post=4082"}],"curies":[{"name":"wp","href":"https:\/\/api.w.org\/{rel}","templated":true}]}}