{"id":4029,"date":"2010-04-05T10:30:14","date_gmt":"2010-04-05T08:30:14","guid":{"rendered":"https:\/\/www.ramonramon.org\/blog\/?p=4029"},"modified":"2017-05-11T20:17:43","modified_gmt":"2017-05-12T01:17:43","slug":"ubicacion-y-fechas-para-e-verano-2010","status":"publish","type":"post","link":"https:\/\/ramonramon.org\/blog\/2010\/04\/05\/ubicacion-y-fechas-para-e-verano-2010\/","title":{"rendered":"Ubicaci\u00f3n y fechas para e-verano 2010"},"content":{"rendered":"<p>Tras el <a href=\"https:\/\/www.ramonramon.org\/blog\/2010\/03\/31\/e-verano-2010\/\">post del otro d\u00eda<\/a>, han sido muchos los amigos y amigas que se han ofrecido a colaborar y sugerirnos sitios posibles.\u00a0 Como sab\u00e9is, nuestra intenci\u00f3n siempre es hacerlo en un espacio que genere un micromundo de convivencia, formaci\u00f3n, encuentro y conocimiento compartido, de ah\u00ed que el lugar ideal deba contener aulas, salones, salas,&#8230; infraestructuras tecnol\u00f3gicas, &#8230; pero tambi\u00e9n alojamiento y restauraci\u00f3n.<\/p>\n<p>Actualmente, estamos barajando tres ubicaciones, que muy probablemente se concreten en una en estos d\u00edas, ya que si no, lamentablemente nos ocurrir\u00e1 como el a\u00f1o pasado, muchas esperanzas, mucho esfuerzo, muchos ponentes confirmados, pero.. sin un lugar definitivo e ideal para el evento.<\/p>\n<p>Las posibles localizaciones actuales son:<\/p>\n<p><a href=\"https:\/\/www.ramonramon.org\/blog\/2009\/05\/06\/ceulaj-el-mejor-entorno-para-el-e-veranoorg\/\">Ceulaj, nuestro centro fetiche<\/a>, el lugar donde en muchas ocasiones hemos realizado eventos, encuentros, actividades, &#8230; pero que lamentablemente cada a\u00f1o es m\u00e1s complicado encontrar fechas, con lo que no podemos seguir \u00abocec\u00e1ndonos\u00bb con ello.<\/p>\n<p>La R\u00e1bida, otro espacio emblem\u00e1tico, que ya el a\u00f1o pasado fue junto al siguiente el lugar alternativo planteado. Presenta un entorno agradable, dotado de facilidades y un inmejorable marco acad\u00e9mico, donde muy probablemente el principal escollo sean las fechas, por coincidir con la programaci\u00f3n de la propia Universidad Internacional de Andaluc\u00eda.<\/p>\n<p>CIO Mijas, un lugar ideal, tanto en instalaciones como en ubicaci\u00f3n, que ya el a\u00f1o pasado se valor\u00f3 hasta el \u00faltimo momento, pero que lamentablemente y dado el elevado nivel de sus servicios-instalaciones se nos iban de presupuesto.<\/p>\n<p>Tambi\u00e9n nos han llegado algunas otras propuestas, pero que por capacidad de las instalaciones, falta de alojamiento, comedores, o espacios, hemos tenido que descartar.\u00a0 Agradecer el inter\u00e9s de tantos amigos, que nos han incluso sugerido ideas en otras regiones como Asturias, Extremadura o Canarias, y que por supuesto, en caso de reunir todas las necesidades no descartamos.<\/p>\n<p>\u00bfSe te ocurren alg\u00fan sitio m\u00e1s donde poder organizar un inmejorable clima de convivencia, formaci\u00f3n y conocimiento? En estos d\u00edas cerraremos fechas y ubicaci\u00f3n.\u00a0 Parece que por el momento las dos opciones m\u00e1s valoradas con respecto a fechas son: 19 julio a 8 de agosto y del 20 al 30 septiembre.<\/p>\n<p>Seguimos avanzando.\u00a0 Pronto, y en cuanto tengamos cerrada la ubicaci\u00f3n, lanzaremos el Call of Voluntarios \ud83d\ude09 para la organizaci\u00f3n.<\/p>\n","protected":false},"excerpt":{"rendered":"<p>Tras el post del otro d\u00eda, han sido muchos los amigos y amigas que se han ofrecido a colaborar y sugerirnos sitios posibles.\u00a0 Como sab\u00e9is, nuestra intenci\u00f3n siempre es hacerlo en un espacio que genere un micromundo de convivencia, formaci\u00f3n, encuentro y conocimiento compartido, de ah\u00ed que el lugar ideal deba contener aulas, salones, salas,&#8230;&hellip;&nbsp;<a href=\"https:\/\/ramonramon.org\/blog\/2010\/04\/05\/ubicacion-y-fechas-para-e-verano-2010\/\" rel=\"bookmark\">Leer m\u00e1s &raquo;<span class=\"screen-reader-text\">Ubicaci\u00f3n y fechas para e-verano 2010<\/span><\/a><\/p>\n","protected":false},"author":2070,"featured_media":0,"comment_status":"open","ping_status":"open","sticky":false,"template":"","format":"standard","meta":{"neve_meta_sidebar":"","neve_meta_container":"","neve_meta_enable_content_width":"","neve_meta_content_width":0,"neve_meta_title_alignment":"","neve_meta_author_avatar":"","neve_post_elements_order":"","neve_meta_disable_header":"","neve_meta_disable_footer":"","neve_meta_disable_title":"","footnotes":""},"categories":[14],"tags":[304,836],"class_list":["post-4029","post","type-post","status-publish","format-standard","hentry","category-iniciativafocus","tag-e-verano","tag-e-verano-org"],"aioseo_notices":[],"_links":{"self":[{"href":"https:\/\/ramonramon.org\/blog\/wp-json\/wp\/v2\/posts\/4029","targetHints":{"allow":["GET"]}}],"collection":[{"href":"https:\/\/ramonramon.org\/blog\/wp-json\/wp\/v2\/posts"}],"about":[{"href":"https:\/\/ramonramon.org\/blog\/wp-json\/wp\/v2\/types\/post"}],"author":[{"embeddable":true,"href":"https:\/\/ramonramon.org\/blog\/wp-json\/wp\/v2\/users\/2070"}],"replies":[{"embeddable":true,"href":"https:\/\/ramonramon.org\/blog\/wp-json\/wp\/v2\/comments?post=4029"}],"version-history":[{"count":0,"href":"https:\/\/ramonramon.org\/blog\/wp-json\/wp\/v2\/posts\/4029\/revisions"}],"wp:attachment":[{"href":"https:\/\/ramonramon.org\/blog\/wp-json\/wp\/v2\/media?parent=4029"}],"wp:term":[{"taxonomy":"category","embeddable":true,"href":"https:\/\/ramonramon.org\/blog\/wp-json\/wp\/v2\/categories?post=4029"},{"taxonomy":"post_tag","embeddable":true,"href":"https:\/\/ramonramon.org\/blog\/wp-json\/wp\/v2\/tags?post=4029"}],"curies":[{"name":"wp","href":"https:\/\/api.w.org\/{rel}","templated":true}]}}