{"id":401,"date":"2007-10-27T13:08:39","date_gmt":"2007-10-27T11:08:39","guid":{"rendered":"https:\/\/www.ramonramon.org\/blog\/2007\/10\/27\/mundolibretv\/"},"modified":"2013-03-11T10:44:26","modified_gmt":"2013-03-11T09:44:26","slug":"mundolibretv","status":"publish","type":"post","link":"https:\/\/ramonramon.org\/blog\/2007\/10\/27\/mundolibretv\/","title":{"rendered":"Mundolibre.tv"},"content":{"rendered":"<p>V\u00eda <a href=\"http:\/\/notasdecarlos.blogspot.com\/\">Carlos Castro<\/a> me entero de un nuevo proyecto extreme\u00f1o: Mundolibre.tv, que como los anteriores que he podido ver, estoy convencido ser\u00e1 todo un \u00e9xito.<\/p>\n<p>Como su nombre indica, es un proyecto de TV por internet que adem\u00e1s de ser libre, versasar\u00e1 sobre todo lo que tenga que ver con las Sociedad del Conocimiento y el Software Libre en Extremadura y por ende, a nivel internacional, ya que no hay que olvidar que Extremadura se ha convertido en un referente mundial.<\/p>\n<p>Aunque hay muchas m\u00e1s informaci\u00f3n en la web del proyecto y en el <a href=\"http:\/\/notasdecarlos.blogspot.com\/2007\/10\/algunas-recomendaciones-de-mundolibretv.html\">blog de Carlos<\/a>, aqu\u00ed un avance, con una entrevista al Presidente de la Junta de Extremadura.<\/p>\n","protected":false},"excerpt":{"rendered":"<p>V\u00eda Carlos Castro me entero de un nuevo proyecto extreme\u00f1o: Mundolibre.tv, que como los anteriores que he podido ver, estoy convencido ser\u00e1 todo un \u00e9xito. Como su nombre indica, es un proyecto de TV por internet que adem\u00e1s de ser libre, versasar\u00e1 sobre todo lo que tenga que ver con las Sociedad del Conocimiento y&hellip;&nbsp;<a href=\"https:\/\/ramonramon.org\/blog\/2007\/10\/27\/mundolibretv\/\" rel=\"bookmark\">Leer m\u00e1s &raquo;<span class=\"screen-reader-text\">Mundolibre.tv<\/span><\/a><\/p>\n","protected":false},"author":2070,"featured_media":0,"comment_status":"open","ping_status":"open","sticky":false,"template":"","format":"standard","meta":{"neve_meta_sidebar":"","neve_meta_container":"","neve_meta_enable_content_width":"","neve_meta_content_width":0,"neve_meta_title_alignment":"","neve_meta_author_avatar":"","neve_post_elements_order":"","neve_meta_disable_header":"","neve_meta_disable_footer":"","neve_meta_disable_title":"","footnotes":""},"categories":[23],"tags":[11],"class_list":["post-401","post","type-post","status-publish","format-standard","hentry","category-personal","tag-extremadura"],"aioseo_notices":[],"_links":{"self":[{"href":"https:\/\/ramonramon.org\/blog\/wp-json\/wp\/v2\/posts\/401","targetHints":{"allow":["GET"]}}],"collection":[{"href":"https:\/\/ramonramon.org\/blog\/wp-json\/wp\/v2\/posts"}],"about":[{"href":"https:\/\/ramonramon.org\/blog\/wp-json\/wp\/v2\/types\/post"}],"author":[{"embeddable":true,"href":"https:\/\/ramonramon.org\/blog\/wp-json\/wp\/v2\/users\/2070"}],"replies":[{"embeddable":true,"href":"https:\/\/ramonramon.org\/blog\/wp-json\/wp\/v2\/comments?post=401"}],"version-history":[{"count":0,"href":"https:\/\/ramonramon.org\/blog\/wp-json\/wp\/v2\/posts\/401\/revisions"}],"wp:attachment":[{"href":"https:\/\/ramonramon.org\/blog\/wp-json\/wp\/v2\/media?parent=401"}],"wp:term":[{"taxonomy":"category","embeddable":true,"href":"https:\/\/ramonramon.org\/blog\/wp-json\/wp\/v2\/categories?post=401"},{"taxonomy":"post_tag","embeddable":true,"href":"https:\/\/ramonramon.org\/blog\/wp-json\/wp\/v2\/tags?post=401"}],"curies":[{"name":"wp","href":"https:\/\/api.w.org\/{rel}","templated":true}]}}