{"id":4007,"date":"2010-03-31T10:51:51","date_gmt":"2010-03-31T08:51:51","guid":{"rendered":"https:\/\/www.ramonramon.org\/blog\/?p=4007"},"modified":"2014-01-02T21:47:39","modified_gmt":"2014-01-02T20:47:39","slug":"e-verano-2010","status":"publish","type":"post","link":"https:\/\/ramonramon.org\/blog\/2010\/03\/31\/e-verano-2010\/","title":{"rendered":"e-verano 2010"},"content":{"rendered":"<p>Tras el <a href=\"https:\/\/www.ramonramon.org\/blog\/2009\/10\/01\/e-verano-org-2009-aplazado-hasta-2010\/\">mazazo que sufrimos el pasado a\u00f1o<\/a>, cuando ya estaban confirmados <a href=\"https:\/\/www.ramonramon.org\/blog\/2009\/05\/08\/e-veranoorg-2009-sigue-creciendo\/\">ponentes<\/a>, participantes, patrocinadores,&#8230; y el <a href=\"https:\/\/www.ramonramon.org\/blog\/2009\/04\/21\/e-veranoorg-2009\/\">programa completamente cerrado<\/a>, por las obras del CEULAJ, este a\u00f1o seguimos esperando confirmaci\u00f3n de instalaciones.\u00a0 Un a\u00f1o m\u00e1s contamos con la<a href=\"https:\/\/www.ramonramon.org\/blog\/2009\/06\/26\/e-verano-org-2009-reconocimiento-oficial-de-la-uned\/\"> certificaci\u00f3n y respaldo de la Universidad Nacional de Eduaci\u00f3n a Distancia (UNED)<\/a>, que es la mayor universidad p\u00fablica de Espa\u00f1a, con un mont\u00f3n de instituciones y empresas que valoran todo lo que e-verano conlleva y promueve, pero.. seguimos sin la confirmaci\u00f3n del <a href=\"https:\/\/www.ramonramon.org\/blog\/2009\/05\/06\/ceulaj-el-mejor-entorno-para-el-e-veranoorg\/\">espacio donde celebrarse<\/a>.<\/p>\n<p>Si en anteriores ediciones la satisfacci\u00f3n y repercusiones fueron m\u00e1ximas, la edici\u00f3n 2009, con ponentes internacionales, incluso varios ministros iberoamericanos, confirmados pretend\u00eda ser el evento referente del Conocimiento Libre internacional.<\/p>\n<p>En unas semanas debemos cerrar espacios y fechas definitivas, o esta nueva edici\u00f3n no podr\u00e1 celebrarse.\u00a0 Inicialmente estamos barajando las siguientes fechas: 2\u00aa quincena de julio, 1\u00aa quincena de agosto o 2\u00aa quincena de septiembre.\u00a0 \u00bfQu\u00e9 fecha te parece m\u00e1s acertada? \u00bfQu\u00e9 lugar se te ocurre puede ser ideal para celebrar el evento? \u00bfQu\u00e9 ponentes te gustar\u00eda participasen este a\u00f1o?<\/p>\n<p>\u00bfSabes lo que significa e-Verano.org? Si te apetece disfrutar el Conocimiento, presentar tus ideas, conocer a un mont\u00f3n de personas con cosas que aportar, disfrutar de cualquier rinc\u00f3n o espacio, formar y formarte, &#8230;.. en resumen, <strong>convivir y compartir<\/strong>, no te lo puedes perder.<\/p>\n","protected":false},"excerpt":{"rendered":"<p>Tras el mazazo que sufrimos el pasado a\u00f1o, cuando ya estaban confirmados ponentes, participantes, patrocinadores,&#8230; y el programa completamente cerrado, por las obras del CEULAJ, este a\u00f1o seguimos esperando confirmaci\u00f3n de instalaciones.\u00a0 Un a\u00f1o m\u00e1s contamos con la certificaci\u00f3n y respaldo de la Universidad Nacional de Eduaci\u00f3n a Distancia (UNED), que es la mayor universidad&hellip;&nbsp;<a href=\"https:\/\/ramonramon.org\/blog\/2010\/03\/31\/e-verano-2010\/\" rel=\"bookmark\">Leer m\u00e1s &raquo;<span class=\"screen-reader-text\">e-verano 2010<\/span><\/a><\/p>\n","protected":false},"author":2070,"featured_media":0,"comment_status":"open","ping_status":"open","sticky":false,"template":"","format":"standard","meta":{"neve_meta_sidebar":"","neve_meta_container":"","neve_meta_enable_content_width":"","neve_meta_content_width":0,"neve_meta_title_alignment":"","neve_meta_author_avatar":"","neve_post_elements_order":"","neve_meta_disable_header":"","neve_meta_disable_footer":"","neve_meta_disable_title":"","footnotes":""},"categories":[6],"tags":[304,836],"class_list":["post-4007","post","type-post","status-publish","format-standard","hentry","category-conocimientolibre","tag-e-verano","tag-e-verano-org"],"aioseo_notices":[],"_links":{"self":[{"href":"https:\/\/ramonramon.org\/blog\/wp-json\/wp\/v2\/posts\/4007","targetHints":{"allow":["GET"]}}],"collection":[{"href":"https:\/\/ramonramon.org\/blog\/wp-json\/wp\/v2\/posts"}],"about":[{"href":"https:\/\/ramonramon.org\/blog\/wp-json\/wp\/v2\/types\/post"}],"author":[{"embeddable":true,"href":"https:\/\/ramonramon.org\/blog\/wp-json\/wp\/v2\/users\/2070"}],"replies":[{"embeddable":true,"href":"https:\/\/ramonramon.org\/blog\/wp-json\/wp\/v2\/comments?post=4007"}],"version-history":[{"count":0,"href":"https:\/\/ramonramon.org\/blog\/wp-json\/wp\/v2\/posts\/4007\/revisions"}],"wp:attachment":[{"href":"https:\/\/ramonramon.org\/blog\/wp-json\/wp\/v2\/media?parent=4007"}],"wp:term":[{"taxonomy":"category","embeddable":true,"href":"https:\/\/ramonramon.org\/blog\/wp-json\/wp\/v2\/categories?post=4007"},{"taxonomy":"post_tag","embeddable":true,"href":"https:\/\/ramonramon.org\/blog\/wp-json\/wp\/v2\/tags?post=4007"}],"curies":[{"name":"wp","href":"https:\/\/api.w.org\/{rel}","templated":true}]}}