{"id":3998,"date":"2010-03-30T20:15:59","date_gmt":"2010-03-30T18:15:59","guid":{"rendered":"https:\/\/www.ramonramon.org\/blog\/?p=3998"},"modified":"2020-03-22T13:28:41","modified_gmt":"2020-03-22T12:28:41","slug":"jornadas-y-mas-jornadas-desde-malaga-a-cornella-pasando-por-segovia-sevilla-madrid-y-zaragoza","status":"publish","type":"post","link":"https:\/\/ramonramon.org\/blog\/2010\/03\/30\/jornadas-y-mas-jornadas-desde-malaga-a-cornella-pasando-por-segovia-sevilla-madrid-y-zaragoza\/","title":{"rendered":"Jornadas y m\u00e1s jornadas: Desde M\u00e1laga a Cornell\u00e1 pasando por Segovia, Sevilla, Madrid y Zaragoza"},"content":{"rendered":"<p>Parece que lo hiciera a prop\u00f3sito, pero semana tras semana y sin repetir \ud83d\ude09 estoy acumulando un buen mont\u00f3n de viajes a diferentes Jornadas Tecnol\u00f3gicas, todas ellas muy gratificantes y con un mont\u00f3n de nuevas ideas.<\/p>\n<figure id=\"attachment_3999\" aria-describedby=\"caption-attachment-3999\" style=\"width: 273px\" class=\"wp-caption alignright\"><a href=\"https:\/\/www.ramonramon.org\/blog\/wp-content\/uploads\/2010\/03\/jornadas-citilab.jpeg\"><img loading=\"lazy\" decoding=\"async\" class=\"size-medium wp-image-3999\" title=\"Interviniendo en las Jornadas El Futuro es Digital\" src=\"https:\/\/www.ramonramon.org\/blog\/wp-content\/uploads\/2010\/03\/jornadas-citilab.jpeg\" alt=\"Jornadas Citilab\" width=\"273\" height=\"205\" srcset=\"https:\/\/ramonramon.org\/blog\/wp-content\/uploads\/2010\/03\/jornadas-citilab.jpeg 512w, https:\/\/ramonramon.org\/blog\/wp-content\/uploads\/2010\/03\/jornadas-citilab-188x141.jpeg 188w\" sizes=\"auto, (max-width: 273px) 100vw, 273px\" \/><\/a><figcaption id=\"caption-attachment-3999\" class=\"wp-caption-text\">La foto es del amigo Javi P\u00e9rez<\/figcaption><\/figure>\n<p>Si hace dos semanas fue la <a href=\"https:\/\/www.ramonramon.org\/blog\/2010\/03\/22\/video-de-las-jornadas-whyfloss-en-la-eoi\/\">WhyFloss 2010 en Madrid<\/a>, la semana pasada doblete con una <a href=\"https:\/\/www.ramonramon.org\/blog\/2010\/03\/25\/mesa-redonda-en-la-universidad-de-malaga-y-premios-enrique-padros\/\">mesa redonda en la Universidad de M\u00e1laga<\/a> -la cual disfrut\u00e9 mucho- y en el pasado fin de semana\u00a0 El Futuro es Digital, en las maravillosas instalaciones del<a href=\"https:\/\/www.ramonramon.org\/blog\/2010\/03\/29\/citilab-cornella\/\"> Citilab de Cornell\u00e1<\/a>.\u00a0 En las que adem\u00e1s de poder saludar a un buen mont\u00f3n de amigos y amigas, hemos podido reafirmar que<a href=\"http:\/\/www.psoe.es\/ambito\/innovacion\/news\/index.do?id=450193&amp;action=View\"> \u00abUn presente y futuro digital es fundamental para la igualdad, compartir conocimiento y ampliar derechos civiles\u00bb<\/a>.<\/p>\n<p>Como dice \u00c1ngel Mart\u00ednez en su microblog:<\/p>\n<blockquote><p><em>\u00ab<\/em><\/p>\n<ul>\n<li><em>Apostar por Nuevas Tecnolog\u00edas es apostar por la gente y sus ideas<\/em><\/li>\n<li><em>Cuando se tienen recursos, la creatividad deriva en proyectos tangibles.<\/em><\/li>\n<li><em>Tenemos que usar bien las herramientas de las que disponemos para que su utilizaci\u00f3n vaya en nuestro favor siempre. <\/em><\/li>\n<li><em>Si encierras a 10 locos en el mismo recinto, de las 10 ideas que tengan alguna se perder\u00e1, pero la sinergia entre ellos har\u00e1 que otras salgan adelante. <\/em><\/li>\n<\/ul>\n<p><em> Hace falta remover las mentes, arriesgar, jugarsela con una direcci\u00f3n com\u00fan, que sea escuchar y ser oidos por la ciudadan\u00eda. \u00ab<\/em><\/p><\/blockquote>\n<p>Para avanzar en las pr\u00f3ximas dos semanas, la que viene estar\u00e9 en Zaragoza, en el Tecnimap 2010 y la siguiente en <a href=\"http:\/\/www.opensegovia.es\">Open Segovia<\/a>, participando en otra mesa redonda <strong>El Software Libre en la Administraci\u00f3n P\u00fablica<\/strong>.<\/p>\n","protected":false},"excerpt":{"rendered":"<p>Parece que lo hiciera a prop\u00f3sito, pero semana tras semana y sin repetir \ud83d\ude09 estoy acumulando un buen mont\u00f3n de viajes a diferentes Jornadas Tecnol\u00f3gicas, todas ellas muy gratificantes y con un mont\u00f3n de nuevas ideas. Si hace dos semanas fue la WhyFloss 2010 en Madrid, la semana pasada doblete con una mesa redonda en&hellip;&nbsp;<a href=\"https:\/\/ramonramon.org\/blog\/2010\/03\/30\/jornadas-y-mas-jornadas-desde-malaga-a-cornella-pasando-por-segovia-sevilla-madrid-y-zaragoza\/\" rel=\"bookmark\">Leer m\u00e1s &raquo;<span class=\"screen-reader-text\">Jornadas y m\u00e1s jornadas: Desde M\u00e1laga a Cornell\u00e1 pasando por Segovia, Sevilla, Madrid y Zaragoza<\/span><\/a><\/p>\n","protected":false},"author":2070,"featured_media":0,"comment_status":"open","ping_status":"open","sticky":false,"template":"","format":"standard","meta":{"neve_meta_sidebar":"","neve_meta_container":"","neve_meta_enable_content_width":"","neve_meta_content_width":0,"neve_meta_title_alignment":"","neve_meta_author_avatar":"","neve_post_elements_order":"","neve_meta_disable_header":"","neve_meta_disable_footer":"","neve_meta_disable_title":"","footnotes":""},"categories":[16,30],"tags":[253,480,2003,2004],"class_list":["post-3998","post","type-post","status-publish","format-standard","hentry","category-jornadas-software-libre","category-viajes","tag-debate","tag-jornadas","tag-software-libre","tag-viajes"],"aioseo_notices":[],"_links":{"self":[{"href":"https:\/\/ramonramon.org\/blog\/wp-json\/wp\/v2\/posts\/3998","targetHints":{"allow":["GET"]}}],"collection":[{"href":"https:\/\/ramonramon.org\/blog\/wp-json\/wp\/v2\/posts"}],"about":[{"href":"https:\/\/ramonramon.org\/blog\/wp-json\/wp\/v2\/types\/post"}],"author":[{"embeddable":true,"href":"https:\/\/ramonramon.org\/blog\/wp-json\/wp\/v2\/users\/2070"}],"replies":[{"embeddable":true,"href":"https:\/\/ramonramon.org\/blog\/wp-json\/wp\/v2\/comments?post=3998"}],"version-history":[{"count":0,"href":"https:\/\/ramonramon.org\/blog\/wp-json\/wp\/v2\/posts\/3998\/revisions"}],"wp:attachment":[{"href":"https:\/\/ramonramon.org\/blog\/wp-json\/wp\/v2\/media?parent=3998"}],"wp:term":[{"taxonomy":"category","embeddable":true,"href":"https:\/\/ramonramon.org\/blog\/wp-json\/wp\/v2\/categories?post=3998"},{"taxonomy":"post_tag","embeddable":true,"href":"https:\/\/ramonramon.org\/blog\/wp-json\/wp\/v2\/tags?post=3998"}],"curies":[{"name":"wp","href":"https:\/\/api.w.org\/{rel}","templated":true}]}}