{"id":393,"date":"2007-10-13T00:49:42","date_gmt":"2007-10-12T22:49:42","guid":{"rendered":"https:\/\/www.ramonramon.org\/blog\/2007\/10\/13\/dos-dias-incomunicado-%c2%a1gracias-jazztel\/"},"modified":"2007-10-13T00:49:42","modified_gmt":"2007-10-12T22:49:42","slug":"dos-dias-incomunicado-%c2%a1gracias-jazztel","status":"publish","type":"post","link":"https:\/\/ramonramon.org\/blog\/2007\/10\/13\/dos-dias-incomunicado-%c2%a1gracias-jazztel\/","title":{"rendered":"Dos d\u00edas incomunicado, \u00a1gracias Jazztel!"},"content":{"rendered":"<p>Aunque llevo con problemas de sincronismo, cortes, &#8230;. en mi adsl desde tiempos hist\u00f3ricos, y aquello de <em>\u00abA ver si te enteras, que son 2o megas\u00bb<\/em> en mi caso nunca se aplic\u00f3, en estas \u00faltimas semanas el problema ven\u00eda en incremento.\u00a0 Desde casi el comienzo, tengo mi ADSL2+ limitada a 2 megas (en lugar de los 20) porque era la \u00fanica forma de tener una conexi\u00f3n medio estable, pero el mi\u00e9rcoles y tras presentar diversas reclamaciones y llamadas (eran constantes los cortes y p\u00e9rdidas de sincronismo) me dieron una nueva soluci\u00f3n, ahora me la limitaban a 1 mega \ud83d\ude41 \ud83d\ude41<\/p>\n<p>Bueno, pues no conformes con eso, el jueves a las 11:00 de la ma\u00f1ana se pierde el sincronismo de la adsl, ya no vuelve a conectar y&#8230; cuando cojo el tel\u00e9fono para volver a llamar a los de Jazztel, resulta que en el tel\u00e9fono en lugar del tono habitual, lo que se escucha es como un helic\u00f3ptero, pero \u00aba t\u00f3 met\u00e9\u00bb.\u00a0 As\u00ed que.. ni se puede llamar, ni se puede recibir llamadas (no entran las llamadas), ni mucho menos hay conexi\u00f3n \ud83d\ude41<\/p>\n<p>&#8211; El jueves me pegu\u00e9 todo el d\u00eda enganchado al tel\u00e9fono, y te\u00f3ricamente los t\u00e9cnicos vendr\u00edan esa misma tarde.<\/p>\n<p>&#8211; Este viernes, estaban realizando las pruebas de campo, y a\u00fan no hab\u00eda respuesta \ud83d\ude41<\/p>\n<p>&#8211; Ma\u00f1ana s\u00e1bado, espero una respuesta, aunque&#8230; me temo que tampoco tendr\u00e9 l\u00ednea \ud83d\ude41<\/p>\n<p>Como siempre, y en este caso es consentido, menos mal que siempre hay un vecino con una wifi abierta dispuesto a darte un poquito de su conexi\u00f3n \ud83d\ude09<\/p>\n","protected":false},"excerpt":{"rendered":"<p>Aunque llevo con problemas de sincronismo, cortes, &#8230;. en mi adsl desde tiempos hist\u00f3ricos, y aquello de \u00abA ver si te enteras, que son 2o megas\u00bb en mi caso nunca se aplic\u00f3, en estas \u00faltimas semanas el problema ven\u00eda en incremento.\u00a0 Desde casi el comienzo, tengo mi ADSL2+ limitada a 2 megas (en lugar de&hellip;&nbsp;<a href=\"https:\/\/ramonramon.org\/blog\/2007\/10\/13\/dos-dias-incomunicado-%c2%a1gracias-jazztel\/\" rel=\"bookmark\">Leer m\u00e1s &raquo;<span class=\"screen-reader-text\">Dos d\u00edas incomunicado, \u00a1gracias Jazztel!<\/span><\/a><\/p>\n","protected":false},"author":2070,"featured_media":0,"comment_status":"open","ping_status":"open","sticky":false,"template":"","format":"standard","meta":{"neve_meta_sidebar":"","neve_meta_container":"","neve_meta_enable_content_width":"","neve_meta_content_width":0,"neve_meta_title_alignment":"","neve_meta_author_avatar":"","neve_post_elements_order":"","neve_meta_disable_header":"","neve_meta_disable_footer":"","neve_meta_disable_title":"","footnotes":""},"categories":[23],"tags":[63,205,470],"class_list":["post-393","post","type-post","status-publish","format-standard","hentry","category-personal","tag-adsl","tag-conexion","tag-internet"],"aioseo_notices":[],"_links":{"self":[{"href":"https:\/\/ramonramon.org\/blog\/wp-json\/wp\/v2\/posts\/393","targetHints":{"allow":["GET"]}}],"collection":[{"href":"https:\/\/ramonramon.org\/blog\/wp-json\/wp\/v2\/posts"}],"about":[{"href":"https:\/\/ramonramon.org\/blog\/wp-json\/wp\/v2\/types\/post"}],"author":[{"embeddable":true,"href":"https:\/\/ramonramon.org\/blog\/wp-json\/wp\/v2\/users\/2070"}],"replies":[{"embeddable":true,"href":"https:\/\/ramonramon.org\/blog\/wp-json\/wp\/v2\/comments?post=393"}],"version-history":[{"count":0,"href":"https:\/\/ramonramon.org\/blog\/wp-json\/wp\/v2\/posts\/393\/revisions"}],"wp:attachment":[{"href":"https:\/\/ramonramon.org\/blog\/wp-json\/wp\/v2\/media?parent=393"}],"wp:term":[{"taxonomy":"category","embeddable":true,"href":"https:\/\/ramonramon.org\/blog\/wp-json\/wp\/v2\/categories?post=393"},{"taxonomy":"post_tag","embeddable":true,"href":"https:\/\/ramonramon.org\/blog\/wp-json\/wp\/v2\/tags?post=393"}],"curies":[{"name":"wp","href":"https:\/\/api.w.org\/{rel}","templated":true}]}}