{"id":3695,"date":"2010-01-30T17:41:17","date_gmt":"2010-01-30T16:41:17","guid":{"rendered":"https:\/\/www.ramonramon.org\/blog\/?p=3695"},"modified":"2020-03-22T13:01:54","modified_gmt":"2020-03-22T12:01:54","slug":"aterrizando-en-malaga","status":"publish","type":"post","link":"https:\/\/ramonramon.org\/blog\/2010\/01\/30\/aterrizando-en-malaga\/","title":{"rendered":"Aterrizando en M\u00e1laga y ya casi despegando"},"content":{"rendered":"<p>Estos d\u00edas ha sido un no parar, con nuevos y emocionantes nuevos retos, retomar interesantes proyectos, participar en propuestas que puedan servir para mejorar la Sociedad, o al menos el entorno que nos rodea,&#8230;. que me ha supuesto ir en dos ocasiones a Sevilla, otra a Madrid, un mont\u00f3n de reuniones, de conocer a nuevas personas que seguro me van a acompa\u00f1ar en\u00a0 estos nuevos retos,&#8230; y tambi\u00e9n, dos tristes noticias de amigos cercanos.<\/p>\n<p>Espero que poco a poco pueda asumir tantas metas, ilusiones, esperanzas, retos,&#8230; que comienzan retomando los estudios, m\u00e1s concretamente un M\u00e1ster Executive MBA en Sevilla, en la Escuela de Organizaci\u00f3n Industrial (EOI), del que espero ir contando mucho m\u00e1s en estos d\u00edas, y por supuesto, que me conviertan en un mejor profesional. Tambi\u00e9n he tenido oportunidad de comenzar mi participaci\u00f3n en la organizaci\u00f3n de la pr\u00f3xima Conferencia Internacional de Software Libre, adem\u00e1s de poder trasladarles lo que desde Iniciativa Focus consideramos es fundamental mejorar,&#8230;.<\/p>\n<p>Y.. cuando todo me hac\u00eda preveer una relajada tarde-noche para descansar&#8230;. acaban de recordarme que gran parte de los compis de Iniciativa Focus que est\u00e1 participando en el proyecto solidario de Software Libre para S\u00e1hara Libre estar\u00e1n todo el finde en Moclinejo (han venido compa\u00f1eros de muchas partes del territorio nacional), as\u00ed que intentar\u00e9 en un rato poder ir a verlos y&#8230; si no ayudarles mucho -estoy derrotado- por lo menos saludarles-animarles.<\/p>\n","protected":false},"excerpt":{"rendered":"<p>Estos d\u00edas ha sido un no parar, con nuevos y emocionantes nuevos retos, retomar interesantes proyectos, participar en propuestas que puedan servir para mejorar la Sociedad, o al menos el entorno que nos rodea,&#8230;. que me ha supuesto ir en dos ocasiones a Sevilla, otra a Madrid, un mont\u00f3n de reuniones, de conocer a nuevas&hellip;&nbsp;<a href=\"https:\/\/ramonramon.org\/blog\/2010\/01\/30\/aterrizando-en-malaga\/\" rel=\"bookmark\">Leer m\u00e1s &raquo;<span class=\"screen-reader-text\">Aterrizando en M\u00e1laga y ya casi despegando<\/span><\/a><\/p>\n","protected":false},"author":2070,"featured_media":0,"comment_status":"open","ping_status":"open","sticky":false,"template":"","format":"standard","meta":{"neve_meta_sidebar":"","neve_meta_container":"","neve_meta_enable_content_width":"","neve_meta_content_width":0,"neve_meta_title_alignment":"","neve_meta_author_avatar":"","neve_post_elements_order":"","neve_meta_disable_header":"","neve_meta_disable_footer":"","neve_meta_disable_title":"","footnotes":""},"categories":[23,30],"tags":[341,1071,1072,2000,2004],"class_list":["post-3695","post","type-post","status-publish","format-standard","hentry","category-personal","category-viajes","tag-eoi","tag-master","tag-mba","tag-personal","tag-viajes"],"aioseo_notices":[],"_links":{"self":[{"href":"https:\/\/ramonramon.org\/blog\/wp-json\/wp\/v2\/posts\/3695","targetHints":{"allow":["GET"]}}],"collection":[{"href":"https:\/\/ramonramon.org\/blog\/wp-json\/wp\/v2\/posts"}],"about":[{"href":"https:\/\/ramonramon.org\/blog\/wp-json\/wp\/v2\/types\/post"}],"author":[{"embeddable":true,"href":"https:\/\/ramonramon.org\/blog\/wp-json\/wp\/v2\/users\/2070"}],"replies":[{"embeddable":true,"href":"https:\/\/ramonramon.org\/blog\/wp-json\/wp\/v2\/comments?post=3695"}],"version-history":[{"count":0,"href":"https:\/\/ramonramon.org\/blog\/wp-json\/wp\/v2\/posts\/3695\/revisions"}],"wp:attachment":[{"href":"https:\/\/ramonramon.org\/blog\/wp-json\/wp\/v2\/media?parent=3695"}],"wp:term":[{"taxonomy":"category","embeddable":true,"href":"https:\/\/ramonramon.org\/blog\/wp-json\/wp\/v2\/categories?post=3695"},{"taxonomy":"post_tag","embeddable":true,"href":"https:\/\/ramonramon.org\/blog\/wp-json\/wp\/v2\/tags?post=3695"}],"curies":[{"name":"wp","href":"https:\/\/api.w.org\/{rel}","templated":true}]}}