{"id":35671,"date":"2025-10-20T17:17:01","date_gmt":"2025-10-20T15:17:01","guid":{"rendered":"https:\/\/ramonramon.org\/blog\/?p=35671"},"modified":"2025-10-20T17:17:05","modified_gmt":"2025-10-20T15:17:05","slug":"como-anticiparte-a-un-ataque-contra-tu-reputacion","status":"publish","type":"post","link":"https:\/\/ramonramon.org\/blog\/2025\/10\/20\/como-anticiparte-a-un-ataque-contra-tu-reputacion\/","title":{"rendered":"\u00bfC\u00f3mo anticiparte a un ataque contra tu reputaci\u00f3n?"},"content":{"rendered":"\n<h2 class=\"wp-block-heading\" id=\"h-en-la-era-digital-los-gobiernos-no-solo-deben-comunicar-sino-proteger-su-narrativa-institucional-frente-a-amenazas-organizadas\">En la era digital, los gobiernos no solo deben comunicar, sino <strong>proteger su narrativa institucional<\/strong> frente a amenazas organizadas<\/h2>\n\n\n\n<p>El <a href=\"https:\/\/mip.gob.do\/faride-raful-denuncia-campana-de-difamacion-y-anuncia-acciones-judiciales-contra-sus-responsables\/\">Gobierno de Rep\u00fablica Dominicana ha denunciado recientemente la existencia de una red financiada con el objetivo de <strong>difamar y desprestigiar a figuras p\u00fablicas<\/strong>,<\/a> utilizando plataformas digitales para propagar desinformaci\u00f3n.<\/p>\n\n\n\n<p>Esta alerta no es menor e invita a una reflexi\u00f3n. Refleja una <strong>realidad global<\/strong>: los ataques coordinados en redes sociales ya no son simples conflictos de opini\u00f3n, sino <strong>operaciones pol\u00edticas y psicol\u00f3gicas<\/strong> capaces de da\u00f1ar reputaciones, condicionar el voto y erosionar la confianza en las instituciones.<\/p>\n\n\n\n<h3 class=\"wp-block-heading\" id=\"h-un-desafio-para-la-democracia-digital\"><strong>Un desaf\u00edo para la democracia digital<\/strong><\/h3>\n\n\n\n<p>La expansi\u00f3n de las <strong><a href=\"https:\/\/ramonramon.org\/blog\/2024\/12\/16\/la-identificacion-de-fake-news-mediante-bots-y-algoritmos-una-nueva-frontera-en-la-comunicacion-politica\/\">campa\u00f1as de desprestigio y noticias falsas<\/a><\/strong> tiene efectos profundos en la gobernabilidad democr\u00e1tica. No solo distorsiona el debate p\u00fablico, sino que <strong>erosiona la legitimidad institucional<\/strong> y <strong>alimenta la polarizaci\u00f3n social<\/strong>.<\/p>\n\n\n\n<p>En contextos electorales, este fen\u00f3meno se amplifica. Los flujos de informaci\u00f3n falsa \u2014muchas veces generados por bots o cuentas coordinadas\u2014 <strong>influyen en la percepci\u00f3n ciudadana<\/strong>, manipulan emociones y crean la sensaci\u00f3n de crisis o corrupci\u00f3n sin evidencia verificable.<\/p>\n\n\n\n<p>En Rep\u00fablica Dominicana, como en el resto de la regi\u00f3n, este tipo de ataques <strong>no solo buscan da\u00f1ar a personas<\/strong>, sino <strong>socavar la credibilidad del Estado<\/strong> y <strong>debilitar la cohesi\u00f3n democr\u00e1tica<\/strong>.<\/p>\n\n\n\n<h3 class=\"wp-block-heading\" id=\"h-la-necesidad-de-una-respuesta-estructural\"><strong>La necesidad de una respuesta estructural<\/strong><\/h3>\n\n\n\n<p>Frente a este escenario, la reacci\u00f3n no puede limitarse a la denuncia p\u00fablica o la confrontaci\u00f3n pol\u00edtica. Se requiere una <strong><a href=\"https:\/\/ramonramon.org\/blog\/tag\/estrategia-digital\/\" title=\"Estrategia Digital\">estrategia institucional de defensa comunicativa<\/a><\/strong>, basada en tecnolog\u00eda, an\u00e1lisis de datos y capacitaci\u00f3n.<\/p>\n\n\n\n<p>Los gobiernos tienen la oportunidad de liderar una pol\u00edtica p\u00fablica innovadora: la <strong>detecci\u00f3n temprana y gesti\u00f3n de campa\u00f1as de desinformaci\u00f3n<\/strong>, integrando monitoreo tecnol\u00f3gico, inteligencia comunicacional y formaci\u00f3n de personal especializado.<\/p>\n\n\n\n<p>Esta propuesta no es una acci\u00f3n aislada; es una <strong>herramienta de seguridad informativa<\/strong> y un <strong>mecanismo de protecci\u00f3n democr\u00e1tica<\/strong>.<\/p>\n\n\n\n<figure class=\"wp-block-image size-full\"><img loading=\"lazy\" decoding=\"async\" width=\"2309\" height=\"1306\" src=\"https:\/\/ramonramon.org\/blog\/wp-content\/uploads\/2025\/10\/Desinformacion_2.jpg\" alt=\"Crisis de reputaci\u00f3n en instituciones de gobierno\" class=\"wp-image-35682\" srcset=\"https:\/\/ramonramon.org\/blog\/wp-content\/uploads\/2025\/10\/Desinformacion_2.jpg 2309w, https:\/\/ramonramon.org\/blog\/wp-content\/uploads\/2025\/10\/Desinformacion_2-250x141.jpg 250w, https:\/\/ramonramon.org\/blog\/wp-content\/uploads\/2025\/10\/Desinformacion_2-1536x869.jpg 1536w, https:\/\/ramonramon.org\/blog\/wp-content\/uploads\/2025\/10\/Desinformacion_2-2048x1158.jpg 2048w\" sizes=\"auto, (max-width: 2309px) 100vw, 2309px\" \/><\/figure>\n\n\n\n<h3 class=\"wp-block-heading\" id=\"h-un-servicio-integral-de-vigilancia-comunicacional\"><strong>Un servicio integral de vigilancia comunicacional<\/strong><\/h3>\n\n\n\n<p>Todo lo anterior se concreta en una propuesta de creaci\u00f3n de un <strong>servicio de vigilancia tecnol\u00f3gica en redes sociales<\/strong> con varios componentes estrat\u00e9gicos:<\/p>\n\n\n\n<ol class=\"wp-block-list\">\n<li><strong>Monitoreo en tiempo real<br><\/strong>Seguimiento constante de plataformas digitales \u2014Facebook, X, Instagram, TikTok y medios digitales\u2014 para detectar campa\u00f1as coordinadas, identificar cuentas falsas y medir el alcance de contenidos manipulados.<br><\/li>\n\n\n\n<li><strong>An\u00e1lisis de tendencias y actores<br><\/strong>Aplicaci\u00f3n de herramientas de inteligencia de datos (social listening, an\u00e1lisis sem\u00e1ntico y de sentimiento) para identificar patrones, hashtags, fuentes originales y posibles financistas detr\u00e1s de los ataques.<br><\/li>\n\n\n\n<li><strong>Sistema de alertas tempranas<br><\/strong>Generaci\u00f3n de notificaciones inmediatas ante picos anormales de actividad, discursos de odio o difamaci\u00f3n contra autoridades o instituciones.<br><\/li>\n\n\n\n<li><strong>Informes t\u00e9cnicos y estrat\u00e9gicos<br><\/strong>Elaboraci\u00f3n de reportes peri\u00f3dicos con hallazgos, evoluci\u00f3n de las tendencias, mapas de difusi\u00f3n y recomendaciones t\u00e1cticas para la respuesta comunicacional.<br><\/li>\n\n\n\n<li><strong>Formaci\u00f3n y transferencia de conocimiento<br><\/strong>Capacitaci\u00f3n a equipos de comunicaci\u00f3n gubernamental en <strong>detecci\u00f3n de noticias falsas, verificaci\u00f3n de datos, manejo de crisis digital y comunicaci\u00f3n preventiva<\/strong>.<br><\/li>\n<\/ol>\n\n\n\n<h3 class=\"wp-block-heading\" id=\"h-beneficios-para-la-institucionalidad-y-la-ciudadania\"><strong>Beneficios para la institucionalidad y la ciudadan\u00eda<\/strong><\/h3>\n\n\n\n<p>La creaci\u00f3n de un sistema de detecci\u00f3n de campa\u00f1as de desprestigio no solo protege la imagen de la instituci\u00f3n que lo implante o suscriba con una empresa especializada en reputaci\u00f3n digital, sino que <strong>fortalece la confianza p\u00fablica en la democracia<\/strong>.<\/p>\n\n\n\n<ul class=\"wp-block-list\">\n<li><strong>Protecci\u00f3n institucional:<\/strong> la instituci\u00f3n contar\u00eda con una defensa activa ante ataques que buscan deslegitimar la acci\u00f3n p\u00fablica.<br><\/li>\n\n\n\n<li><strong>Fortalecimiento democr\u00e1tico:<\/strong> se promueve un entorno informativo m\u00e1s transparente y verificable.<br><\/li>\n\n\n\n<li><strong>Capacitaci\u00f3n profesional:<\/strong> los equipos de comunicaci\u00f3n adquieren competencias en an\u00e1lisis digital y gesti\u00f3n de crisis.<br><\/li>\n\n\n\n<li><strong>Respaldo ciudadano:<\/strong> la poblaci\u00f3n recibe informaci\u00f3n confiable, contrastada y libre de manipulaci\u00f3n pol\u00edtica.<br><\/li>\n<\/ul>\n\n\n\n<p>Adem\u00e1s, la implementaci\u00f3n de este servicio permitir\u00eda <strong>crear un centro de monitoreo interinstitucional<\/strong>, coordinado con otras dependencias de la instituci\u00f3n (Gobierno, partido pol\u00edtico o empresa privada), para unificar respuestas ante episodios de desinformaci\u00f3n y manipulaci\u00f3n digital.<\/p>\n\n\n\n<h3 class=\"wp-block-heading\" id=\"h-comunicacion-estrategica-en-tiempos-de-desinformacion\"><strong>Comunicaci\u00f3n estrat\u00e9gica en tiempos de desinformaci\u00f3n<\/strong><\/h3>\n\n\n\n<p>El gran reto para los gobiernos contempor\u00e1neos no es solo comunicar lo que hacen, sino <strong>proteger la verdad institucional<\/strong> frente a la distorsi\u00f3n.<\/p>\n\n\n\n<p>Cada vez que un rumor se convierte en tendencia, la opini\u00f3n p\u00fablica se contamina, y la capacidad del Gobierno para actuar con legitimidad se reduce.<\/p>\n\n\n\n<p>La <strong>desinformaci\u00f3n es, hoy, una amenaza a la gobernabilidad<\/strong>. Combatirla requiere visi\u00f3n pol\u00edtica, tecnolog\u00eda, coordinaci\u00f3n interinstitucional y un componente humano preparado para entender el ecosistema digital.<\/p>\n\n\n\n<p>El Gobierno de la Rep\u00fablica Dominicana ha dado un paso importante al denunciar este fen\u00f3meno. Pero el siguiente paso es <strong>institucionalizar la respuesta<\/strong>: pasar de la denuncia a la <strong>acci\u00f3n t\u00e9cnica, preventiva y profesional<\/strong>, que permita al Gobierno actuar con rapidez, evidencia y credibilidad.<\/p>\n\n\n\n<figure class=\"wp-block-image size-full\"><img loading=\"lazy\" decoding=\"async\" width=\"2309\" height=\"1306\" src=\"https:\/\/ramonramon.org\/blog\/wp-content\/uploads\/2025\/10\/Desinformacion_3.jpg\" alt=\"C\u00f3mo actuar ante una campa\u00f1a de desinformaci\u00f3n y ataque a la reputaci\u00f3n gubernamental\" class=\"wp-image-35681\" srcset=\"https:\/\/ramonramon.org\/blog\/wp-content\/uploads\/2025\/10\/Desinformacion_3.jpg 2309w, https:\/\/ramonramon.org\/blog\/wp-content\/uploads\/2025\/10\/Desinformacion_3-250x141.jpg 250w, https:\/\/ramonramon.org\/blog\/wp-content\/uploads\/2025\/10\/Desinformacion_3-1536x869.jpg 1536w, https:\/\/ramonramon.org\/blog\/wp-content\/uploads\/2025\/10\/Desinformacion_3-2048x1158.jpg 2048w\" sizes=\"auto, (max-width: 2309px) 100vw, 2309px\" \/><\/figure>\n\n\n\n<h3 class=\"wp-block-heading\" id=\"h-conclusion-proteger-la-democracia-desde-la-comunicacion\"><strong>Conclusi\u00f3n: proteger la democracia desde la comunicaci\u00f3n<\/strong><\/h3>\n\n\n\n<p>La lucha contra la desinformaci\u00f3n no es solo una batalla tecnol\u00f3gica; es una <strong>responsabilidad democr\u00e1tica<\/strong>.<\/p>\n\n\n\n<p>Cada campa\u00f1a de desprestigio busca fragmentar la confianza y debilitar el tejido institucional.<br>Frente a ello, los gobiernos deben ser capaces de <strong>anticipar, detectar y neutralizar<\/strong> los ataques sin vulnerar la libertad de expresi\u00f3n ni caer en la censura.<\/p>\n\n\n\n<p>La propuesta de un <strong>servicio integral de detecci\u00f3n de campa\u00f1as de desprestigio y noticias falsas<\/strong> representa un avance estrat\u00e9gico para cualquier instituci\u00f3n. Su implementaci\u00f3n, en el caso de la Rep\u00fablica Dominicana, fortalecer\u00eda la resiliencia institucional y consolidar\u00eda la imagen del Gobierno como <strong>un referente regional en gobernanza digital y comunicaci\u00f3n responsable<\/strong>.<\/p>\n\n\n\n<p>En tiempos donde la mentira se viraliza m\u00e1s r\u00e1pido que la verdad, los gobiernos deben aprender no solo a comunicar, sino a <strong>defender la verdad con inteligencia, tecnolog\u00eda y \u00e9tica p\u00fablica<\/strong>.<\/p>\n","protected":false},"excerpt":{"rendered":"<p>La desinformaci\u00f3n organizada amenaza la estabilidad democr\u00e1tica y la confianza institucional. Rep\u00fablica Dominicana enfrenta este reto con la necesidad de una respuesta estructural: sistemas de monitoreo digital, inteligencia comunicacional y formaci\u00f3n especializada que fortalezcan la defensa institucional y la transparencia informativa en el ecosistema digital.<\/p>\n","protected":false},"author":2064,"featured_media":35683,"comment_status":"open","ping_status":"open","sticky":false,"template":"","format":"standard","meta":{"neve_meta_sidebar":"","neve_meta_container":"","neve_meta_enable_content_width":"","neve_meta_content_width":0,"neve_meta_title_alignment":"","neve_meta_author_avatar":"","neve_post_elements_order":"","neve_meta_disable_header":"","neve_meta_disable_footer":"","neve_meta_disable_title":"","footnotes":""},"categories":[3,2008,8,24],"tags":[1806,2001],"class_list":["post-35671","post","type-post","status-publish","format-standard","has-post-thumbnail","hentry","category-administraciones-publicas","category-comunicacion","category-elecciones","category-redes-sociales","tag-comunicacion-politica","tag-redes-sociales"],"aioseo_notices":[],"_links":{"self":[{"href":"https:\/\/ramonramon.org\/blog\/wp-json\/wp\/v2\/posts\/35671","targetHints":{"allow":["GET"]}}],"collection":[{"href":"https:\/\/ramonramon.org\/blog\/wp-json\/wp\/v2\/posts"}],"about":[{"href":"https:\/\/ramonramon.org\/blog\/wp-json\/wp\/v2\/types\/post"}],"author":[{"embeddable":true,"href":"https:\/\/ramonramon.org\/blog\/wp-json\/wp\/v2\/users\/2064"}],"replies":[{"embeddable":true,"href":"https:\/\/ramonramon.org\/blog\/wp-json\/wp\/v2\/comments?post=35671"}],"version-history":[{"count":0,"href":"https:\/\/ramonramon.org\/blog\/wp-json\/wp\/v2\/posts\/35671\/revisions"}],"wp:featuredmedia":[{"embeddable":true,"href":"https:\/\/ramonramon.org\/blog\/wp-json\/wp\/v2\/media\/35683"}],"wp:attachment":[{"href":"https:\/\/ramonramon.org\/blog\/wp-json\/wp\/v2\/media?parent=35671"}],"wp:term":[{"taxonomy":"category","embeddable":true,"href":"https:\/\/ramonramon.org\/blog\/wp-json\/wp\/v2\/categories?post=35671"},{"taxonomy":"post_tag","embeddable":true,"href":"https:\/\/ramonramon.org\/blog\/wp-json\/wp\/v2\/tags?post=35671"}],"curies":[{"name":"wp","href":"https:\/\/api.w.org\/{rel}","templated":true}]}}