{"id":35586,"date":"2025-10-11T18:06:38","date_gmt":"2025-10-11T16:06:38","guid":{"rendered":"https:\/\/ramonramon.org\/blog\/?p=35586"},"modified":"2025-10-11T18:06:42","modified_gmt":"2025-10-11T16:06:42","slug":"crisis-y-oportunidad-politica-en-peru-reflexiones-de-un-consultor-politico","status":"publish","type":"post","link":"https:\/\/ramonramon.org\/blog\/2025\/10\/11\/crisis-y-oportunidad-politica-en-peru-reflexiones-de-un-consultor-politico\/","title":{"rendered":"Crisis y oportunidad pol\u00edtica en Per\u00fa: reflexiones de un consultor pol\u00edtico"},"content":{"rendered":"\n<h2 class=\"wp-block-heading\" id=\"h-peru-un-nuevo-presidente-el-mismo-desafio-gobernar-en-medio-del-desencanto\">Per\u00fa: un nuevo presidente, el mismo desaf\u00edo \u2014 gobernar en medio del desencanto<\/h2>\n\n\n\n<p>Per\u00fa vive otro giro pol\u00edtico tras la destituci\u00f3n de Dina Boluarte. Como consultor pol\u00edtico internacional, observo un escenario donde la comunicaci\u00f3n estrat\u00e9gica y la reconstrucci\u00f3n de la confianza ser\u00e1n determinantes para cualquier liderazgo que aspire a gobernar Per\u00fa en 2026.<\/p>\n\n\n<div class=\"wp-block-image\">\n<figure class=\"alignright size-large is-resized\"><img loading=\"lazy\" decoding=\"async\" width=\"1200\" height=\"675\" src=\"https:\/\/ramonramon.org\/blog\/wp-content\/uploads\/2025\/10\/ChatGPT-Image-11-oct-2025-14_19_09-1200x675.png\" alt=\"Crisis y oportunidad pol\u00edtica en Per\u00fa: reflexiones de un consultor pol\u00edtico\" class=\"wp-image-35601\" style=\"width:561px;height:auto\" srcset=\"https:\/\/ramonramon.org\/blog\/wp-content\/uploads\/2025\/10\/ChatGPT-Image-11-oct-2025-14_19_09-1200x675.png 1200w, https:\/\/ramonramon.org\/blog\/wp-content\/uploads\/2025\/10\/ChatGPT-Image-11-oct-2025-14_19_09-850x478.png 850w\" sizes=\"auto, (max-width: 1200px) 100vw, 1200px\" \/><\/figure>\n<\/div>\n\n\n<p>El abrupto <a href=\"https:\/\/elpais.com\/internacional\/2025-10-11\/peru-inicia-una-nueva-era-de-inestabilidad-y-caos-tras-la-destitucion-expres-de-dina-boularte.html\">final del gobierno de Dina Boluarte y la asunci\u00f3n de <strong>Jos\u00e9 Jer\u00ed<\/strong><\/a> como nuevo presidente del Per\u00fa abren otro cap\u00edtulo en la larga secuencia de inestabilidad que ha caracterizado la pol\u00edtica peruana en los \u00faltimos a\u00f1os. En menos de una d\u00e9cada, el pa\u00eds ha visto pasar <strong>siete presidentes<\/strong>, y cada cambio ha respondido menos a un proceso electoral que a una <strong>crisis institucional permanent<\/strong><a href=\"https:\/\/ramonramon.org\/blog\/2025\/06\/25\/peru-2026-renovacion-democratica-o-mas-crisis\/\"><strong>e<\/strong><\/a>.<\/p>\n\n\n\n<p>Jer\u00ed, hasta hace pocos d\u00edas presidente del Congreso, llega al poder tras la <strong><a href=\"https:\/\/www.elconfidencial.com\/mundo\/2025-10-10\/crisis-peru-presidenta-dina-boluarte_4225641\/\">destituci\u00f3n expr\u00e9s de Boluarte por \u201cincapacidad moral\u201d<\/a><\/strong>, en un contexto de <strong>desgaste pol\u00edtico, violencia social y desconfianza ciudadana<\/strong>. El suyo ser\u00e1 un gobierno de transici\u00f3n hasta las elecciones de abril de 2026, pero tambi\u00e9n una prueba para el sistema pol\u00edtico: \u00bfser\u00e1 capaz de ofrecer un m\u00ednimo de estabilidad y credibilidad democr\u00e1tica? \u00bfColocar\u00e1 al Per\u00fa al borde del abismo de un liderazgo autoritario? \u00bfSer\u00e1 el comienzo de una regeneraci\u00f3n de la democracia peruana?<\/p>\n\n\n\n<h3 class=\"wp-block-heading\" id=\"h-fragmentacion-desafeccion-y-oportunidad-politica\">Fragmentaci\u00f3n, desafecci\u00f3n y oportunidad pol\u00edtica<\/h3>\n\n\n\n<p>El escenario peruano se caracteriza por una <strong>fragmentaci\u00f3n extrema<\/strong>: m\u00e1s de cuarenta partidos registrados, liderazgos ef\u00edmeros y estructuras partidarias sin anclaje territorial real. Esa atomizaci\u00f3n ha vaciado el sentido de la representaci\u00f3n y ha convertido la pol\u00edtica en un terreno de <strong>microintereses y agendas personalistas<\/strong>, donde es cada vez m\u00e1s dif\u00edcil construir consensos.<\/p>\n\n\n\n<p>La ciudadan\u00eda, por su parte, observa con creciente escepticismo. Solo <strong>uno de cada diez peruanos conf\u00eda en las instituciones democr\u00e1ticas<\/strong>, y la mayor\u00eda percibe que los cambios de gobierno son \u201crepartos de poder\u201d antes que soluciones reales. Ese <strong>desencanto generalizado<\/strong> configura el terreno perfecto para el <strong><a href=\"https:\/\/ramonramon.org\/blog\/?s=outsider\">ascenso de outsiders<\/a><\/strong>: figuras medi\u00e1ticas o populistas que canalizan el hartazgo ciudadano con discursos antipol\u00edtica y promesas de orden.<\/p>\n\n\n\n<p>En este contexto, cualquier candidatura que aspire a tener \u00e9xito en 2026 deber\u00e1 <strong>reconstruir el v\u00ednculo con la gente<\/strong>, no desde el marketing vac\u00edo, sino desde una narrativa cre\u00edble que articule <strong>identidad, seguridad y esperanza<\/strong>.<\/p>\n\n\n\n<h3 class=\"wp-block-heading\" id=\"h-jeri-y-la-ventana-de-oportunidad\">Jer\u00ed y la \u201cventana de oportunidad\u201d<\/h3>\n\n\n\n<p>Jos\u00e9 Jer\u00ed tiene escasos meses para demostrar que su gesti\u00f3n puede marcar alguna diferencia. Su margen es estrecho: <strong>legitimidad fr\u00e1gil, Congreso dividido y una sociedad movilizada<\/strong>. Sin embargo, tambi\u00e9n cuenta con una peque\u00f1a ventana de oportunidad: <strong>reducir tensiones, garantizar el proceso electoral y proyectar un mensaje de orden y gobernabilidad<\/strong>.<\/p>\n\n\n\n<p>Si logra instalar una narrativa de estabilidad \u2014aunque sea m\u00ednima\u2014 podr\u00eda revalorizar el papel del Estado como garante del proceso democr\u00e1tico. Pero si su gesti\u00f3n repite los patrones de opacidad, improvisaci\u00f3n y alianzas coyunturales, el Per\u00fa se encaminar\u00e1 hacia <strong>unas elecciones 2026 a\u00fan m\u00e1s polarizadas y vol\u00e1tiles<\/strong>.<\/p>\n\n\n\n<h3 class=\"wp-block-heading\" id=\"h-elecciones-2026-fin-o-profundizacion-de-la-crisis\">Elecciones 2026: \u00bffin o profundizaci\u00f3n de la crisis?<\/h3>\n\n\n\n<p>Las pr\u00f3ximas elecciones no solo definir\u00e1n al sucesor de Jer\u00ed; ser\u00e1n, sobre todo, un plebiscito sobre el modelo pol\u00edtico peruano.<br>El pa\u00eds necesita <strong>liderazgos capaces de conectar con la gente sin renunciar a la institucionalidad<\/strong>, de comunicar con empat\u00eda, pero tambi\u00e9n con estrategia. En otras palabras, necesita <strong>hacer pol\u00edtica en serio<\/strong>.<\/p>\n\n\n\n<p>La fragmentaci\u00f3n actual no tiene por qu\u00e9 ser sin\u00f3nimo de caos: tambi\u00e9n puede ser <strong>el punto de partida para un nuevo orden pol\u00edtico<\/strong>, si surgen proyectos capaces de integrar, dialogar y reconstruir la confianza.<br>Y ah\u00ed radica la gran pregunta: \u00bfhabr\u00e1 alguien con la visi\u00f3n y la audacia necesarias para hacerlo?<\/p>\n\n\n\n<h3 class=\"wp-block-heading\">La mirada de un consultor pol\u00edtico: leer el momento, anticipar el futuro<\/h3>\n\n\n\n<p>Como <strong><a href=\"https:\/\/ramonramon.org\/blog\/2024\/10\/11\/que-hace-un-consultor-politico-y-por-que-es-esencial-en-las-campanas-modernas\/\">consultor pol\u00edtico<\/a><\/strong>, observo en el Per\u00fa un laboratorio vivo de lo que ocurre cuando la comunicaci\u00f3n pol\u00edtica pierde su conexi\u00f3n con la ciudadan\u00eda. Durante a\u00f1os, los mensajes se han centrado en el ataque, la descalificaci\u00f3n o la promesa vac\u00eda, olvidando que la pol\u00edtica se construye sobre <strong>credibilidad, consistencia y empat\u00eda<\/strong>.<\/p>\n\n\n\n<p>La pol\u00edtica peruana demanda <strong>estrategas capaces de escuchar, diagnosticar y dise\u00f1ar narrativas coherentes<\/strong> que no solo busquen ganar elecciones, sino <strong>reconstruir legitimidad<\/strong>. Hoy, el reto para los equipos de campa\u00f1a y los gobiernos locales es volver a <strong><a href=\"https:\/\/ramonramon.org\/blog\/2025\/04\/21\/el-arte-de-comunicar-en-politica-5-claves-para-un-discurso-persuasivo-y-autentico\/\">traducir los datos en emociones y las emociones en confianza<\/a><\/strong>.<\/p>\n\n\n\n<p><a href=\"https:\/\/ramonramon.org\/blog\/2024\/10\/22\/5-cualidades-clave-que-todo-consultor-politico-debe-tener\/\">El consultor pol\u00edtico contempor\u00e1neo no puede limitarse a elaborar slogans: debe <strong>entender el pulso social<\/strong>, analizar percepciones, segmentar audiencias y anticipar escenarios<\/a>.<br>En un contexto tan vol\u00e1til como el peruano, eso significa <strong>leer la calle, medir el humor social y dise\u00f1ar estrategias que devuelvan sentido a la acci\u00f3n pol\u00edtica<\/strong>.<\/p>\n\n\n\n<h3 class=\"wp-block-heading\" id=\"h-estrategia-y-comunicacion-para-un-nuevo-tiempo-politico\">Estrategia y comunicaci\u00f3n para un nuevo tiempo pol\u00edtico<\/h3>\n\n\n\n<p>Si algo ha demostrado la reciente crisis es que <strong>la comunicaci\u00f3n sin estrategia es puro ruido<\/strong>.<br>Los pr\u00f3ximos liderazgos en Per\u00fa tendr\u00e1n que <strong>gestionar el relato con precisi\u00f3n<\/strong>, combinar narrativa emocional con rigor t\u00e9cnico, y demostrar que es posible gobernar desde la cercan\u00eda sin perder la institucionalidad.<\/p>\n\n\n\n<p>Para ello, ser\u00e1 clave contar con <strong>equipos profesionales<\/strong> capaces de articular una comunicaci\u00f3n integral: territorial, digital y humana. Equipos que entiendan que los electores ya no buscan promesas, sino <strong>propuestas cre\u00edbles y liderazgo confiable<\/strong>.<\/p>\n\n\n\n<p><a href=\"https:\/\/ramonramon.org\/blog\/?s=comunicaci%C3%B3n+pol%C3%ADtica\">La comunicaci\u00f3n pol\u00edtica no sustituye la acci\u00f3n<\/a>, pero <strong>la potencia y la legitima<\/strong>. En un pa\u00eds donde la pol\u00edtica ha perdido su narrativa, <strong>quien logre recuperarla tendr\u00e1 una ventaja estrat\u00e9gica inigualable<\/strong>.<\/p>\n\n\n\n<h3 class=\"wp-block-heading\" id=\"h-mirando-hacia-adelante\">Mirando hacia adelante<\/h3>\n\n\n\n<p>Per\u00fa se enfrenta a una encrucijada: <strong>o reconstruye sus cimientos institucionales, o profundiza su crisis democr\u00e1tica<\/strong>.<br>En un escenario tan vol\u00e1til, la comunicaci\u00f3n pol\u00edtica \u2014bien dise\u00f1ada, \u00e9tica y estrat\u00e9gica\u2014 ser\u00e1 clave para <strong>reconectar a la ciudadan\u00eda con la pol\u00edtica<\/strong> y para construir una narrativa nacional que vaya m\u00e1s all\u00e1 de la coyuntura.<\/p>\n\n\n\n<p>En este contexto, el papel de la consultor\u00eda pol\u00edtica no es menor: analizar, interpretar y anticipar los movimientos sociales y electorales ser\u00e1 esencial para quienes aspiren a gobernar con legitimidad.  <\/p>\n\n\n\n<p><strong>Per\u00fa tiene nuevo presidente, pero el desaf\u00edo sigue siendo el mismo: volver a creer en la pol\u00edtica.<\/strong><\/p>\n\n\n\n<p>Como consultor pol\u00edtico en Per\u00fa y Latinoam\u00e9rica, sigo de cerca la evoluci\u00f3n de este proceso. Si te interesa analizar escenarios, construir estrategia o fortalecer la comunicaci\u00f3n de tu liderazgo, podemos conversar.<\/p>\n","protected":false},"excerpt":{"rendered":"<p>Per\u00fa: un nuevo presidente, el mismo desaf\u00edo \u2014 gobernar en medio del desencanto Per\u00fa vive otro giro pol\u00edtico tras la destituci\u00f3n de Dina Boluarte. Como consultor pol\u00edtico internacional, observo un escenario donde la comunicaci\u00f3n estrat\u00e9gica y la reconstrucci\u00f3n de la confianza ser\u00e1n determinantes para cualquier liderazgo que aspire a gobernar Per\u00fa en 2026. El abrupto&hellip;&nbsp;<a href=\"https:\/\/ramonramon.org\/blog\/2025\/10\/11\/crisis-y-oportunidad-politica-en-peru-reflexiones-de-un-consultor-politico\/\" rel=\"bookmark\">Leer m\u00e1s &raquo;<span class=\"screen-reader-text\">Crisis y oportunidad pol\u00edtica en Per\u00fa: reflexiones de un consultor pol\u00edtico<\/span><\/a><\/p>\n","protected":false},"author":2070,"featured_media":35601,"comment_status":"open","ping_status":"open","sticky":false,"template":"","format":"standard","meta":{"neve_meta_sidebar":"","neve_meta_container":"","neve_meta_enable_content_width":"","neve_meta_content_width":0,"neve_meta_title_alignment":"","neve_meta_author_avatar":"","neve_post_elements_order":"","neve_meta_disable_header":"","neve_meta_disable_footer":"","neve_meta_disable_title":"","footnotes":""},"categories":[2008],"tags":[],"class_list":["post-35586","post","type-post","status-publish","format-standard","has-post-thumbnail","hentry","category-comunicacion"],"aioseo_notices":[],"_links":{"self":[{"href":"https:\/\/ramonramon.org\/blog\/wp-json\/wp\/v2\/posts\/35586","targetHints":{"allow":["GET"]}}],"collection":[{"href":"https:\/\/ramonramon.org\/blog\/wp-json\/wp\/v2\/posts"}],"about":[{"href":"https:\/\/ramonramon.org\/blog\/wp-json\/wp\/v2\/types\/post"}],"author":[{"embeddable":true,"href":"https:\/\/ramonramon.org\/blog\/wp-json\/wp\/v2\/users\/2070"}],"replies":[{"embeddable":true,"href":"https:\/\/ramonramon.org\/blog\/wp-json\/wp\/v2\/comments?post=35586"}],"version-history":[{"count":0,"href":"https:\/\/ramonramon.org\/blog\/wp-json\/wp\/v2\/posts\/35586\/revisions"}],"wp:featuredmedia":[{"embeddable":true,"href":"https:\/\/ramonramon.org\/blog\/wp-json\/wp\/v2\/media\/35601"}],"wp:attachment":[{"href":"https:\/\/ramonramon.org\/blog\/wp-json\/wp\/v2\/media?parent=35586"}],"wp:term":[{"taxonomy":"category","embeddable":true,"href":"https:\/\/ramonramon.org\/blog\/wp-json\/wp\/v2\/categories?post=35586"},{"taxonomy":"post_tag","embeddable":true,"href":"https:\/\/ramonramon.org\/blog\/wp-json\/wp\/v2\/tags?post=35586"}],"curies":[{"name":"wp","href":"https:\/\/api.w.org\/{rel}","templated":true}]}}