{"id":35501,"date":"2025-09-30T23:08:29","date_gmt":"2025-09-30T21:08:29","guid":{"rendered":"https:\/\/ramonramon.org\/blog\/?p=35501"},"modified":"2025-09-30T23:39:59","modified_gmt":"2025-09-30T21:39:59","slug":"elecciones-costa-rica-2026-encuestas-y-candidaturas","status":"publish","type":"post","link":"https:\/\/ramonramon.org\/blog\/2025\/09\/30\/elecciones-costa-rica-2026-encuestas-y-candidaturas\/","title":{"rendered":"Elecciones Costa Rica 2026: encuestas y candidaturas"},"content":{"rendered":"\n<p><strong>Las <a href=\"https:\/\/ramonramon.org\/blog\/2025\/09\/15\/elecciones-costa-rica-2026-en-busca-de-un-nuevo-liderazgo\/\" title=\"elecciones presidenciales 2026 en Costa Rica\">elecciones presidenciales 2026 en Costa Rica<\/a><\/strong> se perfilan como una de las m\u00e1s fragmentadas de los \u00faltimos tiempos. A diferencia de ciclos anteriores, no hay un claro favorito, y la <strong>multiplicidad de partidos y liderazgos<\/strong> promete un escenario en el que<strong> el voto se disperse de manera significativa<\/strong>. Esto obliga a observar con detalle a cada aspirante: sus fortalezas, los riesgos que enfrentan y las oportunidades estrat\u00e9gicas que definir\u00e1n si logran convertirse en opci\u00f3n competitiva.<\/p>\n\n\n\n<h3 class=\"wp-block-heading\">Encuestas m\u00e1s recientes en Costa Rica: gran mayor\u00eda no ha decidido su preferencia electoral<\/h3>\n\n\n\n<p><strong>Las encuestas m\u00e1s recientes sobre las elecciones presidenciales en Costa Rica de 2026 reflejan un panorama marcado por la incertidumbre y la dispersi\u00f3n del voto<\/strong>. Una mayor\u00eda de la ciudadan\u00eda todav\u00eda no ha definido su preferencia,<a href=\"https:\/\/ramonramon.org\/blog\/2025\/09\/15\/elecciones-costa-rica-2026-en-busca-de-un-nuevo-liderazgo\/\" title=\"Elecciones Costa Rica 2026: en busca de un nuevo liderazgo\"> lo que convierte a esta campa\u00f1a en una de las m\u00e1s abiertas de la historia reciente<\/a>.<\/p>\n\n\n\n<p>Los estudios de opini\u00f3n coinciden en que <strong>m\u00e1s de la mitad de los electores se declara indeciso, un dato que resalta la falta de un liderazgo consolidado y obliga a los partidos a redoblar esfuerzos en comunicaci\u00f3n y movilizaci\u00f3n<\/strong>. A falta del cierre oficial de la presentaci\u00f3n de candidaturas, en este post repasaremos el listado de nombres, entre los cuales, est\u00e1 el <a href=\"https:\/\/ramonramon.org\/blog\/2025\/09\/25\/rodrigo-chaves-en-costa-rica-un-legado-sombrio\/\" title=\"Rodrigo Chaves en Costa Rica: un legado sombr\u00edo\">sucesor de Rodrigo Chaves.  <\/a><\/p>\n\n\n\n<p><a href=\"https:\/\/www.ucr.ac.cr\/noticias\/2025\/9\/10\/la-mayor-parte-de-la-ciudadania-no-sabe-por-quien-votara-en-febrero-proximo.html\" title=\"\"><strong>El estudio del CIEP-UCR revela que m\u00e1s de la mitad de la poblaci\u00f3n, un 57 %, todav\u00eda no sabe por qui\u00e9n votar\u00e1 en febrero<\/strong>.<\/a> En ese escenario de indecisi\u00f3n, la candidata oficialista<strong> Laura Fern\u00e1ndez<\/strong> apenas alcanza un 12 % de respaldo, seguida de \u00c1lvaro Ramos con 6% y Ariel Robles con 5%. El dato m\u00e1s relevante de este sondeo es que la aprobaci\u00f3n del presidente Rodrigo Chaves no se est\u00e1 traduciendo en un apoyo autom\u00e1tico hacia su sucesora pol\u00edtica, lo que pone en duda la capacidad del oficialismo para capitalizar la gesti\u00f3n en las urnas.<\/p>\n\n\n\n<p>En contraste,<a href=\"https:\/\/elmundo.cr\/costa-rica\/encuesta-cid-gallup-laura-fernandez-lidera-intencion-de-voto-a-poco-mas-de-cuatro-meses-de-las-elecciones\/\" title=\"\"> <strong>la encuesta de CID Gallup muestra un panorama mucho m\u00e1s favorable para Fern\u00e1ndez<\/strong>.<\/a> Entre los votantes que se declaran muy seguros de participar, la candidata alcanza un 28 % de apoyo, lo que la coloca cerca de la posibilidad de ganar en primera vuelta. La diferencia entre ambas mediciones radica en el enfoque: mientras CIEP-UCR refleja la fotograf\u00eda amplia de una ciudadan\u00eda indecisa, CID Gallup se concentra en los que ya han tomado una decisi\u00f3n y est\u00e1n comprometidos a votar.<\/p>\n\n\n\n<figure class=\"wp-block-image size-full\"><img loading=\"lazy\" decoding=\"async\" width=\"2309\" height=\"1306\" src=\"https:\/\/ramonramon.org\/blog\/wp-content\/uploads\/2025\/09\/elecciones-costarica_1.jpg\" alt=\"Candidatos a las elecciones Costa Rica 2026\" class=\"wp-image-35515\" srcset=\"https:\/\/ramonramon.org\/blog\/wp-content\/uploads\/2025\/09\/elecciones-costarica_1.jpg 2309w, https:\/\/ramonramon.org\/blog\/wp-content\/uploads\/2025\/09\/elecciones-costarica_1-250x141.jpg 250w, https:\/\/ramonramon.org\/blog\/wp-content\/uploads\/2025\/09\/elecciones-costarica_1-1536x869.jpg 1536w, https:\/\/ramonramon.org\/blog\/wp-content\/uploads\/2025\/09\/elecciones-costarica_1-2048x1158.jpg 2048w\" sizes=\"auto, (max-width: 2309px) 100vw, 2309px\" \/><\/figure>\n\n\n\n<h3 class=\"wp-block-heading\">Las candidaturas a las elecciones presidenciales Costa Rica 2026<\/h3>\n\n\n\n<p><strong>Laura Fern\u00e1ndez, del partido<\/strong> <strong>Pueblo Soberano<\/strong>, representa la continuidad del proyecto de Rodrigo Chaves. Su juventud y experiencia ministerial la proyectan como figura renovadora, aunque su reto ser\u00e1 desligarse de las cr\u00edticas a la actual administraci\u00f3n, acorralada por las acusaciones de corrupci\u00f3n y el alza de la inseguridad como problema.<\/p>\n\n\n\n<p><strong>Ana Virginia Calzada, por el Centro Democr\u00e1tico y Social<\/strong>, llega con el prestigio de su trayectoria en la Sala Constitucional. La confianza que inspira puede jugar a su favor, pero corre el riesgo de sonar demasiado t\u00e9cnica si no traduce su discurso en propuestas que conecten con la vida cotidiana de la ciudadan\u00eda.<\/p>\n\n\n\n<p><strong>\u00c1lvaro Ramos, del Partido Liberaci\u00f3n Nacional (PLN)<\/strong>, carga con la fuerza territorial de un partido hist\u00f3rico. Su desaf\u00edo ser\u00e1 convencer a un electorado joven y desencantado de que el PLN puede renovarse sin perder su esencia.<\/p>\n\n\n\n<p><strong>Fabricio Alvarado, de Nueva Rep\u00fablica<\/strong>, es ya un l\u00edder consolidado en el sector conservador y evang\u00e9lico. Su base es fiel, pero no suficiente para ganar una segunda vuelta si no ampl\u00eda su mensaje hacia otros sectores.<\/p>\n\n\n\n<p><strong>Natalia D\u00edaz, de Unidos Podemos<\/strong>, busca posicionarse como la carta moderna y liberal de centro-derecha. Su mayor obst\u00e1culo es la visibilidad en una campa\u00f1a saturada, aunque tiene margen para crecer si logra instalar un mensaje econ\u00f3mico claro.<\/p>\n\n\n\n<p><strong>Ariel Robles, del Frente Amplio<\/strong>, encarna la propuesta progresista de izquierda. Su desaf\u00edo es romper la percepci\u00f3n de marginalidad y presentar un discurso de justicia social que resulte accesible y pr\u00e1ctico.<\/p>\n\n\n\n<p><strong>Claudia Dobles, del<\/strong> <strong>PAC y Agenda Ciudadana<\/strong>, intenta capitalizar su imagen de continuidad progresista. Sin embargo, arrastra el desgaste de la administraci\u00f3n de Carlos Alvarado, su esposo, lo que la obliga a demostrar independencia para reconectar con una base debilitada.<\/p>\n\n\n\n<p>En el caso de los partidos emergentes, <strong>Jos\u00e9 Miguel Aguilar con Avanza <\/strong>y <strong>Marco David Rodr\u00edguez con Esperanza y Libertad<\/strong> buscan ganar notoriedad frente a rivales de mayor trayectoria, aunque enfrentan el reto com\u00fan de diferenciarse y no ser vistos como actores testimoniales. <strong>Claudio Alp\u00edzar, con Esperanza Nacional, <\/strong>apuesta por un discurso cr\u00edtico del sistema sustentado en su an\u00e1lisis acad\u00e9mico, pero su \u00e9xito depender\u00e1 de si logra transformar esa capacidad en propuestas simples y atractivas.<\/p>\n\n\n\n<p>Tambi\u00e9n destacan <strong>Fernando Zamora, de Nueva Generaci\u00f3n, <\/strong>quien deber\u00e1 convencer de que es m\u00e1s que una disidencia del liberacionismo, y <strong>Luz Mary Alp\u00edzar, del Progreso Social Democr\u00e1tico,<\/strong> que tendr\u00e1 que diferenciarse de Laura Fern\u00e1ndez sin fragmentar a\u00fan m\u00e1s el electorado oficialista.<\/p>\n\n\n\n<p>Otros aspirantes son <strong>Eli\u00e9cer Feinzaig<\/strong> y <strong>Luis Amador<\/strong>. Feinzaig, del <strong>Partido Liberal Progresista<\/strong>, fue ratificado en agosto como candidato presidencial y no renunciar\u00e1 a su diputaci\u00f3n, lo que le permite mantener presencia pol\u00edtica. Amador, exministro de Obras P\u00fablicas y Transportes, se distanci\u00f3 del <strong>Progreso Social Democr\u00e1tico<\/strong> alegando discriminaci\u00f3n y costos excesivos para inscribir candidaturas. Aunque renunci\u00f3 a esa postulaci\u00f3n, ya conversa con al menos cuatro partidos para mantenerse en la carrera de 2026.  <\/p>\n\n\n\n<figure class=\"wp-block-image size-full\"><img loading=\"lazy\" decoding=\"async\" width=\"1042\" height=\"669\" src=\"https:\/\/ramonramon.org\/blog\/wp-content\/uploads\/2025\/06\/Costa-rica_1.jpg\" alt=\"Elecciones Costa Rica 2026\" class=\"wp-image-35359\" srcset=\"https:\/\/ramonramon.org\/blog\/wp-content\/uploads\/2025\/06\/Costa-rica_1.jpg 1042w, https:\/\/ramonramon.org\/blog\/wp-content\/uploads\/2025\/06\/Costa-rica_1-220x141.jpg 220w\" sizes=\"auto, (max-width: 1042px) 100vw, 1042px\" \/><\/figure>\n\n\n\n<p><strong>El panorama general confirma un escenario disperso. <\/strong>Ning\u00fan candidato parece alcanzar mayor\u00eda en primera vuelta (m\u00e1s del 40% del voto), lo que convierte a las alianzas y las narrativas inclusivas en factores determinantes.  Y lo que es a\u00fan m\u00e1s interesante, escenario propicio para la irrupci\u00f3n de <a href=\"https:\/\/ramonramon.org\/blog\/?s=consultor+pol%C3%ADtico\" title=\"consultores pol\u00edticos\">consultores pol\u00edticos<\/a>, que ayuden a dar orden y estrategia a todo este variopinto escneario electoral.  Y como ya dijera en un post anterior sobre este hermoso pa\u00eds: <em>Tras m\u00e1s de 30 a\u00f1os trabajando en comunicaci\u00f3n pol\u00edtica y en procesos electorales en distintos pa\u00edses de la regi\u00f3n, y habiendo tenido la fortuna de haber vivido y trabajado durante a\u00f1os en ese hermoso pa\u00eds, estoy convencido de que\u00a0<strong>Costa Rica necesita en 2026 un liderazgo que no solo prometa cambio, sino que logre articularlo con estrategia<\/strong>.<\/em><\/p>\n","protected":false},"excerpt":{"rendered":"<p>Las elecciones presidenciales 2026 en Costa Rica se perfilan como una de las m\u00e1s fragmentadas de los \u00faltimos tiempos. A diferencia de ciclos anteriores, no hay un claro favorito, y la multiplicidad de partidos y liderazgos promete un escenario en el que el voto se disperse de manera significativa. Esto obliga a observar con detalle&hellip;&nbsp;<a href=\"https:\/\/ramonramon.org\/blog\/2025\/09\/30\/elecciones-costa-rica-2026-encuestas-y-candidaturas\/\" rel=\"bookmark\">Leer m\u00e1s &raquo;<span class=\"screen-reader-text\">Elecciones Costa Rica 2026: encuestas y candidaturas<\/span><\/a><\/p>\n","protected":false},"author":2064,"featured_media":35515,"comment_status":"open","ping_status":"open","sticky":false,"template":"","format":"standard","meta":{"neve_meta_sidebar":"","neve_meta_container":"","neve_meta_enable_content_width":"","neve_meta_content_width":0,"neve_meta_title_alignment":"","neve_meta_author_avatar":"","neve_post_elements_order":"","neve_meta_disable_header":"","neve_meta_disable_footer":"","neve_meta_disable_title":"","footnotes":""},"categories":[2008],"tags":[],"class_list":["post-35501","post","type-post","status-publish","format-standard","has-post-thumbnail","hentry","category-comunicacion"],"aioseo_notices":[],"_links":{"self":[{"href":"https:\/\/ramonramon.org\/blog\/wp-json\/wp\/v2\/posts\/35501","targetHints":{"allow":["GET"]}}],"collection":[{"href":"https:\/\/ramonramon.org\/blog\/wp-json\/wp\/v2\/posts"}],"about":[{"href":"https:\/\/ramonramon.org\/blog\/wp-json\/wp\/v2\/types\/post"}],"author":[{"embeddable":true,"href":"https:\/\/ramonramon.org\/blog\/wp-json\/wp\/v2\/users\/2064"}],"replies":[{"embeddable":true,"href":"https:\/\/ramonramon.org\/blog\/wp-json\/wp\/v2\/comments?post=35501"}],"version-history":[{"count":0,"href":"https:\/\/ramonramon.org\/blog\/wp-json\/wp\/v2\/posts\/35501\/revisions"}],"wp:featuredmedia":[{"embeddable":true,"href":"https:\/\/ramonramon.org\/blog\/wp-json\/wp\/v2\/media\/35515"}],"wp:attachment":[{"href":"https:\/\/ramonramon.org\/blog\/wp-json\/wp\/v2\/media?parent=35501"}],"wp:term":[{"taxonomy":"category","embeddable":true,"href":"https:\/\/ramonramon.org\/blog\/wp-json\/wp\/v2\/categories?post=35501"},{"taxonomy":"post_tag","embeddable":true,"href":"https:\/\/ramonramon.org\/blog\/wp-json\/wp\/v2\/tags?post=35501"}],"curies":[{"name":"wp","href":"https:\/\/api.w.org\/{rel}","templated":true}]}}