{"id":35499,"date":"2025-09-25T19:59:37","date_gmt":"2025-09-25T17:59:37","guid":{"rendered":"https:\/\/ramonramon.org\/blog\/?p=35499"},"modified":"2025-09-25T20:02:13","modified_gmt":"2025-09-25T18:02:13","slug":"rodrigo-chaves-en-costa-rica-un-legado-sombrio","status":"publish","type":"post","link":"https:\/\/ramonramon.org\/blog\/2025\/09\/25\/rodrigo-chaves-en-costa-rica-un-legado-sombrio\/","title":{"rendered":"Rodrigo Chaves en Costa Rica: un legado sombr\u00edo"},"content":{"rendered":"\n<p>Desde su llegada al poder en mayo de 2022, el presidente Rodrigo Chaves ha adoptado un estilo pol\u00edtico confrontativo y directo, que ha generado tanto apoyo como rechazo en diversos sectores de la sociedad costarricense. <\/p>\n\n\n\n<p><strong>Su administraci\u00f3n ha estado marcada por una serie de crisis y esc\u00e1ndalos<\/strong> que han puesto a prueba su liderazgo y la estabilidad institucional del pa\u00eds. Esta semana ha sido noticia porque<strong> el Congreso de\u00a0Costa Rica\u00a0decidi\u00f3 mantener el fuero del presidente Rodrigo Chaves, por lo que el mandatario no podr\u00e1 ser juzgado durante el tiempo que le resta en el cargo<\/strong>, en relaci\u00f3n con una acusaci\u00f3n por presunto\u00a0manejo irregular de fondos\u00a0del Banco Centroamericano de Integraci\u00f3n Econ\u00f3mica (BCIE). <\/p>\n\n\n\n<p>A partir del 8 de mayo, ya no tendr\u00e1 la inmunidad presidencial y ser\u00e1 un ciudadano m\u00e1s. En el \u00faltimo tramo de su mandato presidencial hacemos balance, <a href=\"https:\/\/ramonramon.org\/blog\/2025\/09\/15\/elecciones-costa-rica-2026-en-busca-de-un-nuevo-liderazgo\/\" title=\"Elecciones Costa Rica 2026: en busca de un nuevo liderazgo\">ante la inminencia de las elecciones en Costa Rica<\/a>. <\/p>\n\n\n\n<h3 class=\"wp-block-heading\"><strong>Crisis de seguridad: un aumento alarmante de homicidios<\/strong><\/h3>\n\n\n\n<p>Durante los primeros tres a\u00f1os de su mandato (2022-2024), <strong>Costa Rica experiment\u00f3 los \u00edndices m\u00e1s altos de homicidios en su historia reciente<\/strong>. En 2023, el pa\u00eds registr\u00f3 800 homicidios, una cifra r\u00e9cord que super\u00f3 los 600 reportados en 2022. Este aumento ha sido atribuido al <strong>crecimiento de actividades delictivas organizadas<\/strong>, como el narcotr\u00e1fico y el crimen organizado. A pesar de las cr\u00edticas, el presidente Chaves minimiz\u00f3 la situaci\u00f3n, afirmando que el problema \u00abno es tan grande como lo quieren poner\u00bb y responsabilizando a jueces y diputados por la crisis de seguridad.<\/p>\n\n\n\n<figure class=\"wp-block-image size-large\"><img loading=\"lazy\" decoding=\"async\" width=\"1200\" height=\"675\" src=\"https:\/\/ramonramon.org\/blog\/wp-content\/uploads\/2025\/09\/rodrigo-chaves-1200x675.jpg\" alt=\"\" class=\"wp-image-35508\" srcset=\"https:\/\/ramonramon.org\/blog\/wp-content\/uploads\/2025\/09\/rodrigo-chaves-1200x675.jpg 1200w, https:\/\/ramonramon.org\/blog\/wp-content\/uploads\/2025\/09\/rodrigo-chaves-850x478.jpg 850w\" sizes=\"auto, (max-width: 1200px) 100vw, 1200px\" \/><\/figure>\n\n\n\n<h3 class=\"wp-block-heading\"><strong>Esc\u00e1ndalos de corrupci\u00f3n: acusaciones y procesos judiciales<\/strong><\/h3>\n\n\n\n<p>La administraci\u00f3n de Chaves ha enfrentado <strong>m\u00faltiples acusaciones de corrupci\u00f3n<\/strong>. En abril de 2025, la Fiscal\u00eda General present\u00f3 una acusaci\u00f3n formal contra el presidente por el <strong>delito de concusi\u00f3n, relacionado con la presunta utilizaci\u00f3n de fondos del Banco Centroamericano de Integraci\u00f3n Econ\u00f3mica (BCIE)<\/strong> para beneficiar a un exasesor presidencial mediante contratos de servicios de comunicaci\u00f3n.<\/p>\n\n\n\n<p>Adem\u00e1s, en julio de 2025, la Corte Suprema de Justicia solicit\u00f3 al Congreso levantar la inmunidad del presidente para que pueda ser juzgado por estos cargos, cuesti\u00f3n que fue resuelta el pasado 22 de septiembre. Este proceso tambi\u00e9n involucra al ministro de Cultura, Jorge Rodr\u00edguez, exjefe de despacho de Chaves.<\/p>\n\n\n\n<h3 class=\"wp-block-heading\"><strong>Financiamiento electoral ilegal: una sombra sobre la campa\u00f1a de 2022<\/strong><\/h3>\n\n\n\n<p>En junio de 2025, <strong>la Fiscal\u00eda General acus\u00f3 al presidente y a varios altos funcionarios de su gobierno, incluyendo al vicepresidente Stephan Brunner y a la ministra de Relaciones Exteriores, Arnoldo Andr\u00e9, de financiamiento electoral ilegal<\/strong> relacionado con la campa\u00f1a presidencial de 2022. Las acusaciones se centran en el uso de fondos privados y cuentas bancarias para financiar la campa\u00f1a del Partido Progreso Social Democr\u00e1tico, eludiendo la supervisi\u00f3n del Tribunal Supremo de Elecciones y comprometiendo la integridad del proceso electoral.<\/p>\n\n\n\n<p>Ante estas acusaciones y procesos judiciales, el presidente Chaves ha adoptado una postura confrontativa. En agosto de 2025, denunci\u00f3 un \u00abgolpe de Estado judicial\u00bb tras la solicitud de la Fiscal\u00eda para levantar su inmunidad, calificando las acciones legales como un ataque pol\u00edtico en su contra.<\/p>\n\n\n\n<h3 class=\"wp-block-heading\"><strong>Impacto en la percepci\u00f3n p\u00fablica y en las elecciones de 2026<\/strong><\/h3>\n\n\n\n<p>Estas crisis y esc\u00e1ndalos han afectado la percepci\u00f3n p\u00fablica de la administraci\u00f3n de Chaves. Aunque mantiene un n\u00facleo de apoyo, su popularidad ha disminuido debido a la creciente preocupaci\u00f3n por la seguridad y la corrupci\u00f3n. Estos factores jugar\u00e1n un papel crucial <strong><a href=\"https:\/\/ramonramon.org\/blog\/2025\/09\/15\/elecciones-costa-rica-2026-en-busca-de-un-nuevo-liderazgo\/\" title=\"Elecciones Costa Rica 2026: en busca de un nuevo liderazgo\">en las elecciones presidenciales de 2026<\/a><\/strong>, donde los votantes deber\u00e1n decidir si mantienen el respaldo al proyecto pol\u00edtico actual del partido Pueblo Soberano, liderado por la candidata del bloque oficialista, <strong>Laura Fern\u00e1ndez, ex ministra de Planificaci\u00f3n y Presidencia<\/strong>, o buscan un cambio en la direcci\u00f3n del pa\u00eds de la mano de alguna de las veintena de formaciones pol\u00edticas que concurren en los comicios. <\/p>\n","protected":false},"excerpt":{"rendered":"<p>Desde su llegada al poder en mayo de 2022, el presidente Rodrigo Chaves ha adoptado un estilo pol\u00edtico confrontativo y directo, que ha generado tanto apoyo como rechazo en diversos sectores de la sociedad costarricense. Su administraci\u00f3n ha estado marcada por una serie de crisis y esc\u00e1ndalos que han puesto a prueba su liderazgo y&hellip;&nbsp;<a href=\"https:\/\/ramonramon.org\/blog\/2025\/09\/25\/rodrigo-chaves-en-costa-rica-un-legado-sombrio\/\" rel=\"bookmark\">Leer m\u00e1s &raquo;<span class=\"screen-reader-text\">Rodrigo Chaves en Costa Rica: un legado sombr\u00edo<\/span><\/a><\/p>\n","protected":false},"author":2064,"featured_media":35510,"comment_status":"open","ping_status":"open","sticky":false,"template":"","format":"standard","meta":{"neve_meta_sidebar":"","neve_meta_container":"","neve_meta_enable_content_width":"","neve_meta_content_width":0,"neve_meta_title_alignment":"","neve_meta_author_avatar":"","neve_post_elements_order":"","neve_meta_disable_header":"","neve_meta_disable_footer":"","neve_meta_disable_title":"","footnotes":""},"categories":[2008],"tags":[],"class_list":["post-35499","post","type-post","status-publish","format-standard","has-post-thumbnail","hentry","category-comunicacion"],"aioseo_notices":[],"_links":{"self":[{"href":"https:\/\/ramonramon.org\/blog\/wp-json\/wp\/v2\/posts\/35499","targetHints":{"allow":["GET"]}}],"collection":[{"href":"https:\/\/ramonramon.org\/blog\/wp-json\/wp\/v2\/posts"}],"about":[{"href":"https:\/\/ramonramon.org\/blog\/wp-json\/wp\/v2\/types\/post"}],"author":[{"embeddable":true,"href":"https:\/\/ramonramon.org\/blog\/wp-json\/wp\/v2\/users\/2064"}],"replies":[{"embeddable":true,"href":"https:\/\/ramonramon.org\/blog\/wp-json\/wp\/v2\/comments?post=35499"}],"version-history":[{"count":0,"href":"https:\/\/ramonramon.org\/blog\/wp-json\/wp\/v2\/posts\/35499\/revisions"}],"wp:featuredmedia":[{"embeddable":true,"href":"https:\/\/ramonramon.org\/blog\/wp-json\/wp\/v2\/media\/35510"}],"wp:attachment":[{"href":"https:\/\/ramonramon.org\/blog\/wp-json\/wp\/v2\/media?parent=35499"}],"wp:term":[{"taxonomy":"category","embeddable":true,"href":"https:\/\/ramonramon.org\/blog\/wp-json\/wp\/v2\/categories?post=35499"},{"taxonomy":"post_tag","embeddable":true,"href":"https:\/\/ramonramon.org\/blog\/wp-json\/wp\/v2\/tags?post=35499"}],"curies":[{"name":"wp","href":"https:\/\/api.w.org\/{rel}","templated":true}]}}