{"id":35199,"date":"2025-06-16T21:07:23","date_gmt":"2025-06-16T19:07:23","guid":{"rendered":"https:\/\/ramonramon.org\/blog\/?p=35199"},"modified":"2025-06-16T21:07:26","modified_gmt":"2025-06-16T19:07:26","slug":"medir-para-mejorar-claves-para-evaluar-la-comunicacion-institucional-en-redes-sociales","status":"publish","type":"post","link":"https:\/\/ramonramon.org\/blog\/2025\/06\/16\/medir-para-mejorar-claves-para-evaluar-la-comunicacion-institucional-en-redes-sociales\/","title":{"rendered":"Medir para mejorar: claves para evaluar la comunicaci\u00f3n institucional en redes sociales"},"content":{"rendered":"\n<p>En el entorno digital actual, las instituciones p\u00fablicas no solo deben comunicar, sino tambi\u00e9n evaluar el impacto de sus mensajes en redes sociales. La medici\u00f3n efectiva permite ajustar estrategias, optimizar recursos y fortalecer la relaci\u00f3n con la ciudadan\u00eda.<\/p>\n\n\n\n<h3 class=\"wp-block-heading\">La importancia de establecer objetivos claros<\/h3>\n\n\n\n<p>Antes de medir, es fundamental definir qu\u00e9 se quiere lograr con la comunicaci\u00f3n en redes sociales. \u00bfSe busca informar, generar participaci\u00f3n, mejorar la imagen institucional o gestionar crisis? Establecer objetivos claros facilita la selecci\u00f3n de indicadores adecuados y la interpretaci\u00f3n de los resultados.<\/p>\n\n\n\n<figure class=\"wp-block-image size-full\"><img loading=\"lazy\" decoding=\"async\" width=\"2500\" height=\"1306\" src=\"https:\/\/ramonramon.org\/blog\/wp-content\/uploads\/2025\/05\/Medir_2.jpg\" alt=\"Medir para mejorar: claves para evaluar la comunicaci\u00f3n institucional en redes sociales\" class=\"wp-image-35235\" srcset=\"https:\/\/ramonramon.org\/blog\/wp-content\/uploads\/2025\/05\/Medir_2.jpg 2500w, https:\/\/ramonramon.org\/blog\/wp-content\/uploads\/2025\/05\/Medir_2-250x131.jpg 250w, https:\/\/ramonramon.org\/blog\/wp-content\/uploads\/2025\/05\/Medir_2-1536x802.jpg 1536w, https:\/\/ramonramon.org\/blog\/wp-content\/uploads\/2025\/05\/Medir_2-2048x1070.jpg 2048w\" sizes=\"auto, (max-width: 2500px) 100vw, 2500px\" \/><\/figure>\n\n\n\n<h3 class=\"wp-block-heading\">Indicadores clave para la evaluaci\u00f3n<\/h3>\n\n\n\n<p>Algunos de los indicadores m\u00e1s relevantes incluyen:<\/p>\n\n\n\n<ul class=\"wp-block-list\">\n<li><strong>Alcance<\/strong>: n\u00famero de personas que han visto el contenido.<\/li>\n\n\n\n<li><strong>Interacci\u00f3n<\/strong>: cantidad de \u00abme gusta\u00bb, comentarios y compartidos.<\/li>\n\n\n\n<li><strong>Engagement<\/strong>: nivel de compromiso de la audiencia con el contenido.<\/li>\n\n\n\n<li><strong>Sentimiento<\/strong>: percepci\u00f3n positiva, negativa o neutral de los mensajes.<\/li>\n\n\n\n<li><strong>Conversi\u00f3n<\/strong>: acciones concretas realizadas por la audiencia, como inscripciones o descargas.<\/li>\n<\/ul>\n\n\n\n<p>Estos indicadores deben analizarse en conjunto para obtener una visi\u00f3n completa del desempe\u00f1o comunicativo.<\/p>\n\n\n\n<h3 class=\"wp-block-heading\">Herramientas y metodolog\u00edas<\/h3>\n\n\n\n<p>Existen diversas herramientas para medir la eficacia de la comunicaci\u00f3n en redes sociales, desde las anal\u00edticas integradas en cada plataforma hasta software especializado. Adem\u00e1s, es recomendable complementar los datos cuantitativos con an\u00e1lisis cualitativos, como encuestas o grupos focales, para comprender mejor las percepciones y necesidades de la ciudadan\u00eda.<\/p>\n\n\n\n<figure class=\"wp-block-image size-full\"><img loading=\"lazy\" decoding=\"async\" width=\"2500\" height=\"1306\" src=\"https:\/\/ramonramon.org\/blog\/wp-content\/uploads\/2025\/05\/Medir_3.jpg\" alt=\"Medir para mejorar: claves para evaluar la comunicaci\u00f3n institucional en redes sociales\" class=\"wp-image-35234\" srcset=\"https:\/\/ramonramon.org\/blog\/wp-content\/uploads\/2025\/05\/Medir_3.jpg 2500w, https:\/\/ramonramon.org\/blog\/wp-content\/uploads\/2025\/05\/Medir_3-250x131.jpg 250w, https:\/\/ramonramon.org\/blog\/wp-content\/uploads\/2025\/05\/Medir_3-1536x802.jpg 1536w, https:\/\/ramonramon.org\/blog\/wp-content\/uploads\/2025\/05\/Medir_3-2048x1070.jpg 2048w\" sizes=\"auto, (max-width: 2500px) 100vw, 2500px\" \/><\/figure>\n\n\n\n<h3 class=\"wp-block-heading\">Aplicaci\u00f3n pr\u00e1ctica y mejora continua<\/h3>\n\n\n\n<p>La evaluaci\u00f3n no debe ser un proceso aislado, sino parte integral de la estrategia de comunicaci\u00f3n institucional. Los resultados obtenidos deben utilizarse para:<\/p>\n\n\n\n<ul class=\"wp-block-list\">\n<li><strong>Ajustar contenidos<\/strong>: identificar qu\u00e9 tipo de mensajes generan mayor impacto y adaptarlos en consecuencia.<\/li>\n\n\n\n<li><strong>Optimizar horarios y canales<\/strong>: determinar los momentos y plataformas m\u00e1s efectivos para la difusi\u00f3n.<\/li>\n\n\n\n<li><strong>Fortalecer la relaci\u00f3n con la audiencia<\/strong>: responder a comentarios, atender sugerencias y fomentar la participaci\u00f3n activa.<\/li>\n<\/ul>\n\n\n\n<p>Como se destaca en el art\u00edculo <a href=\"https:\/\/ramonramon.org\/blog\/2020\/05\/21\/comunicacion-multidireccional-el-reto-de-las-instituciones-publicas\/\">Comunicaci\u00f3n multidireccional: el reto de las instituciones p\u00fablicas<\/a>, la interacci\u00f3n constante y la adaptaci\u00f3n a las demandas ciudadanas son esenciales para una comunicaci\u00f3n efectiva.<\/p>\n\n\n\n<p>Medir y evaluar la comunicaci\u00f3n institucional en redes sociales es un proceso continuo que requiere claridad en los objetivos, selecci\u00f3n adecuada de indicadores y disposici\u00f3n para ajustar estrategias. Al hacerlo, las instituciones pueden mejorar su eficacia comunicativa, fortalecer la confianza ciudadana y cumplir mejor con su misi\u00f3n p\u00fablica.<\/p>\n","protected":false},"excerpt":{"rendered":"<p>Medir el impacto de la comunicaci\u00f3n institucional en redes sociales es clave para optimizar estrategias y fortalecer la relaci\u00f3n con la ciudadan\u00eda. Definir objetivos, analizar indicadores y ajustar contenidos permite mejorar la eficacia, fomentar la participaci\u00f3n y cumplir con la misi\u00f3n p\u00fablica de manera m\u00e1s efectiva.<\/p>\n","protected":false},"author":2070,"featured_media":35236,"comment_status":"open","ping_status":"open","sticky":false,"template":"","format":"standard","meta":{"neve_meta_sidebar":"","neve_meta_container":"","neve_meta_enable_content_width":"","neve_meta_content_width":0,"neve_meta_title_alignment":"","neve_meta_author_avatar":"","neve_post_elements_order":"","neve_meta_disable_header":"","neve_meta_disable_footer":"","neve_meta_disable_title":"","footnotes":""},"categories":[2008],"tags":[4461,5231,4562,5240,5229,5238,5241,5239,2878,2001],"class_list":["post-35199","post","type-post","status-publish","format-standard","has-post-thumbnail","hentry","category-comunicacion","tag-analisis-de-datos","tag-comunicacion-institucional","tag-estrategia-digital","tag-evaluacion","tag-gestion-publica","tag-impacto","tag-indicadores","tag-medicion","tag-participacion-ciudadana","tag-redes-sociales"],"aioseo_notices":[],"_links":{"self":[{"href":"https:\/\/ramonramon.org\/blog\/wp-json\/wp\/v2\/posts\/35199","targetHints":{"allow":["GET"]}}],"collection":[{"href":"https:\/\/ramonramon.org\/blog\/wp-json\/wp\/v2\/posts"}],"about":[{"href":"https:\/\/ramonramon.org\/blog\/wp-json\/wp\/v2\/types\/post"}],"author":[{"embeddable":true,"href":"https:\/\/ramonramon.org\/blog\/wp-json\/wp\/v2\/users\/2070"}],"replies":[{"embeddable":true,"href":"https:\/\/ramonramon.org\/blog\/wp-json\/wp\/v2\/comments?post=35199"}],"version-history":[{"count":0,"href":"https:\/\/ramonramon.org\/blog\/wp-json\/wp\/v2\/posts\/35199\/revisions"}],"wp:featuredmedia":[{"embeddable":true,"href":"https:\/\/ramonramon.org\/blog\/wp-json\/wp\/v2\/media\/35236"}],"wp:attachment":[{"href":"https:\/\/ramonramon.org\/blog\/wp-json\/wp\/v2\/media?parent=35199"}],"wp:term":[{"taxonomy":"category","embeddable":true,"href":"https:\/\/ramonramon.org\/blog\/wp-json\/wp\/v2\/categories?post=35199"},{"taxonomy":"post_tag","embeddable":true,"href":"https:\/\/ramonramon.org\/blog\/wp-json\/wp\/v2\/tags?post=35199"}],"curies":[{"name":"wp","href":"https:\/\/api.w.org\/{rel}","templated":true}]}}