{"id":35193,"date":"2025-07-22T13:35:07","date_gmt":"2025-07-22T11:35:07","guid":{"rendered":"https:\/\/ramonramon.org\/blog\/?p=35193"},"modified":"2025-07-01T13:39:32","modified_gmt":"2025-07-01T11:39:32","slug":"la-transformacion-de-la-comunicacion-institucional-en-la-era-de-las-redes-sociales","status":"publish","type":"post","link":"https:\/\/ramonramon.org\/blog\/2025\/07\/22\/la-transformacion-de-la-comunicacion-institucional-en-la-era-de-las-redes-sociales\/","title":{"rendered":"La transformaci\u00f3n de la comunicaci\u00f3n institucional en la era de las redes sociales"},"content":{"rendered":"\n<p>Las redes sociales han revolucionado la forma en que las instituciones p\u00fablicas se comunican con la ciudadan\u00eda. Lo que antes era unidireccional, jer\u00e1rquico y muchas veces inerte, hoy <strong>se ha vuelto din\u00e1mico, interactivo y horizontal<\/strong>. Esta transformaci\u00f3n ha multiplicado las posibilidades, pero tambi\u00e9n los riesgos. Ya no basta con informar: <strong>hay que conversar, responder y construir confianza en tiempo real<\/strong>.<\/p>\n\n\n\n<p>En este nuevo escenario, la comunicaci\u00f3n institucional enfrenta uno de sus mayores retos: mantener su legitimidad y utilidad <a href=\"https:\/\/ramonramon.org\/blog\/2025\/07\/01\/cuando-la-comunicacion-institucional-se-convierte-en-propaganda-y-deja-de-servir\/\" title=\"sin caer en la propaganda \">sin caer en la propaganda <\/a>ni perder el control del relato. Como explico en el art\u00edculo <a>Comunicaci\u00f3n multidireccional: el reto de las instituciones p\u00fablicas<\/a>, las instituciones -valga la redundancia- deben entender que ya no controlan los canales, pero s\u00ed pueden gestionar su mensaje con inteligencia.<\/p>\n\n\n\n<h3 class=\"wp-block-heading\">De voceros \u00fanicos a m\u00faltiples voces conectadas<\/h3>\n\n\n\n<p>En el pasado, la comunicaci\u00f3n institucional se canalizaba a trav\u00e9s de boletines, notas de prensa o ruedas de prensa. Hoy, cualquier persona dentro o fuera de la instituci\u00f3n puede amplificar o cuestionar un mensaje institucional en segundos. Este fen\u00f3meno obliga a repensar el enfoque tradicional y asumir que la comunicaci\u00f3n es un ecosistema vivo, donde la escucha activa y la empat\u00eda importan tanto como el contenido que se emite.<\/p>\n\n\n\n<p><strong>El desaf\u00edo no est\u00e1 solo en \u201cestar\u201d en redes, sino en \u201csaber estar\u201d: con coherencia, criterio y prop\u00f3sito<\/strong>. Como expongo en <a>La importancia de la narrativa en la comunicaci\u00f3n pol\u00edtica<\/a>, una instituci\u00f3n sin relato est\u00e1 condenada a perder relevancia en un entorno saturado de ruido.<\/p>\n\n\n\n<figure class=\"wp-block-image size-full\"><img loading=\"lazy\" decoding=\"async\" width=\"2500\" height=\"1306\" src=\"https:\/\/ramonramon.org\/blog\/wp-content\/uploads\/2025\/05\/era-RRSS_2.jpg\" alt=\"La transformaci\u00f3n de la comunicaci\u00f3n institucional en la era de las redes sociales\" class=\"wp-image-35230\" srcset=\"https:\/\/ramonramon.org\/blog\/wp-content\/uploads\/2025\/05\/era-RRSS_2.jpg 2500w, https:\/\/ramonramon.org\/blog\/wp-content\/uploads\/2025\/05\/era-RRSS_2-250x131.jpg 250w, https:\/\/ramonramon.org\/blog\/wp-content\/uploads\/2025\/05\/era-RRSS_2-1536x802.jpg 1536w, https:\/\/ramonramon.org\/blog\/wp-content\/uploads\/2025\/05\/era-RRSS_2-2048x1070.jpg 2048w\" sizes=\"auto, (max-width: 2500px) 100vw, 2500px\" \/><\/figure>\n\n\n\n<h3 class=\"wp-block-heading\">El poder (y la responsabilidad) de la conversaci\u00f3n p\u00fablica<\/h3>\n\n\n\n<p>Las redes sociales han democratizado el acceso a la palabra, pero tambi\u00e9n han multiplicado la desinformaci\u00f3n, la polarizaci\u00f3n y la banalizaci\u00f3n del discurso. Frente a esto, las instituciones deben convertirse en referentes de informaci\u00f3n veraz y comprensible. Ya no se trata solo de publicar, sino de construir comunidad, aportar contexto y fomentar el pensamiento cr\u00edtico.<\/p>\n\n\n\n<p>Para lograrlo, es clave profesionalizar la comunicaci\u00f3n p\u00fablica, formar a los equipos y dise\u00f1ar estrategias que integren canales digitales con canales tradicionales. Todo esto requiere planificaci\u00f3n, criterio pol\u00edtico y una mirada transversal. No se trata de delegar las redes a una agencia externa sin direcci\u00f3n, sino de construir una voz institucional con identidad propia, adaptada al entorno digital.<\/p>\n\n\n\n<h3 class=\"wp-block-heading\">Recomendaciones para una estrategia institucional efectiva en redes<\/h3>\n\n\n\n<ol class=\"wp-block-list\">\n<li><strong>Define con claridad tu prop\u00f3sito<\/strong><br>\u00bfPara qu\u00e9 quieres estar en redes? \u00bfQu\u00e9 papel juega la instituci\u00f3n en la conversaci\u00f3n p\u00fablica? \u00bfQu\u00e9 temas s\u00ed y qu\u00e9 temas no vas a abordar?<\/li>\n\n\n\n<li><strong>Construye una narrativa clara y coherente<\/strong><br>Las redes no solo amplifican, tambi\u00e9n simplifican. Por eso es fundamental que tu narrativa sea comprensible y est\u00e9 alineada con los valores de la instituci\u00f3n.<\/li>\n\n\n\n<li><strong>No temas la cr\u00edtica, aprende de ella<\/strong><br>Las redes permiten medir el pulso ciudadano. Aprovecha ese feedback para mejorar la gesti\u00f3n y anticipar crisis.<\/li>\n\n\n\n<li><strong>Forma a tu equipo<\/strong><br>No basta con saber usar herramientas. Hay que entender el entorno, los riesgos legales, los c\u00f3digos de lenguaje y el rol de lo p\u00fablico en un ecosistema digital.<\/li>\n\n\n\n<li><strong>Eval\u00faa y ajusta<\/strong><br>Como cualquier pol\u00edtica p\u00fablica, la comunicaci\u00f3n tambi\u00e9n se eval\u00faa. Usa m\u00e9tricas cualitativas y cuantitativas para valorar el impacto real de tu presencia digital.<\/li>\n<\/ol>\n\n\n\n<figure class=\"wp-block-image size-full\"><img loading=\"lazy\" decoding=\"async\" width=\"2500\" height=\"1306\" src=\"https:\/\/ramonramon.org\/blog\/wp-content\/uploads\/2025\/05\/era-RRSS_3.jpg\" alt=\"Recomendaciones para una estrategia institucional efectiva en redes\" class=\"wp-image-35229\" srcset=\"https:\/\/ramonramon.org\/blog\/wp-content\/uploads\/2025\/05\/era-RRSS_3.jpg 2500w, https:\/\/ramonramon.org\/blog\/wp-content\/uploads\/2025\/05\/era-RRSS_3-250x131.jpg 250w, https:\/\/ramonramon.org\/blog\/wp-content\/uploads\/2025\/05\/era-RRSS_3-1536x802.jpg 1536w, https:\/\/ramonramon.org\/blog\/wp-content\/uploads\/2025\/05\/era-RRSS_3-2048x1070.jpg 2048w\" sizes=\"auto, (max-width: 2500px) 100vw, 2500px\" \/><\/figure>\n\n\n\n<h3 class=\"wp-block-heading\"><\/h3>\n\n\n\n<p>La comunicaci\u00f3n institucional en redes sociales no es una moda ni una opci\u00f3n secundaria. Es un espacio clave de interacci\u00f3n con la ciudadan\u00eda, de legitimaci\u00f3n del poder p\u00fablico y de construcci\u00f3n de comunidad democr\u00e1tica. No se trata de adaptarse por moda, sino por responsabilidad.<\/p>\n\n\n\n<p>Una buena estrategia digital permite a las instituciones ser m\u00e1s transparentes, accesibles y \u00fatiles. Pero solo si se gestiona con profesionalismo, escucha activa y visi\u00f3n a largo plazo.<\/p>\n\n\n\n<p>\u00bfQuieres que te ayude a revisar o dise\u00f1ar la estrategia digital de tu instituci\u00f3n o campa\u00f1a?<br>Cont\u00e1ctame y trabajemos juntos en una comunicaci\u00f3n m\u00e1s \u00fatil, \u00e9tica y efectiva.<\/p>\n","protected":false},"excerpt":{"rendered":"<p>Las redes sociales han transformado la comunicaci\u00f3n institucional, exigiendo di\u00e1logo, escucha activa y una narrativa coherente. Ya no basta con informar: las instituciones deben construir comunidad, gestionar la cr\u00edtica y profesionalizar su presencia digital para mantener legitimidad y confianza ciudadana en un entorno din\u00e1mico y desafiante.<\/p>\n","protected":false},"author":2070,"featured_media":35231,"comment_status":"open","ping_status":"open","sticky":false,"template":"","format":"standard","meta":{"neve_meta_sidebar":"","neve_meta_container":"","neve_meta_enable_content_width":"","neve_meta_content_width":0,"neve_meta_title_alignment":"","neve_meta_author_avatar":"","neve_post_elements_order":"","neve_meta_disable_header":"","neve_meta_disable_footer":"","neve_meta_disable_title":"","footnotes":""},"categories":[2008],"tags":[5231,4477,4683,5234,5233,4562,5229,2826,2001],"class_list":["post-35193","post","type-post","status-publish","format-standard","has-post-thumbnail","hentry","category-comunicacion","tag-comunicacion-institucional","tag-comunidad","tag-confianza-ciudadana","tag-dialogo","tag-escucha-activa","tag-estrategia-digital","tag-gestion-publica","tag-narrativa","tag-redes-sociales"],"aioseo_notices":[],"_links":{"self":[{"href":"https:\/\/ramonramon.org\/blog\/wp-json\/wp\/v2\/posts\/35193","targetHints":{"allow":["GET"]}}],"collection":[{"href":"https:\/\/ramonramon.org\/blog\/wp-json\/wp\/v2\/posts"}],"about":[{"href":"https:\/\/ramonramon.org\/blog\/wp-json\/wp\/v2\/types\/post"}],"author":[{"embeddable":true,"href":"https:\/\/ramonramon.org\/blog\/wp-json\/wp\/v2\/users\/2070"}],"replies":[{"embeddable":true,"href":"https:\/\/ramonramon.org\/blog\/wp-json\/wp\/v2\/comments?post=35193"}],"version-history":[{"count":0,"href":"https:\/\/ramonramon.org\/blog\/wp-json\/wp\/v2\/posts\/35193\/revisions"}],"wp:featuredmedia":[{"embeddable":true,"href":"https:\/\/ramonramon.org\/blog\/wp-json\/wp\/v2\/media\/35231"}],"wp:attachment":[{"href":"https:\/\/ramonramon.org\/blog\/wp-json\/wp\/v2\/media?parent=35193"}],"wp:term":[{"taxonomy":"category","embeddable":true,"href":"https:\/\/ramonramon.org\/blog\/wp-json\/wp\/v2\/categories?post=35193"},{"taxonomy":"post_tag","embeddable":true,"href":"https:\/\/ramonramon.org\/blog\/wp-json\/wp\/v2\/tags?post=35193"}],"curies":[{"name":"wp","href":"https:\/\/api.w.org\/{rel}","templated":true}]}}