{"id":35160,"date":"2025-07-11T12:00:45","date_gmt":"2025-07-11T10:00:45","guid":{"rendered":"https:\/\/ramonramon.org\/blog\/?p=35160"},"modified":"2025-06-22T12:06:26","modified_gmt":"2025-06-22T10:06:26","slug":"como-actuar-en-las-primeras-24-horas-de-una-crisis-politica","status":"publish","type":"post","link":"https:\/\/ramonramon.org\/blog\/2025\/07\/11\/como-actuar-en-las-primeras-24-horas-de-una-crisis-politica\/","title":{"rendered":"C\u00f3mo actuar en las primeras 24 horas de una crisis pol\u00edtica"},"content":{"rendered":"\n<h2 class=\"wp-block-heading\">Las 24 Horas Decisivas: C\u00f3mo Gestionar una Crisis Pol\u00edtica con \u00c9xito<br><\/h2>\n\n\n\n<p>En pol\u00edtica, <a href=\"https:\/\/ramonramon.org\/blog\/?s=crisis\" title=\"las crisis no avisan\">las crisis no avisan<\/a>. Un error de comunicaci\u00f3n, una filtraci\u00f3n inesperada o una declaraci\u00f3n desafortunada pueden desencadenar una tormenta medi\u00e1tica en cuesti\u00f3n de minutos. <strong>Las primeras 24 horas son cruciales<\/strong>: lo que se haga (o no se haga) en ese periodo puede determinar el desenlace de la situaci\u00f3n.<\/p>\n\n\n\n<figure class=\"wp-block-image size-full\"><img loading=\"lazy\" decoding=\"async\" width=\"2500\" height=\"1306\" src=\"https:\/\/ramonramon.org\/blog\/wp-content\/uploads\/2025\/05\/24-horas_2.jpg\" alt=\"C\u00f3mo actuar en las primeras 24 horas de una crisis pol\u00edtica\" class=\"wp-image-35203\" srcset=\"https:\/\/ramonramon.org\/blog\/wp-content\/uploads\/2025\/05\/24-horas_2.jpg 2500w, https:\/\/ramonramon.org\/blog\/wp-content\/uploads\/2025\/05\/24-horas_2-250x131.jpg 250w, https:\/\/ramonramon.org\/blog\/wp-content\/uploads\/2025\/05\/24-horas_2-1536x802.jpg 1536w, https:\/\/ramonramon.org\/blog\/wp-content\/uploads\/2025\/05\/24-horas_2-2048x1070.jpg 2048w\" sizes=\"auto, (max-width: 2500px) 100vw, 2500px\" \/><\/figure>\n\n\n\n<h3 class=\"wp-block-heading\">1. <strong>Reconocer la crisis sin demora<\/strong><\/h3>\n\n\n\n<p>Negar o minimizar una crisis solo agrava el problema. Es fundamental reconocer la situaci\u00f3n de inmediato y actuar con transparencia. En el art\u00edculo <a href=\"https:\/\/ramonramon.org\/blog\/2025\/02\/03\/como-superar-una-crisis-de-reputacion-en-el-ambito-politico-5-consejos-practicos\/\">C\u00f3mo superar una crisis de reputaci\u00f3n en el \u00e1mbito pol\u00edtico<\/a>, se destacan estrategias para afrontar estos desaf\u00edos con eficacia.<\/p>\n\n\n\n<h3 class=\"wp-block-heading\">2. <strong>Designar un portavoz claro y capacitado<\/strong><\/h3>\n\n\n\n<p>La elecci\u00f3n del portavoz es cr\u00edtica. Debe ser una persona que transmita confianza y est\u00e9 bien informada. En <a href=\"https:\/\/ramonramon.org\/blog\/2020\/06\/05\/la-eleccion-del-vocero-en-crisis\/\">La elecci\u00f3n del vocero en una crisis de gobierno<\/a>, se analizan las claves para seleccionar al portavoz adecuado en momentos de crisis.<\/p>\n\n\n\n<h3 class=\"wp-block-heading\">3. <strong>Controlar el mensaje y evitar la improvisaci\u00f3n<\/strong><\/h3>\n\n\n\n<p>Es esencial establecer una narrativa coherente y evitar contradicciones. La improvisaci\u00f3n puede ser perjudicial. El art\u00edculo <a href=\"https:\/\/ramonramon.org\/blog\/2025\/05\/03\/los-4-errores-que-hunden-a-un-lider-en-plena-crisis\/\">Los 4 errores que hunden a un l\u00edder en plena crisis<\/a> ofrece una visi\u00f3n detallada de los errores comunes que deben evitarse.<\/p>\n\n\n\n<h3 class=\"wp-block-heading\">4. <strong>Monitorear y responder en tiempo real<\/strong><\/h3>\n\n\n\n<p>La vigilancia constante de medios y redes sociales permite detectar y responder r\u00e1pidamente a rumores o informaci\u00f3n err\u00f3nea. En <a href=\"https:\/\/ramonramon.org\/blog\/2024\/02\/06\/tacticas-de-comunicacion-en-crisis-politica-claves-para-campanas-electorales\/\">Comunicaci\u00f3n en Crisis: Claves para Campa\u00f1as Electorales<\/a>, se discuten t\u00e1cticas efectivas para gestionar la comunicaci\u00f3n durante situaciones cr\u00edticas.<\/p>\n\n\n\n<h3 class=\"wp-block-heading\">5. <strong>Aprender de experiencias pasadas<\/strong><\/h3>\n\n\n\n<p>Analizar casos anteriores proporciona lecciones valiosas. En <a href=\"https:\/\/ramonramon.org\/blog\/2025\/03\/18\/crisis-de-reputacion-que-podemos-aprender-del-caso-de-karla-sofia-gascon-aplicaciones-en-crisis-politicas\/\">Crisis reputacional: caso Karla Sof\u00eda Gasc\u00f3n<\/a>, se examina c\u00f3mo una crisis de reputaci\u00f3n puede ser manejada y las ense\u00f1anzas que deja para futuras situaciones.<\/p>\n\n\n\n<p><strong>Las primeras 24 horas de una crisis pol\u00edtica son determinantes<\/strong>. Actuar con rapidez, transparencia y estrategia puede marcar la diferencia entre una recuperaci\u00f3n exitosa y un da\u00f1o irreparable. La preparaci\u00f3n y el aprendizaje continuo son aliados indispensables en la gesti\u00f3n de crisis.  Te reitero tambi\u00e9n algo que suelo compartir en mis talleres de comunicaci\u00f3n y crisis, \u00bfes un conflicto lo mismo que una crisis? \u00bfEstamos midiendo si realmente es una crisis, un conflicto o un simple da\u00f1o coyuntural? Para ello y como \u00faltima recomendaci\u00f3n de este post, <a href=\"https:\/\/ramonramon.org\/blog\/2020\/01\/31\/como-afrontar-una-crisis-de-reputacion\/\" title=\"los 6 pasos para afrontar una crisis de reputaci\u00f3n\">los 6 pasos para afrontar una crisis de reputaci\u00f3n<\/a>.<\/p>\n\n\n\n<figure class=\"wp-block-image size-large\"><img decoding=\"async\" src=\"https:\/\/www.ramonramon.org\/blog\/wp-content\/uploads\/PROTOCOLO_crisis_comunicacio-scaled.png\" alt=\"como afrontar una crisis\"\/><\/figure>\n\n\n\n<p><em>\u00bfTe gustar\u00eda fortalecer la capacidad de respuesta de tu equipo ante crisis pol\u00edticas? Cont\u00e1ctame y trabajemos juntos en una estrategia efectiva y\/o una formaci\u00f3n espec\u00edfica en gesti\u00f3n de crisis y comunicaci\u00f3n.<\/em><\/p>\n","protected":false},"excerpt":{"rendered":"<p>Las primeras 24 horas de una crisis pol\u00edtica son decisivas. Reconocer el problema, designar un portavoz, controlar el mensaje y aprender de experiencias previas permite gestionar la situaci\u00f3n con eficacia y evitar da\u00f1os irreparables. La preparaci\u00f3n y la respuesta estrat\u00e9gica son claves en la gesti\u00f3n de crisis.<\/p>\n","protected":false},"author":2070,"featured_media":35204,"comment_status":"open","ping_status":"open","sticky":false,"template":"","format":"standard","meta":{"neve_meta_sidebar":"","neve_meta_container":"","neve_meta_enable_content_width":"","neve_meta_content_width":0,"neve_meta_title_alignment":"","neve_meta_author_avatar":"","neve_post_elements_order":"","neve_meta_disable_header":"","neve_meta_disable_footer":"","neve_meta_disable_title":"","footnotes":""},"categories":[2008,8],"tags":[5219,3977,3978,3774],"class_list":["post-35160","post","type-post","status-publish","format-standard","has-post-thumbnail","hentry","category-comunicacion","category-elecciones","tag-comunicacion-en-crisis","tag-crisis-politica","tag-gestion-de-crisis","tag-reputacion"],"aioseo_notices":[],"_links":{"self":[{"href":"https:\/\/ramonramon.org\/blog\/wp-json\/wp\/v2\/posts\/35160","targetHints":{"allow":["GET"]}}],"collection":[{"href":"https:\/\/ramonramon.org\/blog\/wp-json\/wp\/v2\/posts"}],"about":[{"href":"https:\/\/ramonramon.org\/blog\/wp-json\/wp\/v2\/types\/post"}],"author":[{"embeddable":true,"href":"https:\/\/ramonramon.org\/blog\/wp-json\/wp\/v2\/users\/2070"}],"replies":[{"embeddable":true,"href":"https:\/\/ramonramon.org\/blog\/wp-json\/wp\/v2\/comments?post=35160"}],"version-history":[{"count":0,"href":"https:\/\/ramonramon.org\/blog\/wp-json\/wp\/v2\/posts\/35160\/revisions"}],"wp:featuredmedia":[{"embeddable":true,"href":"https:\/\/ramonramon.org\/blog\/wp-json\/wp\/v2\/media\/35204"}],"wp:attachment":[{"href":"https:\/\/ramonramon.org\/blog\/wp-json\/wp\/v2\/media?parent=35160"}],"wp:term":[{"taxonomy":"category","embeddable":true,"href":"https:\/\/ramonramon.org\/blog\/wp-json\/wp\/v2\/categories?post=35160"},{"taxonomy":"post_tag","embeddable":true,"href":"https:\/\/ramonramon.org\/blog\/wp-json\/wp\/v2\/tags?post=35160"}],"curies":[{"name":"wp","href":"https:\/\/api.w.org\/{rel}","templated":true}]}}