{"id":34968,"date":"2025-04-07T19:46:22","date_gmt":"2025-04-07T17:46:22","guid":{"rendered":"https:\/\/ramonramon.org\/blog\/?p=34968"},"modified":"2025-04-07T19:49:28","modified_gmt":"2025-04-07T17:49:28","slug":"aitor-esteban-el-arte-de-convencer-sin-gritar","status":"publish","type":"post","link":"https:\/\/ramonramon.org\/blog\/2025\/04\/07\/aitor-esteban-el-arte-de-convencer-sin-gritar\/","title":{"rendered":"Aitor Esteban, el arte de convencer sin gritar"},"content":{"rendered":"\n<h2 class=\"wp-block-heading\"><br>La voz templada del nacionalismo vasco<\/h2>\n\n\n<div class=\"wp-block-image\">\n<figure class=\"alignright size-full is-resized\"><img loading=\"lazy\" decoding=\"async\" width=\"1042\" height=\"669\" src=\"https:\/\/ramonramon.org\/blog\/wp-content\/uploads\/2025\/04\/aitor-esteban_1.jpg\" alt=\"Aitor Esteban, el arte de convencer sin gritar\" class=\"wp-image-34972\" style=\"width:355px;height:auto\" srcset=\"https:\/\/ramonramon.org\/blog\/wp-content\/uploads\/2025\/04\/aitor-esteban_1.jpg 1042w, https:\/\/ramonramon.org\/blog\/wp-content\/uploads\/2025\/04\/aitor-esteban_1-220x141.jpg 220w\" sizes=\"auto, (max-width: 1042px) 100vw, 1042px\" \/><\/figure>\n<\/div>\n\n\n<p>Encontramos oradores que suben a la tribuna parlamentaria como quien entra en misa, con la solemnidad impostada del que se cree heredero de un p\u00falpito moral. Y luego est\u00e1 Aitor Esteban, que siempre habl\u00f3 como quien se sienta en la barra de un bar a poner orden en una conversaci\u00f3n con demasiados altavoces, pero sin olvidar que la correcci\u00f3n y el decoro son exigencias democr\u00e1ticas y reglamentarias. <\/p>\n\n\n\n<p>Esta semana se ha despedido del Congreso de los Diputados de Espa\u00f1a con el aplauso sincero \u2014y poco habitual\u2014 de la mayor\u00eda de la C\u00e1mara. No creo que Esteban esperara el refrendo un\u00e1nime, porque su prudencia y visi\u00f3n pol\u00edtica no han beneficiado a todos por igual. El l\u00edder conservador del Partido Popular, Alberto N\u00fa\u00f1ez Feij\u00f3o, no le perdona que le negara los votos nacionalistas para su investidura, cuando ya ten\u00eda cerrado el pacto con la ultraderecha.<\/p>\n\n\n\n<p>Nacido en Bilbao en 1962, doctor en Derecho, profesor universitario antes que pol\u00edtico, Aitor Esteban ha sido durante m\u00e1s de una d\u00e9cada el portavoz del PNV en Madrid, es decir, del pragmatismo pol\u00edtico en esencia, una demostraci\u00f3n de que el fin no justifica los medios. Su voz, templada y socarrona, se convirti\u00f3 en una rara forma de inteligencia emocional en el hemiciclo, un term\u00f3metro del estado de la Naci\u00f3n. \u201cNo somos un partido de obediencia ciega\u201d, dijo una vez. \u201cNo somos floreros\u201d, sentenci\u00f3 en otra. Frases que ya circulan en manuales de ret\u00f3rica parlamentaria por su capacidad de decir mucho con pocas palabras.<\/p>\n\n\n\n<p>Su estilo no buscaba titulares, sino silencios. El de la propia C\u00e1mara. El silencio del auditorio es el principal indicador del \u00e9xito de un parlamentario o parlamentaria. Quien logra que le presten atenci\u00f3n, quien disfruta del derecho de ser escuchado \u2014del que se lamentaba Michael Ignatieff\u2014 ha ganado la mitad del partido ret\u00f3rico.<\/p>\n\n\n\n<p>Cuando el pol\u00edtico vasco replicaba con un simple \u201chombre\u2026\u201d cargado de sorna, dejaba claro que tambi\u00e9n se puede persuadir sin elevar la voz. En su despedida no hubo estridencias, solo un tono c\u00e1lido, ir\u00f3nico, elegante. Seguir\u00e1 siendo el interlocutor del nacionalismo vasco con las c\u00fapulas capitalinas, ahora como presidente del PNV, un partido-sociedad en el Pa\u00eds Vasco, acuciado en las urnas por el nacionalismo feminista, ecologista y renovado de Bildu, que ha soltado amarras de su pasado. En Euskadi, su vinculaci\u00f3n con la violencia abertzale ha sido olvidada por parte de la sociedad que precisamente la sufri\u00f3, sobre todo entre los j\u00f3venes.<\/p>\n\n\n<div class=\"wp-block-image\">\n<figure class=\"aligncenter size-large is-resized\"><img loading=\"lazy\" decoding=\"async\" width=\"1200\" height=\"675\" src=\"https:\/\/ramonramon.org\/blog\/wp-content\/uploads\/2025\/04\/aitor-esteban_2-1200x675.jpg\" alt=\"Aitor Esteban, el arte de convencer sin gritar\" class=\"wp-image-34971\" style=\"width:518px;height:auto\" srcset=\"https:\/\/ramonramon.org\/blog\/wp-content\/uploads\/2025\/04\/aitor-esteban_2-1200x675.jpg 1200w, https:\/\/ramonramon.org\/blog\/wp-content\/uploads\/2025\/04\/aitor-esteban_2-850x478.jpg 850w\" sizes=\"auto, (max-width: 1200px) 100vw, 1200px\" \/><\/figure>\n<\/div>\n\n\n<p>El reto de Aitor Esteban es renovar una organizaci\u00f3n con 130 a\u00f1os de historia y una sala de m\u00e1quinas que ya la quisieran otras formaciones pol\u00edticas centenarias.<\/p>\n\n\n\n<p>Como quien sabe que la historia no la escriben los que gritan m\u00e1s, sino los que saben hablar cuando toca, Esteban se ha ganado un lugar en la historia parlamentaria espa\u00f1ola.<\/p>\n","protected":false},"excerpt":{"rendered":"<p>Aitor Esteban se despide del Congreso con la elegancia de siempre: sin estridencias, con iron\u00eda templada y respeto al decoro. Su estilo, m\u00e1s de barra de bar que de p\u00falpito, deja una huella de inteligencia emocional y pol\u00edtica serena en una C\u00e1mara poco dada al silencio.<\/p>\n","protected":false},"author":2070,"featured_media":34972,"comment_status":"open","ping_status":"open","sticky":false,"template":"","format":"standard","meta":{"neve_meta_sidebar":"","neve_meta_container":"","neve_meta_enable_content_width":"","neve_meta_content_width":0,"neve_meta_title_alignment":"","neve_meta_author_avatar":"","neve_post_elements_order":"","neve_meta_disable_header":"","neve_meta_disable_footer":"","neve_meta_disable_title":"","footnotes":""},"categories":[2008],"tags":[5063,1806,5069,5050,4948,5051,4636,5054,5053,2983,3021],"class_list":["post-34968","post","type-post","status-publish","format-standard","has-post-thumbnail","hentry","category-comunicacion","tag-aitor-esteban-es","tag-comunicacion-politica","tag-congreso-es","tag-despedida","tag-discurso-politico","tag-elegancia-parlamentaria","tag-liderazgo-politico","tag-nacionalismo-vasco","tag-pnv","tag-politica-espanola","tag-retorica"],"aioseo_notices":[],"_links":{"self":[{"href":"https:\/\/ramonramon.org\/blog\/wp-json\/wp\/v2\/posts\/34968","targetHints":{"allow":["GET"]}}],"collection":[{"href":"https:\/\/ramonramon.org\/blog\/wp-json\/wp\/v2\/posts"}],"about":[{"href":"https:\/\/ramonramon.org\/blog\/wp-json\/wp\/v2\/types\/post"}],"author":[{"embeddable":true,"href":"https:\/\/ramonramon.org\/blog\/wp-json\/wp\/v2\/users\/2070"}],"replies":[{"embeddable":true,"href":"https:\/\/ramonramon.org\/blog\/wp-json\/wp\/v2\/comments?post=34968"}],"version-history":[{"count":0,"href":"https:\/\/ramonramon.org\/blog\/wp-json\/wp\/v2\/posts\/34968\/revisions"}],"wp:featuredmedia":[{"embeddable":true,"href":"https:\/\/ramonramon.org\/blog\/wp-json\/wp\/v2\/media\/34972"}],"wp:attachment":[{"href":"https:\/\/ramonramon.org\/blog\/wp-json\/wp\/v2\/media?parent=34968"}],"wp:term":[{"taxonomy":"category","embeddable":true,"href":"https:\/\/ramonramon.org\/blog\/wp-json\/wp\/v2\/categories?post=34968"},{"taxonomy":"post_tag","embeddable":true,"href":"https:\/\/ramonramon.org\/blog\/wp-json\/wp\/v2\/tags?post=34968"}],"curies":[{"name":"wp","href":"https:\/\/api.w.org\/{rel}","templated":true}]}}